{"id":22620,"date":"2025-04-12T09:12:07","date_gmt":"2025-04-12T13:12:07","guid":{"rendered":"https:\/\/noticiasveraces.com\/?p=22620"},"modified":"2025-04-12T09:12:07","modified_gmt":"2025-04-12T13:12:07","slug":"israel-ampliara-su-ofensiva-a-la-mayor-parte-de-gaza-dw-12-04-2025","status":"publish","type":"post","link":"https:\/\/noticiasveraces.com\/?p=22620","title":{"rendered":"Israel ampliar\u00e1 su ofensiva \u00aba la mayor parte de Gaza\u00bb \u2013 DW \u2013 12\/04\/2025"},"content":{"rendered":"<p> \n<\/p>\n<div>\n<p>El ministro israel\u00ed de Defensa, Israel Katz, anunci\u00f3 este s\u00e1bado (12.04.2025) que el ej\u00e9rcito planea ampliar su actual ofensiva en gran parte de la Franja de Gaza e inst\u00f3 a los habitantes a evacuar las zonas de combate del territorio palestino.<\/p>\n<p>\u00abPronto las operaciones de las FDI (ej\u00e9rcito de Israel) se intensificar\u00e1n y se expandir\u00e1n a otras \u00e1reas en la mayor parte de Gaza, y deber\u00e1n evacuar las zonas de combate\u00bb, declar\u00f3 en un comunicado dirigido a los gazat\u00edes.<\/p>\n<p>En el documento, el ministro tambi\u00e9n anunci\u00f3 que las tropas israel\u00edes concluyeron la toma de un corredor en la parte sur del territorio.<\/p>\n<p>\u00abEl ej\u00e9rcito complet\u00f3 la toma del Eje Morag, que atraviesa Gaza entre (las \u00e1reas sure\u00f1as de) Rafah y Jan Yunis, e incorpor\u00f3 toda la zona entre Morag y el Corredor de Filadelfia (fronterizo con Egipto) a la zona de seguridad israel\u00ed\u00bb, precis\u00f3 Katz.<\/p>\n<p>Esta zona, ubicada entre el Corredor de Filadelfia al sur y el Eje Morag al norte, albergaba a m\u00e1s de 200.000 palestinos antes del conflicto, reducidos a un par de centenares tras la destrucci\u00f3n generalizada causada por el ej\u00e9rcito israel\u00ed.<\/p>\n<p>Katz agreg\u00f3 que el ej\u00e9rcito est\u00e1 expulsando a la poblaci\u00f3n de la urbe de Beit Hanoun y de otros barrios del norte a fin de \u00abocupar\u00bb la zona y ampliar el \u00e1rea militar del Corredor Netzarim, que atraviesa el centro de Gaza.<\/p>\n<p>RR (AFP\/Times of Israel\/Efe\/DPA)<\/p>\n<\/div>\n\n","protected":false},"excerpt":{"rendered":"<p>El ministro israel\u00ed de Defensa, Israel Katz, anunci\u00f3 este s\u00e1bado (12.04.2025) que el ej\u00e9rcito planea ampliar su actual ofensiva en gran parte de la Franja de Gaza e inst\u00f3 a los habitantes a evacuar las zonas de combate del territorio palestino. \u00abPronto las operaciones de las FDI (ej\u00e9rcito de Israel) se intensificar\u00e1n y se expandir\u00e1n &hellip;<\/p>\n","protected":false},"author":1,"featured_media":22621,"comment_status":"open","ping_status":"open","sticky":false,"template":"","format":"standard","meta":{"fifu_image_url":"https:\/\/static.dw.com\/image\/71198358_6.jpg","fifu_image_alt":"","footnotes":""},"categories":[13],"tags":[],"class_list":["post-22620","post","type-post","status-publish","format-standard","has-post-thumbnail","","category-mundo"],"_links":{"self":[{"href":"https:\/\/noticiasveraces.com\/index.php?rest_route=\/wp\/v2\/posts\/22620","targetHints":{"allow":["GET"]}}],"collection":[{"href":"https:\/\/noticiasveraces.com\/index.php?rest_route=\/wp\/v2\/posts"}],"about":[{"href":"https:\/\/noticiasveraces.com\/index.php?rest_route=\/wp\/v2\/types\/post"}],"author":[{"embeddable":true,"href":"https:\/\/noticiasveraces.com\/index.php?rest_route=\/wp\/v2\/users\/1"}],"replies":[{"embeddable":true,"href":"https:\/\/noticiasveraces.com\/index.php?rest_route=%2Fwp%2Fv2%2Fcomments&post=22620"}],"version-history":[{"count":0,"href":"https:\/\/noticiasveraces.com\/index.php?rest_route=\/wp\/v2\/posts\/22620\/revisions"}],"wp:featuredmedia":[{"embeddable":true,"href":"https:\/\/noticiasveraces.com\/index.php?rest_route=\/wp\/v2\/media\/22621"}],"wp:attachment":[{"href":"https:\/\/noticiasveraces.com\/index.php?rest_route=%2Fwp%2Fv2%2Fmedia&parent=22620"}],"wp:term":[{"taxonomy":"category","embeddable":true,"href":"https:\/\/noticiasveraces.com\/index.php?rest_route=%2Fwp%2Fv2%2Fcategories&post=22620"},{"taxonomy":"post_tag","embeddable":true,"href":"https:\/\/noticiasveraces.com\/index.php?rest_route=%2Fwp%2Fv2%2Ftags&post=22620"}],"curies":[{"name":"wp","href":"https:\/\/api.w.org\/{rel}","templated":true}]}}