{"id":22617,"date":"2025-04-12T08:43:21","date_gmt":"2025-04-12T12:43:21","guid":{"rendered":"https:\/\/noticiasveraces.com\/?p=22617"},"modified":"2025-04-12T08:43:21","modified_gmt":"2025-04-12T12:43:21","slug":"video-escalofriantes-imagenes-de-la-pelea-entre-hinchas-de-atletico-nacional-en-brasil-curiosidades-de-futbol","status":"publish","type":"post","link":"https:\/\/noticiasveraces.com\/?p=22617","title":{"rendered":"Video: escalofriantes imagenes de la pelea entre hinchas de Atl\u00e9tico Nacional en Brasil | Curiosidades de f\u00fatbol"},"content":{"rendered":"<p> \n<br \/><img decoding=\"async\" src=\"https:\/\/www.futbolred.com\/files\/article_graphic\/files\/crop\/uploads\/2024\/12\/22\/6768c2a19dcd2.r_1336471.0-207-950-682.jpeg\" \/><\/p>\n<div id=\"cuerpoArticulo\">\n<p class=\"texto intro\" id=\"p241926-m600-599-601\">Atl\u00e9tico Nacional visit\u00f3 Porto Alegre para enfrentar a Internacional en la segunda fecha de la Copa Libertadores y como era de esperarse, cientos de aficionados &#8216;verdolagas&#8217; acudieron a territorio brasile\u00f1o para acompa\u00f1ar a su equipo. <\/p>\n<p>Sin embargo, al t\u00e9rmino del compromiso que dej\u00f3 como ganador al local 3-0, se presentaron hechos de violencia, al parecer, entre los mismos hinchas de Nacional, dejando una persona fallecida, seg\u00fan la informaci\u00f3n preliminar. <\/p>\n<p>De acuerdo a Globo Esporte, el hombre habr\u00eda sufrido varias pu\u00f1aladas y ante la gravedad de las heridas, perdi\u00f3 la vida a los 27 a\u00f1os de edad. <\/p>\n<p class=\"texto contenido-parrafo-articulo\" id=\"p241926-m663-3-664\">As\u00ed mismo, la persona que habr\u00eda cometido el asesinato, ya estar\u00eda bajo la custodia de las autoridades locales. <\/p>\n<p>\u00abEl aficionado ingres\u00f3 a dos establecimientos comerciales para evitar ser sorprendido por quienes lo persegu\u00edan, pero al final fue golpeado y apu\u00f1alado\u00bb, inform\u00f3 el diario Bolavip. <\/p>\n<p>La v\u00edctima fatal fue identificada como Alejandro Lopera Zuluaga, quien alcanz\u00f3 a ser trasladado a un centro hospitalario donde arrib\u00f3 ya sin signos vitales. <\/p>\n<p>A trav\u00e9s de las redes sociales, se han conocido diferentes videos que muestran los momentos de p\u00e1nico que se vivieron en inmediaciones del estadio Beira-Rio. <\/p>\n<p>Por ahora, las investigaciones avanzan para determinar las causas y si existen m\u00e1s personas involucradas en la muerte del aficionado colombiano. <\/p>\n<p>                                                    <span class=\"articulo-subtitulo subtitulo2 espacio-contenido\" id=\"p241926-m669-4-670\">Vea los videos de la pelea entre hinchas de Nacional en Brasil<\/span><\/p>\n<div id=\"p241926-m681-6-682\" class=\"\">\n<blockquote class=\"twitter-tweet\" data-media-max-width=\"560\">\n<p lang=\"pt\" dir=\"ltr\">Video | Las im\u00e1genes obtenidas por el registro muestran Alejandro Lopera Zuluaga herido poco despu\u00e9s de ser apu\u00f1alado en una pelea generalizada entre los fan\u00e1ticos nacionales del Atl\u00e9tico en Cidade Baixa, en Porto Alegre. <\/p>\n<p>\u27a1\ufe0f El crimen ocurri\u00f3 durante las primeras horas del viernes, horas despu\u00e9s &#8230; <a href=\"https:\/\/t.co\/zaeleLp4o4\">pic.twitter.com\/zaelelp4o4<\/a><\/p>\n<p>&#8211; People Mail (@correio_dopovo) <a href=\"https:\/\/twitter.com\/correio_dopovo\/status\/1910711921101111747?ref_src=twsrc%5Etfw\">11 de abril de 2025<\/a><\/p><\/blockquote><\/div>\n<\/p><\/div>\n<p><script async src=\"https:\/\/platform.twitter.com\/widgets.js\" charset=\"utf-8\"><\/script><br \/>\n<br \/>\n","protected":false},"excerpt":{"rendered":"<p>Atl\u00e9tico Nacional visit\u00f3 Porto Alegre para enfrentar a Internacional en la segunda fecha de la Copa Libertadores y como era de esperarse, cientos de aficionados &#8216;verdolagas&#8217; acudieron a territorio brasile\u00f1o para acompa\u00f1ar a su equipo. Sin embargo, al t\u00e9rmino del compromiso que dej\u00f3 como ganador al local 3-0, se presentaron hechos de violencia, al parecer, &hellip;<\/p>\n","protected":false},"author":1,"featured_media":22619,"comment_status":"open","ping_status":"open","sticky":false,"template":"","format":"standard","meta":{"fifu_image_url":"https:\/\/www.futbolred.com\/files\/og_thumbnail\/uploads\/2024\/12\/22\/6768c2a19dcd2.jpeg","fifu_image_alt":"","footnotes":""},"categories":[6],"tags":[],"class_list":["post-22617","post","type-post","status-publish","format-standard","has-post-thumbnail","","category-deportes"],"_links":{"self":[{"href":"https:\/\/noticiasveraces.com\/index.php?rest_route=\/wp\/v2\/posts\/22617","targetHints":{"allow":["GET"]}}],"collection":[{"href":"https:\/\/noticiasveraces.com\/index.php?rest_route=\/wp\/v2\/posts"}],"about":[{"href":"https:\/\/noticiasveraces.com\/index.php?rest_route=\/wp\/v2\/types\/post"}],"author":[{"embeddable":true,"href":"https:\/\/noticiasveraces.com\/index.php?rest_route=\/wp\/v2\/users\/1"}],"replies":[{"embeddable":true,"href":"https:\/\/noticiasveraces.com\/index.php?rest_route=%2Fwp%2Fv2%2Fcomments&post=22617"}],"version-history":[{"count":0,"href":"https:\/\/noticiasveraces.com\/index.php?rest_route=\/wp\/v2\/posts\/22617\/revisions"}],"wp:featuredmedia":[{"embeddable":true,"href":"https:\/\/noticiasveraces.com\/index.php?rest_route=\/wp\/v2\/media\/22619"}],"wp:attachment":[{"href":"https:\/\/noticiasveraces.com\/index.php?rest_route=%2Fwp%2Fv2%2Fmedia&parent=22617"}],"wp:term":[{"taxonomy":"category","embeddable":true,"href":"https:\/\/noticiasveraces.com\/index.php?rest_route=%2Fwp%2Fv2%2Fcategories&post=22617"},{"taxonomy":"post_tag","embeddable":true,"href":"https:\/\/noticiasveraces.com\/index.php?rest_route=%2Fwp%2Fv2%2Ftags&post=22617"}],"curies":[{"name":"wp","href":"https:\/\/api.w.org\/{rel}","templated":true}]}}