{"id":22615,"date":"2025-04-12T08:31:04","date_gmt":"2025-04-12T12:31:04","guid":{"rendered":"https:\/\/noticiasveraces.com\/?p=22615"},"modified":"2025-04-12T08:31:04","modified_gmt":"2025-04-12T12:31:04","slug":"big-tech-se-acerco-a-trump-no-se-esta-volviendo-mucho-a-cambio","status":"publish","type":"post","link":"https:\/\/noticiasveraces.com\/?p=22615","title":{"rendered":"Big Tech se acerc\u00f3 a Trump: no se est\u00e1 volviendo mucho a cambio"},"content":{"rendered":"<p> \n<\/p>\n<div>\n<p class=\"duet--article--dangerously-set-cms-markup duet--article--standard-paragraph _1ymtmqpi _17nnmdy1 _17nnmdy0 _1xwtict1\">Durante un tiempo, parec\u00eda que el presidente Donald Trump iba a tener la espalda de Big Tech.<\/p>\n<\/div>\n<div>\n<p class=\"duet--article--dangerously-set-cms-markup duet--article--standard-paragraph _1ymtmqpi _17nnmdy1 _17nnmdy0 _1xwtict1\">Ahora, la industria tecnol\u00f3gica es da\u00f1os colaterales en su guerra comercial global.<\/p>\n<\/div>\n<div>\n<p class=\"duet--article--dangerously-set-cms-markup duet--article--standard-paragraph _1ymtmqpi _17nnmdy1 _17nnmdy0 _1xwtict1\">El jueves, presidente de la Comisi\u00f3n Europea <strong>Ursula von der Leyen<\/strong> Flot\u00f3 la idea de colocar \u00abun impuesto sobre los ingresos publicitarios de los servicios digitales\u00bb si las negociaciones de tarifas con los EE. UU. Van al sur. Este ser\u00eda el resultado opuesto al que les gusta los CEO de tecnolog\u00eda <strong>Mark Zuckerberg<\/strong> esper\u00e1bamos cuando arrojaron su apoyo detr\u00e1s de la nueva administraci\u00f3n. <\/p>\n<\/div>\n<div>\n<p class=\"duet--article--dangerously-set-cms-markup duet--article--standard-paragraph _1ymtmqpi _17nnmdy1 _17nnmdy0 _1xwtict1\">Para alguien como Zuckerberg, se supon\u00eda que Trump era el l\u00edder armado fuerte para llevar a la UE dominante al tal\u00f3n. En cambio, la ret\u00f3rica entre los EE. UU. Y la UE est\u00e1 aumentando solo unas semanas antes de que la UE ya est\u00e9 preparada para meta (y Apple) por violar su Ley de Mercados Digitales. <\/p>\n<\/div>\n<div>\n<p class=\"duet--article--dangerously-set-cms-markup duet--article--standard-paragraph _1ymtmqpi _17nnmdy1 _17nnmdy0 _1xwtict1\">Aunque ciertamente m\u00e1s una herida autoinfligida, <strong>Elon Musk&#8217;s <\/strong>La popularidad en los Estados Unidos ha \u00abinvertido a medida que su apoyo al presidente Trump ha aumentado\u00bb, <strong>Nate Silver <\/strong>escribi\u00f3 esta semana. Mientras tanto, el precio de las acciones de Tesla. ha perdido m\u00e1s de un tercio de su valor este a\u00f1o y, gracias a los aranceles, la compa\u00f1\u00eda ha eliminado la opci\u00f3n de comprar nuevos veh\u00edculos hechos en los Estados Unidos en China. <\/p>\n<\/div>\n<div>\n<p class=\"duet--article--dangerously-set-cms-markup duet--article--standard-paragraph _1ymtmqpi _17nnmdy1 _17nnmdy0 _1xwtict1\">Como predije la semana pasada, Tiktok est\u00e1 particularmente jodido por las tarifas de China extra agresivas de Trump, que el pa\u00eds ha prometido \u00abluchar hasta el final\u00bb. A pesar de que sigue siendo de costumbre como el rango y el archivo de Tiktok, el destino de la aplicaci\u00f3n en los Estados Unidos se siente cada vez m\u00e1s precario. Cuando se le pregunt\u00f3 esta semana sobre la fecha l\u00edmite extendida para llegar a un acuerdo de Tiktok en los Estados Unidos, un portavoz del Ministerio de Comercio de China dijo que el gobierno \u00abse opone a pr\u00e1cticas que ignoran las leyes de la econom\u00eda de mercado, saquean por la fuerza y \u200b\u200bda\u00f1an los derechos e intereses leg\u00edtimos de las empresas\u00bb. <\/p>\n<\/div>\n<div>\n<p class=\"duet--article--dangerously-set-cms-markup duet--article--standard-paragraph _1ymtmqpi _17nnmdy1 _17nnmdy0 _1xwtict1\">\u00abNo habr\u00e1 mucho di\u00e1logo hasta que se resuelva\u00bb, uno de los aspirantes a postores de Tiktok, CEO de Applovin <strong>Adam Foroughi<\/strong>dijo esta semana de los aranceles. La situaci\u00f3n es un desastre que el tanque del mercado de valores de EE. UU. Tambi\u00e9n \u00abahog\u00f3 la capacidad de inferir la retroalimentaci\u00f3n\u00bb de los accionistas sobre la oferta de Applovin, dijo Foroughi. <em>Bloomberg<\/em>. <\/p>\n<\/div>\n<div>\n<p class=\"duet--article--dangerously-set-cms-markup duet--article--standard-paragraph _1ymtmqpi _17nnmdy1 _17nnmdy0 _1xwtict1\">En todo caso, esta semana es un recordatorio de que la industria tecnol\u00f3gica ha crecido tan grande e influyente que sus empresas l\u00edderes son herramientas para el apalancamiento entre pa\u00edses. En tiempos de paz relativa, esa influencia puede ser beneficiosa para la gran tecnolog\u00eda. Cuando las cosas se vuelven hostiles, se pone una gran tecnolog\u00eda en la mira.<\/p>\n<\/div>\n<div>\n<p class=\"duet--article--dangerously-set-cms-markup duet--article--standard-paragraph _1ymtmqpi _17nnmdy1 _17nnmdy0 _1xwtict1\"><em>Algunos cambios de trabajo notables en el mundo tecnol\u00f3gico:<\/em><\/p>\n<\/div>\n<div>\n<p class=\"duet--article--dangerously-set-cms-markup duet--article--standard-paragraph _1ymtmqpi _17nnmdy1 _17nnmdy0 _1xwtict1\">Como siempre, quiero saber de usted, especialmente si tiene comentarios sobre este tema o un consejo de historia. Responda aqu\u00ed o me hace ping de forma segura sobre la se\u00f1al.<\/p>\n<\/div>\n<div>\n<p class=\"duet--article--dangerously-set-cms-markup duet--article--standard-paragraph _1ymtmqpi _17nnmdy1 _17nnmdy0 _1xwtict1\"><strong><em>Correcci\u00f3n, 11 de abril: <\/em><\/strong><em>Una versi\u00f3n anterior de este art\u00edculo dijo que los empleados de Google que fueron despedidos recibieron m\u00e1s indemnizaci\u00f3n que los empleados que tomaron compras voluntarias anteriores.<\/em> <em>Cada grupo recibi\u00f3 los mismos t\u00e9rminos de indemnizaci\u00f3n.<\/em><\/p>\n<\/div>\n\n","protected":false},"excerpt":{"rendered":"<p>Durante un tiempo, parec\u00eda que el presidente Donald Trump iba a tener la espalda de Big Tech. Ahora, la industria tecnol\u00f3gica es da\u00f1os colaterales en su guerra comercial global. El jueves, presidente de la Comisi\u00f3n Europea Ursula von der Leyen Flot\u00f3 la idea de colocar \u00abun impuesto sobre los ingresos publicitarios de los servicios digitales\u00bb &hellip;<\/p>\n","protected":false},"author":1,"featured_media":22616,"comment_status":"open","ping_status":"open","sticky":false,"template":"","format":"standard","meta":{"fifu_image_url":"https:\/\/platform.theverge.com\/wp-content\/uploads\/sites\/2\/2025\/04\/STKS488_TARIFFS_3_CVirginia_D.jpg?quality=90&strip=all&crop=0%2C10.732984293194%2C100%2C78.534031413613&w=1200","fifu_image_alt":"","footnotes":""},"categories":[2],"tags":[],"class_list":["post-22615","post","type-post","status-publish","format-standard","has-post-thumbnail","","category-tecnologia"],"_links":{"self":[{"href":"https:\/\/noticiasveraces.com\/index.php?rest_route=\/wp\/v2\/posts\/22615","targetHints":{"allow":["GET"]}}],"collection":[{"href":"https:\/\/noticiasveraces.com\/index.php?rest_route=\/wp\/v2\/posts"}],"about":[{"href":"https:\/\/noticiasveraces.com\/index.php?rest_route=\/wp\/v2\/types\/post"}],"author":[{"embeddable":true,"href":"https:\/\/noticiasveraces.com\/index.php?rest_route=\/wp\/v2\/users\/1"}],"replies":[{"embeddable":true,"href":"https:\/\/noticiasveraces.com\/index.php?rest_route=%2Fwp%2Fv2%2Fcomments&post=22615"}],"version-history":[{"count":0,"href":"https:\/\/noticiasveraces.com\/index.php?rest_route=\/wp\/v2\/posts\/22615\/revisions"}],"wp:featuredmedia":[{"embeddable":true,"href":"https:\/\/noticiasveraces.com\/index.php?rest_route=\/wp\/v2\/media\/22616"}],"wp:attachment":[{"href":"https:\/\/noticiasveraces.com\/index.php?rest_route=%2Fwp%2Fv2%2Fmedia&parent=22615"}],"wp:term":[{"taxonomy":"category","embeddable":true,"href":"https:\/\/noticiasveraces.com\/index.php?rest_route=%2Fwp%2Fv2%2Fcategories&post=22615"},{"taxonomy":"post_tag","embeddable":true,"href":"https:\/\/noticiasveraces.com\/index.php?rest_route=%2Fwp%2Fv2%2Ftags&post=22615"}],"curies":[{"name":"wp","href":"https:\/\/api.w.org\/{rel}","templated":true}]}}