{"id":22610,"date":"2025-04-12T08:11:10","date_gmt":"2025-04-12T12:11:10","guid":{"rendered":"https:\/\/noticiasveraces.com\/?p=22610"},"modified":"2025-04-12T08:11:10","modified_gmt":"2025-04-12T12:11:10","slug":"poca-presencia-de-musica-latina-en-el-festival-coachella-dw-11-04-2025","status":"publish","type":"post","link":"https:\/\/noticiasveraces.com\/?p=22610","title":{"rendered":"Poca presencia de m\u00fasica latina en el Festival Coachella \u2013 DW \u2013 11\/04\/2025"},"content":{"rendered":"<p> \n<\/p>\n<div>\n<p>El renacer de Lady Gaga, el viaje en el tiempo al rock de 1990 y los \u00e9xitos viralizados en TikTok impulsan una nueva edici\u00f3n del festival Coachella 2025 que arranca este viernes con una presencia menor de lo habitual de artistas latinos en la des\u00e9rtica ciudad de Indio (California).<\/p>\n<p>La estrella estadounidense encabeza el cartel de la primera noche del festival de m\u00fasica m\u00e1s grande de Estados Unidos (EE. UU) en un resurgir de su faceta &#8216;Mother Monster&#8217; a trav\u00e9s de su nuevo disco &#8216;Mayhem&#8217; con el que retorna a sus ra\u00edces de pop oscuro que la catapultaron a la fama.<\/p>\n<p>Abrazada a la extravagancia y a una cuidada est\u00e9tica, Lady Gaga llevar\u00e1 -en esta segunda ocasi\u00f3n a la que asiste al festival- un abanico de \u00e9xitos que van desde el pop industrial &#8216;Abracadabra&#8217;, hasta la balada &#8216;Die With a Smile&#8217; en la que colabora junto a Bruno Mars. No obstante, los miles de seguidores que esperan verla sobre el escenario en la noche inaugural del Coachella esperan que esta ocasi\u00f3n sirva para resucitar temas de sus eras anteriores, como &#8216;Bad Romance&#8217;, &#8216;LoveGame&#8217;, &#8216;Telephone&#8217;, &#8216;Poker Face&#8217; o &#8216;Born This Way&#8217;.<\/p>\n<figure class=\"placeholder-image master_landscape big\"><img data-format=\"MASTER_LANDSCAPE\" data-id=\"72216487\" data-url=\"https:\/\/static.dw.com\/image\/72216487_${formatId}.jpg\" data-aspect-ratio=\"16\/9\" alt=\"Imagen general de la entrada del festival Coachella.\" style=\"padding-bottom: 56.25%; height: 0; max-height: 0;\"\/><figcaption class=\"img-caption\">El Festival de M\u00fasica y Artes de Coachella Valley se lleva a cabo el mes de abril en el Empire Polo Club de Indio California, en el Valle de Coachella del desierto de Colorado.<small class=\"copyright\">Imagen: Amy Harris\/Invision\/AP\/Picture Alliance<\/small><\/figcaption><\/figure>\n<p>Esta actuaci\u00f3n marcar\u00e1 el principio de una larga gira mundial para Lady Gaga, quien tras pasar por varios destinos de EE.UU. y algunos pa\u00edses de latinoam\u00e9rica como M\u00e9xico o Brasil, dar\u00e1 el salto a Europa con conciertos en Berl\u00edn, Par\u00eds, Amsterdam o Barcelona.<\/p>\n<p>Otra de las grandes estrellas que encabezan la 24 edici\u00f3n de Coachella la conforma la banda estadounidense &#8216;Green Day&#8217; que llevar\u00e1 a la pista su caracter\u00edstico rock-punk de la d\u00e9cada de 1990. A la cabeza de este grupo, Billie Joe Amstrong promete traer las viejas glorias &#8216;American Idiot&#8217; (2004). A Green Day lo suceder\u00e1 en la noche del s\u00e1bado Travis $cott, quien cerrar\u00e1 la ronda de conciertos a golpe de rap psicod\u00e9lico, mientras que Post Malone pondr\u00e1 el broche final a la primera semana del festival con sencillos como &#8216;RockStar&#8217;, &#8216;Better Now&#8217; o &#8216;Fortnight&#8217;, que interpreta junto a Taylor Swift.<\/p>\n<figure class=\"placeholder-image master_landscape big\"><img data-format=\"MASTER_LANDSCAPE\" data-id=\"72216417\" data-url=\"https:\/\/static.dw.com\/image\/72216417_${formatId}.jpg\" data-aspect-ratio=\"16\/9\" alt=\"Post Malone durante la gala de los Grammy el pasado mes de febrero.\" style=\"padding-bottom: 56.25%; height: 0; max-height: 0;\"\/><figcaption class=\"img-caption\">Post Malone es otro de los cabeza de cartel del festival Coachella de este a\u00f1o.<small class=\"copyright\">Imagen: Richard Shotwell\/Invision\/AP\/Picture Alliance<\/small><\/figcaption><\/figure>\n<h2>Poca presencia de artistas latinos<\/h2>\n<p>A una edici\u00f3n que apuesta fuerte por las int\u00e9rpretes femeninas de la industria, como la brit\u00e1nica Charli xcx, las raperas Gorilla, Megan Thee Stallion, la emergente Lola Young y su &#8216;Messy&#8217; o LISA, de la banda surcoreana de k-pop Blackpink, destaca la escasa presencia de m\u00fasicos latinos.<\/p>\n<p><span data-slot-id=\"Article_InContent-1\" class=\"rich-text-ad\"\/><\/p>\n<p>Atr\u00e1s qued\u00f3 la \u00e9poca en la que el puertorrique\u00f1o Bad Bunny, el mexicano Peso Pluma o Rosal\u00eda lideraban un fluido cartel que ensalzaba el g\u00e9nero urbano del momento, aunque no se descarta que alguna estrella latina aparezcan por sorpresa, como ya ocurri\u00f3 con Shakira el a\u00f1o pasado, que se present\u00f3 sin avisar en la sesi\u00f3n de Bizarrap.<\/p>\n<p>Hay varios nombres latinos, pero escritos con letras m\u00e1s peque\u00f1as. El m\u00e1s destacado es el californiano-mexicano Ivan Cornejo, que actuar\u00e1 este s\u00e1bado, as\u00ed como el mexicano Junior H y otro compatriota suyo, El Malilla. Tambi\u00e9n hay dos espa\u00f1oles, Judeline y el DJ Dennis Cruz, un d\u00fao argentino Ca7riel y Paco Amoroso, la banda The Mar\u00edas compuesta por una cantante puertorrique\u00f1a y tambi\u00e9n Sincerely, Manolo, y los venezolanos Rawayana.<\/p>\n<figure class=\"placeholder-image master_landscape big\"><img data-format=\"MASTER_LANDSCAPE\" data-id=\"72216441\" data-url=\"https:\/\/static.dw.com\/image\/72216441_${formatId}.jpg\" data-aspect-ratio=\"16\/9\" alt=\"La banda venezolana Rawayana posa en los Premio Grammy.\" style=\"padding-bottom: 56.25%; height: 0; max-height: 0;\"\/><figcaption class=\"img-caption\">La banda venezolana Rawayana se llev\u00f3 el Premio Grammy 2025 en la categor\u00eda Mejor \u00c1lbum Latino de Rock o Alternativo por su disco.<small class=\"copyright\">Imagen: Picture Alliance\/Richard Shotwell\/Invision\/AP<\/small><\/figcaption><\/figure>\n<p>Tambi\u00e9n el reputado director de m\u00fasica venezolano Gustavo Dudamel zarandear\u00e1 su batuta en uno de los escenarios de Coachella junto a la Filarm\u00f3nica de Los \u00c1ngeles (L.A. Phil) en una de las actuaciones m\u00e1s peculiares, ya que ser\u00e1 la primera vez que una gran orquesta interprete sus temas en el festival de Indio.<\/p>\n<p>A falta de grupos latinos, el cartel destaca por la cantidad de &#8216;one hit wonder&#8217; (canciones de gran impacto) que se han popularizado a trav\u00e9s de la aplicaci\u00f3n de TikTok como &#8216;Beautiful Things&#8217; de Benson Boone; &#8216;Water&#8217; de Tyla; &#8216;Mantra&#8217;, de la surcoreana Jennie; &#8216;End of Beginning&#8217;, de Djo; &#8216;Calm Down&#8217;, de Rema feat. Selena Gomez o &#8216;I like the Way You Kiss Me&#8217;, de Artemas.<\/p>\n<p>El festival se realizar\u00e1 dos fines de semana seguidos, del 11 al 13 de abril y luego del 18 al 20 del mismo mes.<\/p>\n<p>aa (efe, El Pa\u00eds, W Radio)<\/p>\n<\/div>\n\n","protected":false},"excerpt":{"rendered":"<p>El renacer de Lady Gaga, el viaje en el tiempo al rock de 1990 y los \u00e9xitos viralizados en TikTok impulsan una nueva edici\u00f3n del festival Coachella 2025 que arranca este viernes con una presencia menor de lo habitual de artistas latinos en la des\u00e9rtica ciudad de Indio (California). La estrella estadounidense encabeza el cartel &hellip;<\/p>\n","protected":false},"author":1,"featured_media":22611,"comment_status":"open","ping_status":"open","sticky":false,"template":"","format":"standard","meta":{"fifu_image_url":"https:\/\/static.dw.com\/image\/72216411_6.jpg","fifu_image_alt":"","footnotes":""},"categories":[13],"tags":[],"class_list":["post-22610","post","type-post","status-publish","format-standard","has-post-thumbnail","","category-mundo"],"_links":{"self":[{"href":"https:\/\/noticiasveraces.com\/index.php?rest_route=\/wp\/v2\/posts\/22610","targetHints":{"allow":["GET"]}}],"collection":[{"href":"https:\/\/noticiasveraces.com\/index.php?rest_route=\/wp\/v2\/posts"}],"about":[{"href":"https:\/\/noticiasveraces.com\/index.php?rest_route=\/wp\/v2\/types\/post"}],"author":[{"embeddable":true,"href":"https:\/\/noticiasveraces.com\/index.php?rest_route=\/wp\/v2\/users\/1"}],"replies":[{"embeddable":true,"href":"https:\/\/noticiasveraces.com\/index.php?rest_route=%2Fwp%2Fv2%2Fcomments&post=22610"}],"version-history":[{"count":0,"href":"https:\/\/noticiasveraces.com\/index.php?rest_route=\/wp\/v2\/posts\/22610\/revisions"}],"wp:featuredmedia":[{"embeddable":true,"href":"https:\/\/noticiasveraces.com\/index.php?rest_route=\/wp\/v2\/media\/22611"}],"wp:attachment":[{"href":"https:\/\/noticiasveraces.com\/index.php?rest_route=%2Fwp%2Fv2%2Fmedia&parent=22610"}],"wp:term":[{"taxonomy":"category","embeddable":true,"href":"https:\/\/noticiasveraces.com\/index.php?rest_route=%2Fwp%2Fv2%2Fcategories&post=22610"},{"taxonomy":"post_tag","embeddable":true,"href":"https:\/\/noticiasveraces.com\/index.php?rest_route=%2Fwp%2Fv2%2Ftags&post=22610"}],"curies":[{"name":"wp","href":"https:\/\/api.w.org\/{rel}","templated":true}]}}