{"id":22589,"date":"2025-04-12T05:08:41","date_gmt":"2025-04-12T09:08:41","guid":{"rendered":"https:\/\/noticiasveraces.com\/?p=22589"},"modified":"2025-04-12T05:08:41","modified_gmt":"2025-04-12T09:08:41","slug":"investidura-de-merz-como-canciller-prevista-el-6-de-mayo-dw-11-04-2025","status":"publish","type":"post","link":"https:\/\/noticiasveraces.com\/?p=22589","title":{"rendered":"Investidura de Merz como canciller prevista el 6 de mayo \u2013 DW \u2013 11\/04\/2025"},"content":{"rendered":"<p> \n<\/p>\n<div>\n<p>La elecci\u00f3n del l\u00edder de la CDU, Friedrich Merz, como nuevo canciller federal tendr\u00e1 lugar el 6 de mayo, seg\u00fan confirmaron a las agencias de prensa este viernes (11.04.2025) desde c\u00edrculos gubernamentales en Berl\u00edn. Los conservadores y sus socios de centroizquierda del SPD hab\u00edan acordado la fecha, a\u00f1adieron fuentes de ambos bloques. El peri\u00f3dico berlin\u00e9s \u00abTagesspiegel\u00bb ya hab\u00eda anunciado esta fecha para la votaci\u00f3n en el Bundestag.<\/p>\n<p>El requisito previo para la elecci\u00f3n del canciller es que los miembros del SPD apoyen el acuerdo de coalici\u00f3n, alcanzado este martes por la CDU\/CSU y el SPD,\u00a0en la encuesta prevista del 15 al 29 de abril, as\u00ed como el de la CDU en su peque\u00f1o congreso del partido previsto para el 28 de abril. Los comit\u00e9s de la CSU ya lo aprobaron ayer jueves.<\/p>\n<p>El \u00abTagesspiegel\u00bb tambi\u00e9n adelant\u00f3 en su edici\u00f3n del s\u00e1bado la programaci\u00f3n de reuniones de las facciones del Bundestag para el 5 de mayo.\u00a0Se espera que, si hay aprobaci\u00f3n por parte de la CDU y del SPD, el acuerdo de coalici\u00f3n pueda firmarse ese d\u00eda para que al d\u00eda siguiente pueda tener lugar la sesi\u00f3n de investidura de Merz.\u00a0Tras la elecci\u00f3n del canciller, llegar\u00eda el\u00a0nombramiento de los nuevos miembros del gobierno por parte del presidente federal, Frank-Walter Steinmeier, y la toma de posesi\u00f3n del gabinete en el Bundestag.<\/p>\n<p>LGC (AFP, RTR)<\/p>\n<\/div>\n\n","protected":false},"excerpt":{"rendered":"<p>La elecci\u00f3n del l\u00edder de la CDU, Friedrich Merz, como nuevo canciller federal tendr\u00e1 lugar el 6 de mayo, seg\u00fan confirmaron a las agencias de prensa este viernes (11.04.2025) desde c\u00edrculos gubernamentales en Berl\u00edn. Los conservadores y sus socios de centroizquierda del SPD hab\u00edan acordado la fecha, a\u00f1adieron fuentes de ambos bloques. El peri\u00f3dico berlin\u00e9s &hellip;<\/p>\n","protected":false},"author":1,"featured_media":22590,"comment_status":"open","ping_status":"open","sticky":false,"template":"","format":"standard","meta":{"fifu_image_url":"https:\/\/static.dw.com\/image\/72149382_6.jpg","fifu_image_alt":"","footnotes":""},"categories":[13],"tags":[],"class_list":["post-22589","post","type-post","status-publish","format-standard","has-post-thumbnail","","category-mundo"],"_links":{"self":[{"href":"https:\/\/noticiasveraces.com\/index.php?rest_route=\/wp\/v2\/posts\/22589","targetHints":{"allow":["GET"]}}],"collection":[{"href":"https:\/\/noticiasveraces.com\/index.php?rest_route=\/wp\/v2\/posts"}],"about":[{"href":"https:\/\/noticiasveraces.com\/index.php?rest_route=\/wp\/v2\/types\/post"}],"author":[{"embeddable":true,"href":"https:\/\/noticiasveraces.com\/index.php?rest_route=\/wp\/v2\/users\/1"}],"replies":[{"embeddable":true,"href":"https:\/\/noticiasveraces.com\/index.php?rest_route=%2Fwp%2Fv2%2Fcomments&post=22589"}],"version-history":[{"count":0,"href":"https:\/\/noticiasveraces.com\/index.php?rest_route=\/wp\/v2\/posts\/22589\/revisions"}],"wp:featuredmedia":[{"embeddable":true,"href":"https:\/\/noticiasveraces.com\/index.php?rest_route=\/wp\/v2\/media\/22590"}],"wp:attachment":[{"href":"https:\/\/noticiasveraces.com\/index.php?rest_route=%2Fwp%2Fv2%2Fmedia&parent=22589"}],"wp:term":[{"taxonomy":"category","embeddable":true,"href":"https:\/\/noticiasveraces.com\/index.php?rest_route=%2Fwp%2Fv2%2Fcategories&post=22589"},{"taxonomy":"post_tag","embeddable":true,"href":"https:\/\/noticiasveraces.com\/index.php?rest_route=%2Fwp%2Fv2%2Ftags&post=22589"}],"curies":[{"name":"wp","href":"https:\/\/api.w.org\/{rel}","templated":true}]}}