{"id":22580,"date":"2025-04-12T02:41:54","date_gmt":"2025-04-12T06:41:54","guid":{"rendered":"https:\/\/noticiasveraces.com\/?p=22580"},"modified":"2025-04-12T02:41:54","modified_gmt":"2025-04-12T06:41:54","slug":"estadio-metropolitano-de-barranquilla-tendra-importante-renovacion-aumentara-a-65-000-asistentes-curiosidades-de-futbol","status":"publish","type":"post","link":"https:\/\/noticiasveraces.com\/?p=22580","title":{"rendered":"Estadio Metropolitano de Barranquilla tendr\u00e1 importante renovaci\u00f3n: aumentar\u00e1 a 65.000 asistentes | Curiosidades de f\u00fatbol"},"content":{"rendered":"<p> \n<\/p>\n<div id=\"cuerpoArticulo\">\n<p class=\"texto intro\" id=\"p241944-m1137-1136-1138\">El estadio Metropolitano de Barranquilla, casa de la Selecci\u00f3n Colombia y de Junior, sufrir\u00e1 importantes cambios, seg\u00fan confirm\u00f3 el alcalde Alejandro Char, debido a una millonaria inversi\u00f3n que permitir\u00e1 una renovaci\u00f3n que entre otras cosas, tendr\u00e1 una ampliaci\u00f3n en su capacidad hasta las 65.000 personas.<\/p>\n<p>En medio de la ceremonia de\u00a0clausura del Congreso de Naturgas en Barranquilla, el primer mandatario de Barranquilla revel\u00f3 la noticia que beneficiar\u00e1 a la ciudad y al f\u00fatbol colombiano. <\/p>\n<p class=\"texto contenido-parrafo-articulo\" id=\"p241944-m1200-3-1201\">\u201cEl Metropolitano va a ganar tama\u00f1o, le vamos a meter 20 mil sillas m\u00e1s, porque grandes m\u00fasicos del mundo quieren tocar en Colombia, pero necesitan un estadio de 65 mil sillas. Vamos a hacer esa inversi\u00f3n\u201d, afirm\u00f3 Char. <\/p>\n<p>Estos cambios no solo se har\u00edan pensando en el deporte, sino tambi\u00e9n, en los espect\u00e1culos como conciertos, pensando en que artistas de talla mundial vean a la capital del Atl\u00e1ntico un destino ideal para sus eventos. <\/p>\n<div class=\"fotografia caja-articulo\" id=\"p241944-m1206-4-1207\">\n<div class=\"imagen-cuerpo-bk\">\n<figure itemscope=\"\" itemtype=\"https:\/\/schema.org\/ImageObject\" itemprop=\"image\" id=\"m1211-1210-1212\" class=\"foto-galeria-articulo imagen-articulo foto-texto-articulo-galeria\"><img decoding=\"async\" alt=\"Estadio Metropolitano - Selecci\u00f3n Colombia\" src=\"data:image\/png;base64,iVBORw0KGgoAAAANSUhEUgAAAAEAAAABCAQAAAC1HAwCAAAAC0lEQVR42mP8\/x0AAvsB+DlKarAAAAAASUVORK5CYII=\" style=\" display: inline;\" data-original=\"\/files\/article_content\/files\/crop\/uploads\/2025\/03\/25\/67e38468b427f.r_1744419285335.0-0-1024-768.jpeg\"\/><meta itemprop=\"width\" content=\"600\"\/><meta itemprop=\"height\" content=\"450\"\/> <meta itemprop=\"url\" content=\"https:\/\/www.futbolred.com\/files\/article_content\/files\/crop\/uploads\/2025\/03\/25\/67e38468b427f.r_1744419285335.0-0-1024-768.jpeg\"\/><\/figure>\n<\/div>\n<div class=\"figcaption-cuerpo-bk credito-image-bk\"><figcaption class=\"foto-info\">\n<div class=\"titulo-foto-bk\">\n<p id=\"m1218-1-1219\" class=\"titulo pie-de-foto\">Estadio Metropolitano &#8211; Selecci\u00f3n Colombia<\/p>\n<\/div>\n<p class=\"credito\">\n                            <span class=\"linea pre_credito\">Foto:<\/span><\/p>\n<p>                        <span id=\"m1224-2-1225\" class=\"autor\">Vanexa Romero \/ El Tiempo<\/span><\/p>\n<\/figcaption><\/div>\n<\/p><\/div>\n<p>                                                    <span class=\"articulo-subtitulo subtitulo2 espacio-contenido\" id=\"p241944-m1232-5-1233\">Estadio Metropolitano aumentar\u00e1 su capacidad<\/span><\/p>\n<p class=\"texto contenido-parrafo-articulo\" id=\"p241944-m1238-6-1239\">Cabe recordar que actualmente, este escenario tiene una capacidad de aproximadamente 45.000 personas, lo que significa un aumento de 20.000 asientos. <\/p>\n<p>Por ahora, se desconoce cu\u00e1ndo iniciar\u00edan los trabajos para mejorar la infraestructura del recinto deportivo. Se espera que en las pr\u00f3ximas semanas, desvelen m\u00e1s detalles de lo que ser\u00e1 este proyecto.<\/p>\n<div class=\"fotografia caja-articulo\" id=\"p241944-m1244-7-1245\">\n<div class=\"imagen-cuerpo-bk\">\n<figure itemscope=\"\" itemtype=\"https:\/\/schema.org\/ImageObject\" itemprop=\"image\" id=\"m1249-1248-1250\" class=\"foto-galeria-articulo imagen-articulo foto-texto-articulo-galeria\"><img decoding=\"async\" alt=\"Estadio Metropolitano\" src=\"data:image\/png;base64,iVBORw0KGgoAAAANSUhEUgAAAAEAAAABCAQAAAC1HAwCAAAAC0lEQVR42mP8\/x0AAvsB+DlKarAAAAAASUVORK5CYII=\" style=\" display: inline;\" data-original=\"\/files\/article_content\/files\/crop\/uploads\/2023\/11\/16\/6556b4a87ec88.r_1744419285342.395-0-1595-900.jpeg\"\/><meta itemprop=\"width\" content=\"600\"\/><meta itemprop=\"height\" content=\"450\"\/> <meta itemprop=\"url\" content=\"https:\/\/www.futbolred.com\/files\/article_content\/files\/crop\/uploads\/2023\/11\/16\/6556b4a87ec88.r_1744419285342.395-0-1595-900.jpeg\"\/><\/figure>\n<\/div>\n<div class=\"figcaption-cuerpo-bk credito-image-bk\"><figcaption class=\"foto-info\">\n<div class=\"titulo-foto-bk\">\n<p id=\"m1256-1-1257\" class=\"titulo pie-de-foto\">Estadio Metropolitano de Barranquilla<\/p>\n<\/div>\n<p class=\"credito\">\n                            <span class=\"linea pre_credito\">Foto:<\/span><\/p>\n<p>                        <span id=\"m1262-2-1263\" class=\"autor\">FCF<\/span><\/p>\n<\/figcaption><\/div>\n<\/p><\/div>\n<p class=\"texto contenido-parrafo-articulo\" id=\"p241944-m1270-8-1271\">Mientras tanto, Junior y la Selecci\u00f3n Colombia continuar\u00e1n teniendo como sede al Metropolitano y se estima, en principio, que las obras, no requieran de un cierre total del estadio, por lo que podr\u00eda seguir acogiendo partidos y eventos, sin embargo, resta conocer la informaci\u00f3n oficial de las partes involucradas.<\/p>\n<div id=\"p241944-m1276-9-1277\" class=\"\">\n<blockquote class=\"twitter-tweet\">\n<p lang=\"es\" dir=\"ltr\">\ud83d\udea8 ATENCI\u00d3N| El \ud83c\udfdf\ufe0f Metropolitano tendr\u00e1 una capacidad para 65.000 personas.<\/p>\n<p>\ud83d\udde3\ufe0f \u201cEl Metropolitano va a ganar tama\u00f1o, le vamos a meter 20 mil sillas m\u00e1s. Vamos a hacer esa inversi\u00f3n\u201d.<\/p>\n<p>\ud83c\udf99\ufe0f Anunci\u00f3 el alcalde de Barranquilla, Alejandro Char. <a href=\"https:\/\/t.co\/kWOm237C6X\">pic.twitter.com\/kwom237c6x<\/a><\/p>\n<p>\u2014 Habla Deportes (@HablaDeportes) <a href=\"https:\/\/twitter.com\/HablaDeportes\/status\/1910833814898700758?ref_src=twsrc%5Etfw\">11 de abril de 2025<\/a><\/p><\/blockquote><\/div>\n<\/p><\/div>\n<p><script async src=\"https:\/\/platform.twitter.com\/widgets.js\" charset=\"utf-8\"><\/script><br \/>\n<br \/>\n","protected":false},"excerpt":{"rendered":"<p>El estadio Metropolitano de Barranquilla, casa de la Selecci\u00f3n Colombia y de Junior, sufrir\u00e1 importantes cambios, seg\u00fan confirm\u00f3 el alcalde Alejandro Char, debido a una millonaria inversi\u00f3n que permitir\u00e1 una renovaci\u00f3n que entre otras cosas, tendr\u00e1 una ampliaci\u00f3n en su capacidad hasta las 65.000 personas. En medio de la ceremonia de\u00a0clausura del Congreso de Naturgas &hellip;<\/p>\n","protected":false},"author":1,"featured_media":22581,"comment_status":"open","ping_status":"open","sticky":false,"template":"","format":"standard","meta":{"fifu_image_url":"https:\/\/www.futbolred.com\/files\/og_thumbnail\/uploads\/2025\/03\/25\/67e384764b3a8.jpeg","fifu_image_alt":"","footnotes":""},"categories":[6],"tags":[],"class_list":["post-22580","post","type-post","status-publish","format-standard","has-post-thumbnail","","category-deportes"],"_links":{"self":[{"href":"https:\/\/noticiasveraces.com\/index.php?rest_route=\/wp\/v2\/posts\/22580","targetHints":{"allow":["GET"]}}],"collection":[{"href":"https:\/\/noticiasveraces.com\/index.php?rest_route=\/wp\/v2\/posts"}],"about":[{"href":"https:\/\/noticiasveraces.com\/index.php?rest_route=\/wp\/v2\/types\/post"}],"author":[{"embeddable":true,"href":"https:\/\/noticiasveraces.com\/index.php?rest_route=\/wp\/v2\/users\/1"}],"replies":[{"embeddable":true,"href":"https:\/\/noticiasveraces.com\/index.php?rest_route=%2Fwp%2Fv2%2Fcomments&post=22580"}],"version-history":[{"count":0,"href":"https:\/\/noticiasveraces.com\/index.php?rest_route=\/wp\/v2\/posts\/22580\/revisions"}],"wp:featuredmedia":[{"embeddable":true,"href":"https:\/\/noticiasveraces.com\/index.php?rest_route=\/wp\/v2\/media\/22581"}],"wp:attachment":[{"href":"https:\/\/noticiasveraces.com\/index.php?rest_route=%2Fwp%2Fv2%2Fmedia&parent=22580"}],"wp:term":[{"taxonomy":"category","embeddable":true,"href":"https:\/\/noticiasveraces.com\/index.php?rest_route=%2Fwp%2Fv2%2Fcategories&post=22580"},{"taxonomy":"post_tag","embeddable":true,"href":"https:\/\/noticiasveraces.com\/index.php?rest_route=%2Fwp%2Fv2%2Ftags&post=22580"}],"curies":[{"name":"wp","href":"https:\/\/api.w.org\/{rel}","templated":true}]}}