{"id":22569,"date":"2025-04-12T01:27:00","date_gmt":"2025-04-12T05:27:00","guid":{"rendered":"https:\/\/noticiasveraces.com\/?p=22569"},"modified":"2025-04-12T01:27:00","modified_gmt":"2025-04-12T05:27:00","slug":"35-universidades-privadas-piden-al-gobierno-que-reconsidere-endurecer-los-requisitos-para-crear-un-campus-educacion","status":"publish","type":"post","link":"https:\/\/noticiasveraces.com\/?p=22569","title":{"rendered":"35 universidades privadas piden al Gobierno que reconsidere endurecer los requisitos para crear un campus | Educaci\u00f3n"},"content":{"rendered":"<p> \n<br \/><img decoding=\"async\" src=\"https:\/\/imagenes.elpais.com\/resizer\/v2\/TXZEG5V725GKJICDWFCG7WTYHQ.jpg?auth=aa6ad66ae8b806ffa1cb33b745d23beb9cfadfcd501978cd8279ae9661ac2716\" \/><\/p>\n<div data-dtm-region=\"articulo_cuerpo\">\n<p class=\"\">El Foro Emilia Pardo Baz\u00e1n, \u201cen representaci\u00f3n de buena parte de las universidades privadas\u201d (35 de las 46), ha emitido un comunicado para lamentar el endurecimiento de los requisitos de calidad para abrir en Espa\u00f1a un campus, tras anunciar el presidente del Gobierno Pedro S\u00e1nchez el pasado 31 de marzo una modificaci\u00f3n del decreto de creaci\u00f3n de estas. \u201cEl proyecto nos parece que no responde adecuadamente a la realidad, ni a las necesidades del sistema universitario en su conjunto\u201d, opinan en su nota, tras reunirse este jueves con el secretario general de Universidades, Francisco Garc\u00eda, en el ministerio. Los nuevos centros tendr\u00e1n que contar con un informe favorable de la agencia de evaluaci\u00f3n ANECA o sus correspondientes auton\u00f3micas. El lobby remarca su \u201ctotal compromiso con la calidad y excelencia del sistema universitario\u201d.<\/p>\n<p class=\"\">El comunicado del foro no es transparente: no est\u00e1 firmado por las universidades que lo apoyan y la instituci\u00f3n no tiene una web, de forma que es muy dif\u00edcil saber qui\u00e9n rubrica el comunicado. Este diario ha obtenido la lista de miembros del foro tras reclamarla a la Universidad Antonio de Nebrija, que preside el foro y que es la que ha enviado la nota. En Espa\u00f1a hay 46 privadas autorizadas, y 43 en funcionamiento.<\/p>\n<p class=\"\">En el listado hay universidades cl\u00e1sicas como la Francisco de Vitoria, con otras prestigiosas como Comillas, Mondrag\u00f3n y Deusto, y otras de nueva implantaci\u00f3n a distancia como Isabel I de Castilla o UDIMA. No aparece la Universidad de Navarra, la \u00fanica privada que se sit\u00faa en el ranking Shangh\u00e1i junto a 36 de los 50 campus p\u00fablicos espa\u00f1oles.<\/p>\n<p class=\"\">El comunicado del foro va en contra del lanzado el pasado viernes por la conferencia de rectores (CRUE), que est\u00e1 presidida por una rectora de la p\u00fablica (Eva Alc\u00f3n, de la Jaume I) y en la que los centros estatales son mayor\u00eda. En su nota apoyaron los cambios en el decreto de Manuel Castells de 2021. La conferencia requiere unos requisitos m\u00ednimos de calidad para ingresar, y algunas no lo intentan y otras no los pasan.<\/p>\n<p class=\"\">A juicio del foro, en la exposici\u00f3n de motivos que acompa\u00f1a al proyecto se \u201cofrece una visi\u00f3n distorsionada de las universidades privadas\u201d. Aseguran que las privadas \u201cgarantizan el cumplimiento de la misi\u00f3n de la Universidad: docencia de calidad, investigaci\u00f3n rigurosa y transmisi\u00f3n del conocimiento\u201d. Sin embargo, las cifras dicen otra cosa. El 92% de las publicaciones cient\u00edficas del Sistema Universitario Espa\u00f1ol (SUE) se realiza en las universidades p\u00fablicas, frente al 8% de las instituciones privadas. Este es uno de los datos que se desprenden del \u00faltimo informe del Observatorio IUNE de la Alianza A4U, elaborado por el Instituto INAECU, de la Universidad Aut\u00f3noma de Madrid y la Carlos III.<\/p>\n<p class=\"\">En opini\u00f3n del foro, \u201cel proyecto genera una grave inseguridad jur\u00eddica y vulnera principios fundamentales como el de irretroactividad, al imponer nuevas obligaciones y requisitos sobrevenidos que afectan a derechos adquiridos por las instituciones, sin siquiera haber finalizado los plazos establecidos en el Real Decreto actualmente vigente\u201d. Las universidades van a tener que alcanzar un m\u00ednimo de 4.500 alumnos y contar con tres escuelas de doctorado (algunas est\u00e1n ahora creando la primera).<\/p>\n<p class=\"\">  La Oberta de Catalunya ha afirmado tras la publicaci\u00f3n del comunicado que no pertenece al foto y ha recordado las palabras de su rectora, \u00c0ngels Fit\u00f3, en este diario. Esta cree que la modificaci\u00f3n del decreto \u201csolucionar\u00e1 una anomal\u00eda que se produce en Espa\u00f1a al no ser los informes de las agencias de calidad vinculantes\u201d.<\/p>\n<p class=\"\">El proyecto, que el Gobierno pretende aprobar \u201cel pr\u00f3ximo mayo\u201d, para el foro \u201cincurre en un exceso de reglamentaci\u00f3n que invade la autonom\u00eda de las universidades\u201d. Y recalcan que \u201cresulta de especial gravedad la pretensi\u00f3n de limitar el n\u00famero de nuevos planes de estudios que se pueden presentar a verificaci\u00f3n y modificaci\u00f3n sustancial, puesto que limita la capacidad de innovaci\u00f3n y la adaptaci\u00f3n a las necesidades cambiantes de la sociedad actual\u201d.<\/p>\n<p class=\"\">En una entrevista publicada en este diario el pasado martes, el catedr\u00e1tico de la Pompeu Fabra Carles Rami\u00f3 alud\u00eda a esta sobreoferta de propuesta de nuevas titulaciones: \u201cA las universidades privadas no les da nada de pereza hacer mucha burocracia. Si quieren una titulaci\u00f3n, mandan un alud de solicitudes \u2015yo esto lo he visto en la agencia catalana de acreditaci\u00f3n [AQU]\u2015 y termina convirti\u00e9ndose en un problema pol\u00edtico-institucional. El truco consiste en que demandan 10, para que les apruebes uno, aunque no tenga calidad suficiente porque c\u00f3mo vas a suspenderles todas. Adem\u00e1s, como sistema es perverso, los evaluadores les va dando pistas de mejora y al final le hacen el informe\u201d.<\/p>\n<p class=\"\">La Asociaci\u00f3n de Centros Aut\u00f3nomos de Ense\u00f1anza Privada (ACADE) \u2015integrada, entre otras, por la Universidad Europea y Alfonso X El Sabio, en manos de fondos de inversi\u00f3n, o el centro adscrito CESUGA, con un informe contrario del ministerio para su apertura en Galicia\u2015 fue la primera en hablar. Manifest\u00f3 en un comunicado que las palabras del Gobierno eran \u201cun ataque injusto e injustificado a unas instituciones que han demostrado ser clave en la mejora de la calidad educativa y en la empleabilidad de los j\u00f3venes espa\u00f1oles\u201d.<\/p>\n<\/div>\n\n","protected":false},"excerpt":{"rendered":"<p>El Foro Emilia Pardo Baz\u00e1n, \u201cen representaci\u00f3n de buena parte de las universidades privadas\u201d (35 de las 46), ha emitido un comunicado para lamentar el endurecimiento de los requisitos de calidad para abrir en Espa\u00f1a un campus, tras anunciar el presidente del Gobierno Pedro S\u00e1nchez el pasado 31 de marzo una modificaci\u00f3n del decreto de &hellip;<\/p>\n","protected":false},"author":1,"featured_media":22571,"comment_status":"open","ping_status":"open","sticky":false,"template":"","format":"standard","meta":{"fifu_image_url":"https:\/\/imagenes.elpais.com\/resizer\/v2\/TXZEG5V725GKJICDWFCG7WTYHQ.jpg?auth=aa6ad66ae8b806ffa1cb33b745d23beb9cfadfcd501978cd8279ae9661ac2716&width=1200","fifu_image_alt":"","footnotes":""},"categories":[11],"tags":[],"class_list":["post-22569","post","type-post","status-publish","format-standard","has-post-thumbnail","","category-viaje"],"_links":{"self":[{"href":"https:\/\/noticiasveraces.com\/index.php?rest_route=\/wp\/v2\/posts\/22569","targetHints":{"allow":["GET"]}}],"collection":[{"href":"https:\/\/noticiasveraces.com\/index.php?rest_route=\/wp\/v2\/posts"}],"about":[{"href":"https:\/\/noticiasveraces.com\/index.php?rest_route=\/wp\/v2\/types\/post"}],"author":[{"embeddable":true,"href":"https:\/\/noticiasveraces.com\/index.php?rest_route=\/wp\/v2\/users\/1"}],"replies":[{"embeddable":true,"href":"https:\/\/noticiasveraces.com\/index.php?rest_route=%2Fwp%2Fv2%2Fcomments&post=22569"}],"version-history":[{"count":0,"href":"https:\/\/noticiasveraces.com\/index.php?rest_route=\/wp\/v2\/posts\/22569\/revisions"}],"wp:featuredmedia":[{"embeddable":true,"href":"https:\/\/noticiasveraces.com\/index.php?rest_route=\/wp\/v2\/media\/22571"}],"wp:attachment":[{"href":"https:\/\/noticiasveraces.com\/index.php?rest_route=%2Fwp%2Fv2%2Fmedia&parent=22569"}],"wp:term":[{"taxonomy":"category","embeddable":true,"href":"https:\/\/noticiasveraces.com\/index.php?rest_route=%2Fwp%2Fv2%2Fcategories&post=22569"},{"taxonomy":"post_tag","embeddable":true,"href":"https:\/\/noticiasveraces.com\/index.php?rest_route=%2Fwp%2Fv2%2Ftags&post=22569"}],"curies":[{"name":"wp","href":"https:\/\/api.w.org\/{rel}","templated":true}]}}