{"id":22567,"date":"2025-04-12T01:00:23","date_gmt":"2025-04-12T05:00:23","guid":{"rendered":"https:\/\/noticiasveraces.com\/?p=22567"},"modified":"2025-04-12T01:00:23","modified_gmt":"2025-04-12T05:00:23","slug":"trump-promete-respetar-fallo-sobre-salvadoreno-deportado-dw-12-04-2025","status":"publish","type":"post","link":"https:\/\/noticiasveraces.com\/?p=22567","title":{"rendered":"Trump promete respetar fallo sobre salvadore\u00f1o deportado \u2013 DW \u2013 12\/04\/2025"},"content":{"rendered":"<p> \n<\/p>\n<div>\n<p>El presidente de Estados Unidos\u00a0Donald Trump afirm\u00f3 este (11.04.2025) viernes que respetar\u00e1 lo que decida la Corte Suprema sobre el migrante salvadore\u00f1o deportado por error a su pa\u00eds y si pide que lo traiga de vuelta \u00ablo har\u00eda\u00bb.<\/p>\n<p>\u00abSi la Corte Suprema dijera que se traiga de vuelta a alguien, lo har\u00eda. Respeto a la Corte Suprema (&#8230;) Siento un gran respeto por la Corte Suprema\u00bb, declar\u00f3 a periodistas a bordo del avi\u00f3n presidencial Air Force One un d\u00eda despu\u00e9s de que el m\u00e1ximo tribunal exigiera a su gobierno \u00abfacilitar\u00bb el traslado del salvadore\u00f1o.<\/p>\n<p>Sin embargo, este viernes la administraci\u00f3n Trump rechaz\u00f3 dar a una jueza federal la informaci\u00f3n que le pidi\u00f3 sobre el migrante salvadore\u00f1o Kilmar \u00c1brego Garc\u00eda, porque estima que le impuso un \u00abplazo impracticable\u00bb.<\/p>\n<h2>\u00abArrogancia y crueldad\u00bb del gobierno<\/h2>\n<p>Los abogados de \u00c1brego Garc\u00eda expresaron su indignaci\u00f3n por la \u00abarrogancia y crueldad\u00bb del gobierno, al que acusaron de seguir \u00abretrasando, ofusc\u00e1ndose e ignorando las \u00f3rdenes judiciales, mientras la vida y la seguridad de un hombre est\u00e1n en peligro\u00bb.<\/p>\n<p>\u00abNo se tom\u00f3 ese tiempo para considerar la posibilidad de expulsar a Garc\u00eda\u00bb, deportado 72 horas despu\u00e9s de su arresto, protestaron los letrados.<\/p>\n<p>La jueza Paula Xinis hab\u00eda exigido que la administraci\u00f3n le comunicara por la ma\u00f1ana \u00abel paradero actual y el estatus en el que se encuentra detenido\u00bb el salvadore\u00f1o y las acciones adoptadas o previstas para \u00abfacilitar su regreso\u00bb.<\/p>\n<p>Tras una vista judicial de apenas media hora, concluy\u00f3 que la administraci\u00f3n Trump ha incumplido con sus instrucciones e insisti\u00f3 en que le presenten un informe sobre estos puntos \u00abtodos los d\u00edas hasta nuevo aviso\u00bb a partir del s\u00e1bado. Tambi\u00e9n program\u00f3 una nueva audiencia para el 15 de abril.<\/p>\n<p><span data-slot-id=\"Article_InContent-1\" class=\"rich-text-ad\"\/><\/p>\n<h2>Acusado de pertenecer al Tren de Aragua<\/h2>\n<p>Casado con una estadounidense, \u00c1brego Garc\u00eda fue arrestado el 12 de marzo por agentes migratorios y expulsado tres d\u00edas despu\u00e9s junto a m\u00e1s de 200 personas a El Salvador.<\/p>\n<p>El gobierno de Trump acusa a la mayor\u00eda de ellas de pertenecer a la pandilla venezolana Tren de Aragua, declarada organizaci\u00f3n \u00abterrorista\u00bb por Washington. No aport\u00f3 pruebas.<\/p>\n<p>El gobierno reconoci\u00f3 m\u00e1s tarde ante un tribunal que la expulsi\u00f3n del salvadore\u00f1o se debi\u00f3 a un \u00aberror administrativo\u00bb.<\/p>\n<p>\u00c1brego Garc\u00eda vivi\u00f3 en Estados Unidos bajo un estatus legal protegido desde 2019, cuando un juez dictamin\u00f3 que no deb\u00eda ser deportado porque podr\u00eda estar en peligro en El Salvador.<\/p>\n<p>Pero la administraci\u00f3n afirm\u00f3 que no puede enmendar el error porque \u00c1brego Garc\u00eda est\u00e1 detenido en El Salvador. Lo acusa de formar parte de la pandilla MS-13, tambi\u00e9n declarada \u00abterrorista\u00bb.<\/p>\n<p>La semana pasada la jueza Xinis dijo no haber visto pruebas de que sea un pandillero y pidi\u00f3 al gobierno que \u00abfacilite y efect\u00fae\u00bb el traslado a m\u00e1s tardar el 7 de abril.<\/p>\n<h2>Caso llevado ante la Corte Suprema<\/h2>\n<p>La administraci\u00f3n Trump llev\u00f3 el caso ante la Corte Suprema, la cual suspendi\u00f3 la decisi\u00f3n de primera instancia, anulando el plazo.<\/p>\n<p>Pero los nueve magistrados de la Corte Suprema dieron la raz\u00f3n el jueves a la jueza por unanimidad. Exigen al gobierno \u00abfacilitar\u00bb el traslado \u00aby garantizar que su situaci\u00f3n se gestione como se habr\u00eda hecho de no haber sido enviado indebidamente a El Salvador\u00bb.<\/p>\n<p>JC (AFP, Efe) <\/p>\n<\/p>\n<\/div>\n\n","protected":false},"excerpt":{"rendered":"<p>El presidente de Estados Unidos\u00a0Donald Trump afirm\u00f3 este (11.04.2025) viernes que respetar\u00e1 lo que decida la Corte Suprema sobre el migrante salvadore\u00f1o deportado por error a su pa\u00eds y si pide que lo traiga de vuelta \u00ablo har\u00eda\u00bb. \u00abSi la Corte Suprema dijera que se traiga de vuelta a alguien, lo har\u00eda. Respeto a la &hellip;<\/p>\n","protected":false},"author":1,"featured_media":22568,"comment_status":"open","ping_status":"open","sticky":false,"template":"","format":"standard","meta":{"fifu_image_url":"https:\/\/static.dw.com\/image\/72211425_6.jpg","fifu_image_alt":"","footnotes":""},"categories":[13],"tags":[],"class_list":["post-22567","post","type-post","status-publish","format-standard","has-post-thumbnail","","category-mundo"],"_links":{"self":[{"href":"https:\/\/noticiasveraces.com\/index.php?rest_route=\/wp\/v2\/posts\/22567","targetHints":{"allow":["GET"]}}],"collection":[{"href":"https:\/\/noticiasveraces.com\/index.php?rest_route=\/wp\/v2\/posts"}],"about":[{"href":"https:\/\/noticiasveraces.com\/index.php?rest_route=\/wp\/v2\/types\/post"}],"author":[{"embeddable":true,"href":"https:\/\/noticiasveraces.com\/index.php?rest_route=\/wp\/v2\/users\/1"}],"replies":[{"embeddable":true,"href":"https:\/\/noticiasveraces.com\/index.php?rest_route=%2Fwp%2Fv2%2Fcomments&post=22567"}],"version-history":[{"count":0,"href":"https:\/\/noticiasveraces.com\/index.php?rest_route=\/wp\/v2\/posts\/22567\/revisions"}],"wp:featuredmedia":[{"embeddable":true,"href":"https:\/\/noticiasveraces.com\/index.php?rest_route=\/wp\/v2\/media\/22568"}],"wp:attachment":[{"href":"https:\/\/noticiasveraces.com\/index.php?rest_route=%2Fwp%2Fv2%2Fmedia&parent=22567"}],"wp:term":[{"taxonomy":"category","embeddable":true,"href":"https:\/\/noticiasveraces.com\/index.php?rest_route=%2Fwp%2Fv2%2Fcategories&post=22567"},{"taxonomy":"post_tag","embeddable":true,"href":"https:\/\/noticiasveraces.com\/index.php?rest_route=%2Fwp%2Fv2%2Ftags&post=22567"}],"curies":[{"name":"wp","href":"https:\/\/api.w.org\/{rel}","templated":true}]}}