{"id":22538,"date":"2025-04-11T20:39:53","date_gmt":"2025-04-12T00:39:53","guid":{"rendered":"https:\/\/noticiasveraces.com\/?p=22538"},"modified":"2025-04-11T20:39:53","modified_gmt":"2025-04-12T00:39:53","slug":"falcao-se-canso-de-las-criticas-y-dejo-fuerte-respuesta-en-sus-redes-sociales-vea-duro-comentario-curiosidades-de-futbol","status":"publish","type":"post","link":"https:\/\/noticiasveraces.com\/?p=22538","title":{"rendered":"Falcao se cans\u00f3 de las cr\u00edticas y dej\u00f3 fuerte respuesta en sus redes sociales: vea duro comentario | Curiosidades de f\u00fatbol"},"content":{"rendered":"<p> \n<\/p>\n<div id=\"cuerpoArticulo\">\n<p class=\"texto intro\" id=\"p241936-m1122-1121-1123\">Falcao Garc\u00eda es uno de los jugadores colombianos con m\u00e1s llama la atenci\u00f3n a nivel nacional e internacional, por su larga experiencia que lo ha llevado a estar en importantes equipos como Atl\u00e9tico de Madrid, Manchester United, entre otros. Ahora, en el ocaso de su retiro, cumple su sue\u00f1o de estar en Millonarios, donde actualmente se recupera de una lesi\u00f3n. <\/p>\n<p>Mientras est\u00e1 por fuera de las canchas, el &#8216;tigre&#8217; se ha visto en varias ocasiones acompa\u00f1ando al plantel en el estadio El Camp\u00edn y a la vez, compartiendo con su familia. <\/p>\n<p>Precisamente, el pasado jueves 10 de abril, dio a conocer una serie de fotograf\u00edas del viaje realizado a Italia hace alg\u00fan tiempo. <\/p>\n<p class=\"texto contenido-parrafo-articulo\" id=\"p241936-m1185-3-1186\">\u00abUn paseo por la bella Firenze\u00bb, escribi\u00f3 Falcao acompa\u00f1ando la publicaci\u00f3n con los hashtags \u00abToscana\u00bb y \u00abTBT\u00bb, este \u00faltimo haciendo referencia a que era un recuerdo, por lo que las fotograf\u00edas no eran de los \u00faltimos d\u00edas. <\/p>\n<p>Cientos de sus seguidores, hicieron comentarios de apoyo y le enviaron sus mejores deseos al goleador, sin embargo, hubo uno que llam\u00f3 la atenci\u00f3n, incluso del mismo Falcao. <\/p>\n<div class=\"fotografia caja-articulo\" id=\"p241936-m1191-4-1192\">\n<div class=\"imagen-cuerpo-bk\">\n<figure itemscope=\"\" itemtype=\"https:\/\/schema.org\/ImageObject\" itemprop=\"image\" id=\"m1196-1195-1197\" class=\"foto-galeria-articulo imagen-articulo foto-texto-articulo-galeria\"><img decoding=\"async\" alt=\"Gustavo Serpa, Falcao y David Gonz\u00e1lez\" src=\"data:image\/png;base64,iVBORw0KGgoAAAANSUhEUgAAAAEAAAABCAQAAAC1HAwCAAAAC0lEQVR42mP8\/x0AAvsB+DlKarAAAAAASUVORK5CYII=\" style=\" display: inline;\" data-original=\"\/files\/article_content\/uploads\/2025\/03\/07\/67cb56e7deaa6.png\"\/><meta itemprop=\"width\" content=\"600\"\/><meta itemprop=\"height\" content=\"450\"\/> <meta itemprop=\"url\" content=\"https:\/\/www.futbolred.com\/files\/article_content\/uploads\/2025\/03\/07\/67cb56e7deaa6.png\"\/><\/figure>\n<\/div>\n<div class=\"figcaption-cuerpo-bk credito-image-bk\"><figcaption class=\"foto-info\">\n<div class=\"titulo-foto-bk\">\n<p id=\"m1203-1-1204\" class=\"titulo pie-de-foto\">Gustavo Serpa, Falcao y David Gonz\u00e1lez<\/p>\n<\/div>\n<p class=\"credito\">\n                            <span class=\"linea pre_credito\">Foto:<\/span><\/p>\n<p>                        <span id=\"m1209-2-1210\" class=\"autor\">Tomado de X \/ @MillosFCOficial<\/span><\/p>\n<\/figcaption><\/div>\n<\/p><\/div>\n<p>                                                    <span class=\"articulo-subtitulo subtitulo2 espacio-contenido\" id=\"p241936-m1217-5-1218\">La curiosa respuesta de Falcao a una fuerte cr\u00edtica<\/span><\/p>\n<p class=\"texto contenido-parrafo-articulo\" id=\"p241936-m1223-6-1224\">\u00abEn vez de estar en Bogot\u00e1, trabajando duro para la recuperaci\u00f3n, con dedicaci\u00f3n, a la altura de Bogot\u00e1, mejor dicho que falta de compromiso y menos mal Millos es el equipo de sus amores. Tiene todo el derecho a viajar, pero porque no en \u00e9poca de vacaciones y fuera de sus \u00e9pocas de trabajo?\u00bb, fue el mensaje de un usuario en la red social Instagram. <\/p>\n<p>Falcao, no dudo en responder a esta cr\u00edtica y le respondi\u00f3:<b> \u00abLo de estudiar en USA, no te dio para entender lo que es un TBT, no?\u00bb, escribi\u00f3 el &#8216;tigre&#8217;. <\/b><\/p>\n<p>Momentos m\u00e1s tarde, quien realiz\u00f3 el comentario elimin\u00f3 sus palabras, pero a trav\u00e9s de las redes sociales inmortalizaron el episodio que ha llamado la atenci\u00f3n tanto de hinchas &#8216;embajadores&#8217; como del f\u00fatbol colombiano.<\/p>\n<p>Vale recordar que dichas fotograf\u00edas no son recientes, sino que se tomaron en los \u00faltimos viajes que tuvo Falcao en compa\u00f1\u00eda de su familia. El jugador se encuentra adelantando su proceso de recuperaci\u00f3n con el objetivo de volver lo m\u00e1s pronto posible a la acci\u00f3n con el equipo &#8216;albiazul&#8217;. <\/p>\n<\/p><\/div>\n\n","protected":false},"excerpt":{"rendered":"<p>Falcao Garc\u00eda es uno de los jugadores colombianos con m\u00e1s llama la atenci\u00f3n a nivel nacional e internacional, por su larga experiencia que lo ha llevado a estar en importantes equipos como Atl\u00e9tico de Madrid, Manchester United, entre otros. Ahora, en el ocaso de su retiro, cumple su sue\u00f1o de estar en Millonarios, donde actualmente &hellip;<\/p>\n","protected":false},"author":1,"featured_media":22539,"comment_status":"open","ping_status":"open","sticky":false,"template":"","format":"standard","meta":{"fifu_image_url":"https:\/\/www.futbolred.com\/files\/og_thumbnail\/uploads\/2025\/01\/28\/679909ba03bcf.png","fifu_image_alt":"","footnotes":""},"categories":[6],"tags":[],"class_list":["post-22538","post","type-post","status-publish","format-standard","has-post-thumbnail","","category-deportes"],"_links":{"self":[{"href":"https:\/\/noticiasveraces.com\/index.php?rest_route=\/wp\/v2\/posts\/22538","targetHints":{"allow":["GET"]}}],"collection":[{"href":"https:\/\/noticiasveraces.com\/index.php?rest_route=\/wp\/v2\/posts"}],"about":[{"href":"https:\/\/noticiasveraces.com\/index.php?rest_route=\/wp\/v2\/types\/post"}],"author":[{"embeddable":true,"href":"https:\/\/noticiasveraces.com\/index.php?rest_route=\/wp\/v2\/users\/1"}],"replies":[{"embeddable":true,"href":"https:\/\/noticiasveraces.com\/index.php?rest_route=%2Fwp%2Fv2%2Fcomments&post=22538"}],"version-history":[{"count":0,"href":"https:\/\/noticiasveraces.com\/index.php?rest_route=\/wp\/v2\/posts\/22538\/revisions"}],"wp:featuredmedia":[{"embeddable":true,"href":"https:\/\/noticiasveraces.com\/index.php?rest_route=\/wp\/v2\/media\/22539"}],"wp:attachment":[{"href":"https:\/\/noticiasveraces.com\/index.php?rest_route=%2Fwp%2Fv2%2Fmedia&parent=22538"}],"wp:term":[{"taxonomy":"category","embeddable":true,"href":"https:\/\/noticiasveraces.com\/index.php?rest_route=%2Fwp%2Fv2%2Fcategories&post=22538"},{"taxonomy":"post_tag","embeddable":true,"href":"https:\/\/noticiasveraces.com\/index.php?rest_route=%2Fwp%2Fv2%2Ftags&post=22538"}],"curies":[{"name":"wp","href":"https:\/\/api.w.org\/{rel}","templated":true}]}}