{"id":22507,"date":"2025-04-11T14:09:09","date_gmt":"2025-04-11T18:09:09","guid":{"rendered":"https:\/\/noticiasveraces.com\/?p=22507"},"modified":"2025-04-11T14:09:09","modified_gmt":"2025-04-11T18:09:09","slug":"estados-unidos-dice-que-necesita-mas-tiempo-para-proporcionar-informacion-sobre-el-hombre-de-maryland-deportado-por-error","status":"publish","type":"post","link":"https:\/\/noticiasveraces.com\/?p=22507","title":{"rendered":"Estados Unidos dice que necesita m\u00e1s tiempo para proporcionar informaci\u00f3n sobre el hombre de Maryland deportado por error"},"content":{"rendered":"<p> \n<\/p>\n<div>\n<p class=\"body-graf\">GREENBELT, Maryland. Un juez federal dijo el viernes que es \u00abextremadamente preocupante\u00bb que un abogado del gobierno no pudiera explicar qu\u00e9, en todo caso, la administraci\u00f3n Trump ha hecho para organizar el regreso de un hombre de Maryland que fue deportado por error el mes pasado a una notoria prisi\u00f3n en El Salvador.<\/p>\n<p class=\"body-graf\">El abogado del gobierno de los Estados Unidos tambi\u00e9n luch\u00f3 por proporcionar informaci\u00f3n sobre el paradero exacto de Kilmar Abrego Garc\u00eda, a pesar de la decisi\u00f3n del jueves de la Corte Suprema de los Estados Unidos de que la administraci\u00f3n Trump debe traerlo de vuelta.<\/p>\n<p class=\"body-graf\">\u00ab\u00bfD\u00f3nde est\u00e1 \u00e9l y bajo cuya autoridad?\u00bb La jueza de distrito estadounidense, Paula Xinis, pregunt\u00f3 en una sala del tribunal de Maryland.<\/p>\n<p class=\"body-graf\">\u00abNo estoy pidiendo secretos estatales\u00bb, dijo. \u00abTodo lo que s\u00e9 es que \u00e9l no est\u00e1 aqu\u00ed. Se le prohibi\u00f3 al gobierno enviarlo a El Salvador, y ahora estoy haciendo una pregunta muy simple: \u00bfD\u00f3nde est\u00e1?\u00bb<\/p>\n<p class=\"body-graf\">Drew Ensign, un fiscal general adjunto adjunto, dijo que el gobierno no tiene evidencia para contradecir la creencia de que Abrego Garc\u00eda todav\u00eda est\u00e1 en El Salvador.<\/p>\n<p class=\"body-graf\">En respuesta, Xinis dijo: \u00abEso es extremadamente preocupante\u00bb.<\/p>\n<figure class=\"styles_inlineImage__FvnTh styles_medium__MEKii\"><picture class=\"styles_image__i32F7\" data-testid=\"picture\"><source media=\"(min-width: 1000px)\" srcset=\"https:\/\/media-cldnry.s-nbcnews.com\/image\/upload\/t_fit-560w,f_avif,q_auto:eco,dpr_2\/rockcms\/2025-04\/250404-Kilmar-Abrego-Garcia-mn-0925-54c684.jpg 2x, https:\/\/media-cldnry.s-nbcnews.com\/image\/upload\/t_fit-560w,f_auto,q_auto:best\/rockcms\/2025-04\/250404-Kilmar-Abrego-Garcia-mn-0925-54c684.jpg 1x\"\/><source media=\"(min-width: 320px)\" srcset=\"https:\/\/media-cldnry.s-nbcnews.com\/image\/upload\/t_fit-760w,f_avif,q_auto:eco,dpr_2\/rockcms\/2025-04\/250404-Kilmar-Abrego-Garcia-mn-0925-54c684.jpg 2x, https:\/\/media-cldnry.s-nbcnews.com\/image\/upload\/t_fit-760w,f_auto,q_auto:best\/rockcms\/2025-04\/250404-Kilmar-Abrego-Garcia-mn-0925-54c684.jpg 1x\"\/><img decoding=\"async\" loading=\"lazy\" src=\"https:\/\/media-cldnry.s-nbcnews.com\/image\/upload\/t_fit-760w,f_auto,q_auto:best\/rockcms\/2025-04\/250404-Kilmar-Abrego-Garcia-mn-0925-54c684.jpg\" alt=\"Kilmar Abrego Garcia. \" height=\"898\" width=\"898\"\/><\/picture><figcaption class=\"caption styles_caption__TCewG\" data-testid=\"caption\"><span class=\"caption__container\" data-testid=\"caption__container\">Kilmar Abrego Garcia. <\/span><span class=\"caption__source\" data-testid=\"caption__source\">Casa a trav\u00e9s de AP<\/span><\/figcaption><\/figure>\n<p class=\"body-graf\">El juez tambi\u00e9n le pregunt\u00f3 repetidamente a Ensign sobre lo que se ha hecho para facilitar el regreso de Abrego Garc\u00eda, preguntando con precisi\u00f3n: \u00ab\u00bfHan hecho algo?\u00bb &#8211; A lo que Ensign dijo que no ten\u00eda conocimiento personal de lo que se hab\u00eda hecho.<\/p>\n<p class=\"body-graf\">\u00abEso significa que no han hecho nada\u00bb, dijo el juez, y agreg\u00f3 m\u00e1s tarde: \u00abA pesar de la clara directiva de este tribunal, sus clientes no han hecho nada para facilitar el regreso del Sr. Abrego Garc\u00eda\u00bb.<\/p>\n<p class=\"body-graf\">Los abogados de la administraci\u00f3n Trump le dijeron a Xinis en una presentaci\u00f3n del viernes por la ma\u00f1ana que su fecha l\u00edmite de informaci\u00f3n del viernes por la ma\u00f1ana para la informaci\u00f3n era \u00abpoco pr\u00e1ctica\u00bb. Dijeron que no han tenido suficiente tiempo para revisar el fallo de la Corte Suprema.<\/p>\n<p class=\"body-graf\">Xinis hab\u00eda ordenado a la administraci\u00f3n Trump que \u00abtomara todas las medidas disponibles para facilitar el regreso\u00bb de Abrego Garc\u00eda despu\u00e9s de la orden del Tribunal Superior del jueves.<\/p>\n<p class=\"body-graf\">Ella solicit\u00f3 una declaraci\u00f3n de la administraci\u00f3n que se dirigi\u00f3 a la ubicaci\u00f3n y el estado de custodia de Abrego Garc\u00eda y qu\u00e9 pasos ha tomado la administraci\u00f3n y tomar\u00e1 para facilitar su regreso.<\/p>\n<p class=\"body-graf\">Los fiscales de los Estados Unidos tambi\u00e9n escribieron en la presentaci\u00f3n del viernes por la ma\u00f1ana que no era \u00abirrazonable\u00bb para el gobierno de los Estados Unidos \u00abrevelar posibles pasos antes de que se revisen, acordados y examinados\u00bb.<\/p>\n<p class=\"body-graf\">\u00abLos asuntos exteriores no pueden operar en plazos judiciales, en parte porque involucra consideraciones sensibles espec\u00edficas del pa\u00eds totalmente inapropiadas para la revisi\u00f3n judicial\u00bb, escribieron los abogados.<\/p>\n<p class=\"body-graf\">En su fallo del jueves, la Corte Suprema rechaz\u00f3 la apelaci\u00f3n de emergencia de la administraci\u00f3n de la orden del 4 de abril de Xinis para el regreso de Abrego Garc\u00eda.<\/p>\n<p class=\"body-graf\">El ciudadano salvadore\u00f1o ten\u00eda una orden del tribunal de inmigraci\u00f3n que evitaba su deportaci\u00f3n a su pa\u00eds natal por temor a que enfrentara la persecuci\u00f3n de las pandillas locales.<\/p>\n<p class=\"body-graf\">La Corte Suprema ha emitido una serie de fallos en su expediente de emergencia, donde la mayor\u00eda conservadora se ha puesto del lado parcial de Trump en medio de una ola de \u00f3rdenes del tribunal inferior que desaceleran la agenda radical del presidente. En el caso del jueves, el tribunal dijo que la orden de Xinis debe aclararse para asegurarse de que no se entrometa en el poder de la rama ejecutiva sobre los asuntos exteriores, ya que Abrego Garc\u00eda est\u00e1 detenida en el extranjero.<\/p>\n<p class=\"body-graf\">\u00abLa orden correctamente requiere que el gobierno &#8216;facilite&#8217; la liberaci\u00f3n de Abrego Garc\u00eda de la custodia en El Salvador y se asegure de que su caso se maneje como hubiera sido si no hubiera sido enviado de manera incorrecta a El Salvador\u00bb, dijo el tribunal en una orden sin firmar sin disentos notables.<\/p>\n<p class=\"body-graf\">La administraci\u00f3n afirma que Abrego Garc\u00eda es miembro de la pandilla MS-13, aunque nunca ha sido acusado o condenado por un delito. Sus abogados dijeron que no hay evidencia de que estuviera en la MS-13.<\/p>\n<figure class=\"styles_inlineImage__FvnTh styles_medium__MEKii\"><picture class=\"styles_image__i32F7\" data-testid=\"picture\"><source media=\"(min-width: 1000px)\" srcset=\"https:\/\/media-cldnry.s-nbcnews.com\/image\/upload\/t_fit-560w,f_avif,q_auto:eco,dpr_2\/rockcms\/2025-04\/250410-kilmar-abrego-garcia-wife-ac-924p-fc954c.jpg 2x, https:\/\/media-cldnry.s-nbcnews.com\/image\/upload\/t_fit-560w,f_auto,q_auto:best\/rockcms\/2025-04\/250410-kilmar-abrego-garcia-wife-ac-924p-fc954c.jpg 1x\"\/><source media=\"(min-width: 320px)\" srcset=\"https:\/\/media-cldnry.s-nbcnews.com\/image\/upload\/t_fit-760w,f_avif,q_auto:eco,dpr_2\/rockcms\/2025-04\/250410-kilmar-abrego-garcia-wife-ac-924p-fc954c.jpg 2x, https:\/\/media-cldnry.s-nbcnews.com\/image\/upload\/t_fit-760w,f_auto,q_auto:best\/rockcms\/2025-04\/250410-kilmar-abrego-garcia-wife-ac-924p-fc954c.jpg 1x\"\/><img decoding=\"async\" loading=\"lazy\" src=\"https:\/\/media-cldnry.s-nbcnews.com\/image\/upload\/t_fit-760w,f_auto,q_auto:best\/rockcms\/2025-04\/250410-kilmar-abrego-garcia-wife-ac-924p-fc954c.jpg\" alt=\"Imagen: los miembros del caucus hispano demandan el retorno de inmigrante deportado a la prisi\u00f3n de El Salvador Kilmar Abrego Garc\u00eda esposa esposa\" height=\"1667\" width=\"2500\"\/><\/picture><figcaption class=\"caption styles_caption__TCewG\" data-testid=\"caption\"><span class=\"caption__container\" data-testid=\"caption__container\">Esposa de Kilmar Abrego Garc\u00eda, Jennifer V\u00e1squez Sura, del centro, escucha durante una conferencia de prensa para discutir el arresto y la deportaci\u00f3n de su esposo durante una conferencia de prensa en Cannon House Building, en Washington, DC., El mi\u00e9rcoles.<\/span><span class=\"caption__source\" data-testid=\"caption__source\">Alex Wong \/ Getty Images<\/span><\/figcaption><\/figure>\n<p class=\"body-graf\">La administraci\u00f3n admiti\u00f3 que cometi\u00f3 un error al enviarlo a El Salvador, pero argument\u00f3 que ya no pod\u00eda hacer nada al respecto. Los jueces liberales del tribunal dijeron que la administraci\u00f3n deber\u00eda haberse apresurado a corregir \u00absu error atroz\u00bb y que estaba \u00abclaramente equivocado\u00bb sugerir que no pod\u00eda llevarlo a casa.<\/p>\n<p class=\"body-graf\">La esposa de Abrego Garc\u00eda, Jennifer V\u00e1squez Sura, dijo que la prueba ha sido una \u00abmonta\u00f1a rusa emocional\u00bb para su familia y toda la comunidad.<\/p>\n<p class=\"body-graf\">\u00abEstoy esperando ansiosamente que Kilmar est\u00e9 aqu\u00ed en mis brazos, y en nuestra casa poniendo a nuestros hijos a la cama, sabiendo que esta pesadilla est\u00e1 casi a su fin. Continuar\u00e9 peleando hasta que mi esposo est\u00e9 en casa\u00bb, dijo.<\/p>\n<p class=\"body-graf\">La orden del 4 de abril de Xinis dijo que la decisi\u00f3n del gobierno de arrestar a Abrego Garc\u00eda y enviarlo a El Salvador parec\u00eda ser \u00abcompletamente sin ley\u00bb.<\/p>\n<p class=\"body-graf\">\u00abHay poca o ninguna evidencia para apoyar una acusaci\u00f3n &#8216;vaga y sin corroborar&#8217; de que Abrego Garc\u00eda estuvo una vez en la pandilla callejera MS-13\u00bb, escribi\u00f3 el juez.<\/p>\n<p class=\"endmark body-graf\">El hombre de 29 a\u00f1os fue detenido por agentes de inmigraci\u00f3n y deportado el mes pasado. Ten\u00eda un permiso del Departamento de Seguridad Nacional para trabajar legalmente en los EE. UU. Y era un aprendiz de chapa que persigue una licencia de oficial, dijo su abogado. Su esposa es ciudadana estadounidense.<\/p>\n<\/div>\n\n","protected":false},"excerpt":{"rendered":"<p>GREENBELT, Maryland. Un juez federal dijo el viernes que es \u00abextremadamente preocupante\u00bb que un abogado del gobierno no pudiera explicar qu\u00e9, en todo caso, la administraci\u00f3n Trump ha hecho para organizar el regreso de un hombre de Maryland que fue deportado por error el mes pasado a una notoria prisi\u00f3n en El Salvador. El abogado &hellip;<\/p>\n","protected":false},"author":1,"featured_media":22509,"comment_status":"open","ping_status":"open","sticky":false,"template":"","format":"standard","meta":{"fifu_image_url":"https:\/\/media-cldnry.s-nbcnews.com\/image\/upload\/t_nbcnews-fp-1200-630,f_auto,q_auto:best\/rockcms\/2025-04\/250404-Kilmar-Abrego-Garcia-mn-0925-54c684.jpg","fifu_image_alt":"","footnotes":""},"categories":[4],"tags":[],"class_list":["post-22507","post","type-post","status-publish","format-standard","has-post-thumbnail","","category-historias-destacadas"],"_links":{"self":[{"href":"https:\/\/noticiasveraces.com\/index.php?rest_route=\/wp\/v2\/posts\/22507","targetHints":{"allow":["GET"]}}],"collection":[{"href":"https:\/\/noticiasveraces.com\/index.php?rest_route=\/wp\/v2\/posts"}],"about":[{"href":"https:\/\/noticiasveraces.com\/index.php?rest_route=\/wp\/v2\/types\/post"}],"author":[{"embeddable":true,"href":"https:\/\/noticiasveraces.com\/index.php?rest_route=\/wp\/v2\/users\/1"}],"replies":[{"embeddable":true,"href":"https:\/\/noticiasveraces.com\/index.php?rest_route=%2Fwp%2Fv2%2Fcomments&post=22507"}],"version-history":[{"count":0,"href":"https:\/\/noticiasveraces.com\/index.php?rest_route=\/wp\/v2\/posts\/22507\/revisions"}],"wp:featuredmedia":[{"embeddable":true,"href":"https:\/\/noticiasveraces.com\/index.php?rest_route=\/wp\/v2\/media\/22509"}],"wp:attachment":[{"href":"https:\/\/noticiasveraces.com\/index.php?rest_route=%2Fwp%2Fv2%2Fmedia&parent=22507"}],"wp:term":[{"taxonomy":"category","embeddable":true,"href":"https:\/\/noticiasveraces.com\/index.php?rest_route=%2Fwp%2Fv2%2Fcategories&post=22507"},{"taxonomy":"post_tag","embeddable":true,"href":"https:\/\/noticiasveraces.com\/index.php?rest_route=%2Fwp%2Fv2%2Ftags&post=22507"}],"curies":[{"name":"wp","href":"https:\/\/api.w.org\/{rel}","templated":true}]}}