{"id":22491,"date":"2025-04-11T12:54:41","date_gmt":"2025-04-11T16:54:41","guid":{"rendered":"https:\/\/noticiasveraces.com\/?p=22491"},"modified":"2025-04-11T12:54:41","modified_gmt":"2025-04-11T16:54:41","slug":"estos-3-trastornos-cerebrales-comunes-estan-vinculados-a-17-factores-de-riesgo-modificables","status":"publish","type":"post","link":"https:\/\/noticiasveraces.com\/?p=22491","title":{"rendered":"Estos 3 trastornos cerebrales comunes est\u00e1n vinculados a 17 factores de riesgo modificables"},"content":{"rendered":"<p> \n<\/p>\n<div>\n<p class=\"speakable\">Tres de las enfermedades relacionadas con el envejecimiento m\u00e1s comunes comparten muchos de los mismos factores de riesgo, y todas pueden reducirse a trav\u00e9s de cambios en el estilo de vida.<\/p>\n<p class=\"speakable\">Seg\u00fan un nuevo estudio del general Mass Brigham (MGB), que identific\u00f3 17 factores de riesgo comunes todos vinculados a accidente cerebrovascular, demencia y depresi\u00f3n de la vida tard\u00eda.<\/p>\n<p>Los investigadores revisaron los estudios publicados previamente de factores de riesgo asociados con esas tres condiciones, luego determinaron cu\u00e1les pueden controlarse a trav\u00e9s de comportamientos saludables.<\/p>\n<p><strong><u>La jubilaci\u00f3n podr\u00eda ser mala para su salud, dice el experto en bienestar: &#8216;impulsado por el prop\u00f3sito&#8217;<\/u><\/strong><\/p>\n<p>Tambi\u00e9n predijeron el impacto que cada factor de riesgo tuvo en la calidad de vida y la mortalidad, seg\u00fan un comunicado de prensa de MGB.<\/p>\n<div class=\"image-ct inline\">\n<div class=\"m\"><picture><source media=\"(max-width: 767px)\" srcset=\"https:\/\/a57.foxnews.com\/static.foxnews.com\/foxnews.com\/content\/uploads\/2024\/12\/343\/192\/istock-1222198251.jpg?ve=1&amp;tl=1, https:\/\/a57.foxnews.com\/static.foxnews.com\/foxnews.com\/content\/uploads\/2024\/12\/686\/384\/istock-1222198251.jpg?ve=1&amp;tl=1 2x\" height=\"192\" width=\"343\"><source media=\"(min-width: 768px) and (max-width: 1023px)\" srcset=\"https:\/\/a57.foxnews.com\/static.foxnews.com\/foxnews.com\/content\/uploads\/2024\/12\/672\/378\/istock-1222198251.jpg?ve=1&amp;tl=1, https:\/\/a57.foxnews.com\/static.foxnews.com\/foxnews.com\/content\/uploads\/2024\/12\/1344\/756\/istock-1222198251.jpg?ve=1&amp;tl=1 2x\" height=\"378\" width=\"672\"><source media=\"(min-width: 1024px) and (max-width: 1279px)\" srcset=\"https:\/\/a57.foxnews.com\/static.foxnews.com\/foxnews.com\/content\/uploads\/2024\/12\/931\/523\/istock-1222198251.jpg?ve=1&amp;tl=1, https:\/\/a57.foxnews.com\/static.foxnews.com\/foxnews.com\/content\/uploads\/2024\/12\/1862\/1046\/istock-1222198251.jpg?ve=1&amp;tl=1 2x\" height=\"523\" width=\"931\"><source media=\"(min-width: 1280px)\" srcset=\"https:\/\/a57.foxnews.com\/static.foxnews.com\/foxnews.com\/content\/uploads\/2024\/12\/720\/405\/istock-1222198251.jpg?ve=1&amp;tl=1, https:\/\/a57.foxnews.com\/static.foxnews.com\/foxnews.com\/content\/uploads\/2024\/12\/1440\/810\/istock-1222198251.jpg?ve=1&amp;tl=1 2x\" height=\"405\" width=\"720\"><img loading=\"lazy\" decoding=\"async\" src=\"https:\/\/a57.foxnews.com\/static.foxnews.com\/foxnews.com\/content\/uploads\/2024\/12\/1200\/675\/istock-1222198251.jpg?ve=1&amp;tl=1\" alt=\"Ilustraci\u00f3n del cerebro humano\" width=\"1200\" height=\"675\"\/><\/source><\/source><\/source><\/source><\/picture><\/div>\n<div class=\"info\">\n<div class=\"caption\">\n<p><span>\u00abLa sugerencia de que la actividad reducida puede ser un s\u00edntoma en lugar de una causa de la enfermedad cerebral desaf\u00eda la forma en que interpretamos los signos tempranos\u00bb.<\/span> <span>(Istock)<\/span><\/p>\n<\/div>\n<\/div>\n<\/div>\n<p>Los 17 factores de riesgo que comparten al menos dos de las enfermedades incluyen presi\u00f3n arterial, enfermedad renal, glucosa en plasma en ayunas, colesterol total, consumo de alcohol, dieta, p\u00e9rdida auditiva, dolor, actividad f\u00edsica, prop\u00f3sito en la vida, sue\u00f1o, fumar, compromiso social y estr\u00e9s, los investigadores enumerados. <\/p>\n<p>Los hallazgos fueron publicados en el Journal of Neurology, Neurocirug\u00eda y Psiquiatr\u00eda.<\/p>\n<p><strong><u>El suplemento com\u00fan podr\u00eda ayudarlo a vivir m\u00e1s tiempo, sugiere la investigaci\u00f3n<\/u><\/strong><\/p>\n<p>La autora principal Sanjula Singh, MD, PhD, investigadora principal de Brain Care Labs en el Hospital General de Massachusetts, describi\u00f3 el descubrimiento como \u00abesperanzador\u00bb.<\/p>\n<p>\u00abEsto significa que hay oportunidades reales para la prevenci\u00f3n. Ya sea manejar su presi\u00f3n arterial, mantenerse f\u00edsicamente activo, comer bien o mantener conexiones sociales, peque\u00f1os cambios en su rutina diaria pueden ayudarlo a cuidar mejor su cerebro con el tiempo\u00bb, dijo a Fox News Digital.<\/p>\n<blockquote class=\"pull-quote\">\n<p class=\"quote-text\">\u00abPeque\u00f1os cambios en su rutina diaria pueden ayudarlo a cuidar mejor su cerebro con el tiempo\u00bb.<\/p>\n<p> <!----><\/p><\/blockquote>\n<p>Brian Snelling, MD, del Instituto de Neurociencia de Miami, parte de Baptist Health South Florida, no particip\u00f3 en el estudio, pero comparti\u00f3 su opini\u00f3n sobre los hallazgos.<\/p>\n<p>\u00abLa influencia de factores como el dolor cr\u00f3nico y un sentido de prop\u00f3sito en la salud del cerebro fue notable y a menudo se pas\u00f3 por alto en la atenci\u00f3n neurol\u00f3gica\u00bb, dijo a Fox News Digital. <\/p>\n<p>\u00abAdem\u00e1s, la sugerencia de que la actividad reducida puede ser un s\u00edntoma en lugar de una causa de enfermedad cerebral desaf\u00eda c\u00f3mo interpretamos los signos tempranos\u00bb.<\/p>\n<div class=\"image-ct inline\">\n<div class=\"m\"><picture><source media=\"(max-width: 767px)\" srcset=\"https:\/\/a57.foxnews.com\/static.foxnews.com\/foxnews.com\/content\/uploads\/2023\/08\/343\/192\/cholesterol-test.jpg?ve=1&amp;tl=1, https:\/\/a57.foxnews.com\/static.foxnews.com\/foxnews.com\/content\/uploads\/2023\/08\/686\/384\/cholesterol-test.jpg?ve=1&amp;tl=1 2x\" height=\"192\" width=\"343\"><source media=\"(min-width: 768px) and (max-width: 1023px)\" srcset=\"https:\/\/a57.foxnews.com\/static.foxnews.com\/foxnews.com\/content\/uploads\/2023\/08\/672\/378\/cholesterol-test.jpg?ve=1&amp;tl=1, https:\/\/a57.foxnews.com\/static.foxnews.com\/foxnews.com\/content\/uploads\/2023\/08\/1344\/756\/cholesterol-test.jpg?ve=1&amp;tl=1 2x\" height=\"378\" width=\"672\"><source media=\"(min-width: 1024px) and (max-width: 1279px)\" srcset=\"https:\/\/a57.foxnews.com\/static.foxnews.com\/foxnews.com\/content\/uploads\/2023\/08\/931\/523\/cholesterol-test.jpg?ve=1&amp;tl=1, https:\/\/a57.foxnews.com\/static.foxnews.com\/foxnews.com\/content\/uploads\/2023\/08\/1862\/1046\/cholesterol-test.jpg?ve=1&amp;tl=1 2x\" height=\"523\" width=\"931\"><source media=\"(min-width: 1280px)\" srcset=\"https:\/\/a57.foxnews.com\/static.foxnews.com\/foxnews.com\/content\/uploads\/2023\/08\/720\/405\/cholesterol-test.jpg?ve=1&amp;tl=1, https:\/\/a57.foxnews.com\/static.foxnews.com\/foxnews.com\/content\/uploads\/2023\/08\/1440\/810\/cholesterol-test.jpg?ve=1&amp;tl=1 2x\" height=\"405\" width=\"720\"><img loading=\"lazy\" decoding=\"async\" src=\"https:\/\/a57.foxnews.com\/static.foxnews.com\/foxnews.com\/content\/uploads\/2023\/08\/1200\/675\/cholesterol-test.jpg?ve=1&amp;tl=1\" alt=\"Prueba de colesterol\" width=\"1200\" height=\"675\"\/><\/source><\/source><\/source><\/source><\/picture><\/div>\n<div class=\"info\">\n<div class=\"caption\">\n<p><span>El colesterol total fue uno de los factores de riesgo modificables compartidos por al menos dos de los tres trastornos cognitivos.<\/span> <span>(Istock)<\/span><\/p>\n<\/div>\n<\/div>\n<\/div>\n<p>El Dr. Marc Siegel, profesor cl\u00ednico de medicina en NYU Langone Health y Analista M\u00e9dico Senior de Fox News, dijo que est\u00e1 de acuerdo con los hallazgos del estudio.<\/p>\n<p>\u00abTodos estos factores est\u00e1n bien probados para disminuir la inflamaci\u00f3n en el cuerpo y, por lo tanto, el riesgo de accidente cerebrovascular, demencia y depresi\u00f3n de la vida tard\u00eda\u00bb, dijo a Fox News Digital.<\/p>\n<h2><strong>Cambios incrementales<\/strong><\/h2>\n<p>Para evitar sentirse abrumados, los investigadores recomiendan sobre los 17 factores como un \u00abmen\u00fa de opciones\u00bb.<\/p>\n<p>\u00abNo tiene que abordarlos a todos a la vez, comenzando con uno a tres cambios peque\u00f1os y realistas ya pueden hacer una diferencia significativa\u00bb, dijo Singh. \u00abEstos hallazgos podr\u00edan ayudar a las personas a considerar cu\u00e1les de estos 17 factores de riesgo podr\u00edan ser un punto de partida para cuidar mejor sus cerebros\u00bb.<\/p>\n<p><strong><u>El nuevo an\u00e1lisis de sangre diagnostica la enfermedad de Alzheimer y mide qu\u00e9 tan lejos est\u00e1 progresado<\/u><\/strong><\/p>\n<p>Para comenzar, Singh recomend\u00f3 medir la presi\u00f3n arterial y tomar medidas para mantenerla en un nivel saludable.<\/p>\n<p>\u00abHay muchas maneras de controlar su presi\u00f3n arterial: reducir la ingesta de sal, aumentar la actividad f\u00edsica, comer m\u00e1s frutas y verduras, controlar el estr\u00e9s y tomar medicamentos cuando se le recet\u00f3\u00bb, aconsej\u00f3. <\/p>\n<div class=\"image-ct inline\">\n<div class=\"m\"><picture><source media=\"(max-width: 767px)\" srcset=\"https:\/\/a57.foxnews.com\/static.foxnews.com\/foxnews.com\/content\/uploads\/2025\/04\/343\/192\/man-blood-pressure.jpg?ve=1&amp;tl=1, https:\/\/a57.foxnews.com\/static.foxnews.com\/foxnews.com\/content\/uploads\/2025\/04\/686\/384\/man-blood-pressure.jpg?ve=1&amp;tl=1 2x\" height=\"192\" width=\"343\"><source media=\"(min-width: 768px) and (max-width: 1023px)\" srcset=\"https:\/\/a57.foxnews.com\/static.foxnews.com\/foxnews.com\/content\/uploads\/2025\/04\/672\/378\/man-blood-pressure.jpg?ve=1&amp;tl=1, https:\/\/a57.foxnews.com\/static.foxnews.com\/foxnews.com\/content\/uploads\/2025\/04\/1344\/756\/man-blood-pressure.jpg?ve=1&amp;tl=1 2x\" height=\"378\" width=\"672\"><source media=\"(min-width: 1024px) and (max-width: 1279px)\" srcset=\"https:\/\/a57.foxnews.com\/static.foxnews.com\/foxnews.com\/content\/uploads\/2025\/04\/931\/523\/man-blood-pressure.jpg?ve=1&amp;tl=1, https:\/\/a57.foxnews.com\/static.foxnews.com\/foxnews.com\/content\/uploads\/2025\/04\/1862\/1046\/man-blood-pressure.jpg?ve=1&amp;tl=1 2x\" height=\"523\" width=\"931\"><source media=\"(min-width: 1280px)\" srcset=\"https:\/\/a57.foxnews.com\/static.foxnews.com\/foxnews.com\/content\/uploads\/2025\/04\/720\/405\/man-blood-pressure.jpg?ve=1&amp;tl=1, https:\/\/a57.foxnews.com\/static.foxnews.com\/foxnews.com\/content\/uploads\/2025\/04\/1440\/810\/man-blood-pressure.jpg?ve=1&amp;tl=1 2x\" height=\"405\" width=\"720\"><img loading=\"lazy\" decoding=\"async\" src=\"https:\/\/a57.foxnews.com\/static.foxnews.com\/foxnews.com\/content\/uploads\/2025\/04\/1200\/675\/man-blood-pressure.jpg?ve=1&amp;tl=1\" alt=\"Presi\u00f3n arterial del hombre\" width=\"1200\" height=\"675\"\/><\/source><\/source><\/source><\/source><\/picture><\/div>\n<div class=\"info\">\n<div class=\"caption\">\n<p><span>Para comenzar con un \u00e1rea para comenzar, el autor del estudio principal (no en la foto) recomend\u00f3 medir la presi\u00f3n arterial y tomar medidas para mantenerla en un nivel saludable.<\/span> <span>(Istock)<\/span><\/p>\n<\/div>\n<\/div>\n<\/div>\n<p>Seg\u00fan el investigador, otras \u00e1reas importantes en las que centrarse incluyen el sue\u00f1o, las conexiones sociales, el az\u00facar en la sangre y la actividad f\u00edsica. <\/p>\n<p>\u00abLo m\u00e1s importante es comenzar en alg\u00fan lugar, incluso las peque\u00f1as mejoras pueden marcar una diferencia significativa para la salud del cerebro\u00bb, dijo.<\/p>\n<p><strong><u>El cerebro y la memoria se impulsan al comer una dieta en particular<\/u><\/strong><\/p>\n<p>Muchos de los factores est\u00e1n interconectados, se\u00f1al\u00f3 Singh. <\/p>\n<p>\u00abEl progreso en un \u00e1rea a menudo apoya el progreso en otros\u00bb, dijo. \u00abPor ejemplo, volverse m\u00e1s activo puede ayudar a mejorar el sue\u00f1o o la presi\u00f3n arterial inferior\u00bb.<\/p>\n<p><strong><u>Haga clic aqu\u00ed para obtener la aplicaci\u00f3n Fox News<\/u><\/strong><\/p>\n<p>Seg\u00fan Snelling, manejar la presi\u00f3n arterial y la salud renal, as\u00ed como mantenerse en forma mental y social, son estrategias clave para proteger el cerebro, seg\u00fan Snelling.<\/p>\n<p>\u00abEl cuidado cerebral proactivo debe comenzar mucho antes de que aparezcan los s\u00edntomas\u00bb, dijo.<\/p>\n<h2><strong>Limitaciones del estudio<\/strong><\/h2>\n<p>Como cualquier estudio, se\u00f1al\u00f3 Singh, este ten\u00eda varias limitaciones. <\/p>\n<p>\u00abNos centramos en factores de riesgo modificables que se superponen con al menos dos de las tres condiciones; como resultado, podemos haber excluido importantes factores de riesgo que son espec\u00edficos de una sola condici\u00f3n, particularmente ciertos factores psicol\u00f3gicos o de comportamiento relacionados con la depresi\u00f3n de la vida tard\u00eda\u00bb, dijo a Fox News Digital. <\/p>\n<div class=\"image-ct inline\">\n<div class=\"m\"><picture><source media=\"(max-width: 767px)\" srcset=\"https:\/\/a57.foxnews.com\/static.foxnews.com\/foxnews.com\/content\/uploads\/2020\/02\/343\/192\/Baby-Boomers-iStock.jpg?ve=1&amp;tl=1, https:\/\/a57.foxnews.com\/static.foxnews.com\/foxnews.com\/content\/uploads\/2020\/02\/686\/384\/Baby-Boomers-iStock.jpg?ve=1&amp;tl=1 2x\" height=\"192\" width=\"343\"><source media=\"(min-width: 768px) and (max-width: 1023px)\" srcset=\"https:\/\/a57.foxnews.com\/static.foxnews.com\/foxnews.com\/content\/uploads\/2020\/02\/672\/378\/Baby-Boomers-iStock.jpg?ve=1&amp;tl=1, https:\/\/a57.foxnews.com\/static.foxnews.com\/foxnews.com\/content\/uploads\/2020\/02\/1344\/756\/Baby-Boomers-iStock.jpg?ve=1&amp;tl=1 2x\" height=\"378\" width=\"672\"><source media=\"(min-width: 1024px) and (max-width: 1279px)\" srcset=\"https:\/\/a57.foxnews.com\/static.foxnews.com\/foxnews.com\/content\/uploads\/2020\/02\/931\/523\/Baby-Boomers-iStock.jpg?ve=1&amp;tl=1, https:\/\/a57.foxnews.com\/static.foxnews.com\/foxnews.com\/content\/uploads\/2020\/02\/1862\/1046\/Baby-Boomers-iStock.jpg?ve=1&amp;tl=1 2x\" height=\"523\" width=\"931\"><source media=\"(min-width: 1280px)\" srcset=\"https:\/\/a57.foxnews.com\/static.foxnews.com\/foxnews.com\/content\/uploads\/2020\/02\/720\/405\/Baby-Boomers-iStock.jpg?ve=1&amp;tl=1, https:\/\/a57.foxnews.com\/static.foxnews.com\/foxnews.com\/content\/uploads\/2020\/02\/1440\/810\/Baby-Boomers-iStock.jpg?ve=1&amp;tl=1 2x\" height=\"405\" width=\"720\"><img loading=\"lazy\" decoding=\"async\" src=\"https:\/\/a57.foxnews.com\/static.foxnews.com\/foxnews.com\/content\/uploads\/2020\/02\/1200\/675\/Baby-Boomers-iStock.jpg?ve=1&amp;tl=1\" alt=\"Caminar\" width=\"1200\" height=\"675\"\/><\/source><\/source><\/source><\/source><\/picture><\/div>\n<div class=\"info\">\n<div class=\"caption\">\n<p><span>Seg\u00fan los expertos, mantener las conexiones sociales es una de las estrategias m\u00e1s importantes para proteger la salud del cerebro.<\/span> <span>(Istock)<\/span><\/p>\n<\/div>\n<\/div>\n<\/div>\n<p>Los investigadores tambi\u00e9n se basaron solo en los metaan\u00e1lisis existentes, lo que signific\u00f3 que se hab\u00edan perdido algunos factores potencialmente importantes en estudios m\u00e1s peque\u00f1os. <\/p>\n<p>\u00abAdem\u00e1s, la fuerza de la evidencia vari\u00f3 entre los factores y condiciones de riesgo, y no pudimos establecer la causalidad, solo las asociaciones\u00bb, dijo Singh. \u00abA\u00fan as\u00ed, esperamos que este trabajo ofrezca un punto de partida \u00fatil para la investigaci\u00f3n centrada en la prevenci\u00f3n\u00bb.<\/p>\n<p><strong><u>Haga clic aqu\u00ed para registrarse en nuestro bolet\u00edn de salud<\/u><\/strong><\/p>\n<p>Snelling estuvo de acuerdo en que, si bien la gran revisi\u00f3n muestra asociaciones s\u00f3lidas, no confirma la causa y el efecto. <\/p>\n<p>\u00abTambi\u00e9n destaca la necesidad de datos m\u00e1s de alta calidad, especialmente alrededor de la depresi\u00f3n de la vida tard\u00eda\u00bb.<\/p>\n<blockquote class=\"pull-quote\">\n<p class=\"quote-text\">\u00abLa atenci\u00f3n cerebral proactiva debe comenzar mucho antes de que aparezcan los s\u00edntomas\u00bb.<\/p>\n<p> <!----><\/p><\/blockquote>\n<p>En general, los expertos acordaron que el estudio enfatiza que los cambios en el estilo de vida pueden ser fundamentales para promover la salud y la longevidad.<\/p>\n<p>\u00abLa dieta, el ejercicio, el sue\u00f1o y tener un prop\u00f3sito en la vida no son solo buenos para la salud del cerebro, tambi\u00e9n son cr\u00edticos para prevenir numerosas enfermedades cr\u00f3nicas\u00bb, dijo a Fox News Digital, la m\u00e9dica de familia, la Dra. Brintha Vasagar, con sede en Milwaukee, Wisconsin,.<\/p>\n<p><i><strong><u>Para m\u00e1s art\u00edculos de salud, visite <\/u><\/strong><\/i><i><strong><u>www.foxnews.com\/Health<\/u><\/strong><\/i><\/p>\n<p>\u00abSu m\u00e9dico de medicina familiar puede ayudarlo a identificar qu\u00e9 cambios tendr\u00edan el mayor impacto en su salud\u00bb.<\/p>\n<p> <!----> <\/p>\n<div class=\"article-meta\">\n<div class=\"author-bio\">\n<p>Melissa Rudy es editora de salud senior y miembro del equipo de estilo de vida en Fox News Digital. Los consejos de la historia se pueden enviar a melissa.rudy@fox.com.<\/p>\n<\/div>\n<\/div>\n<\/div>\n\n","protected":false},"excerpt":{"rendered":"<p>Tres de las enfermedades relacionadas con el envejecimiento m\u00e1s comunes comparten muchos de los mismos factores de riesgo, y todas pueden reducirse a trav\u00e9s de cambios en el estilo de vida. Seg\u00fan un nuevo estudio del general Mass Brigham (MGB), que identific\u00f3 17 factores de riesgo comunes todos vinculados a accidente cerebrovascular, demencia y depresi\u00f3n &hellip;<\/p>\n","protected":false},"author":1,"featured_media":22493,"comment_status":"open","ping_status":"open","sticky":false,"template":"","format":"standard","meta":{"fifu_image_url":"https:\/\/a57.foxnews.com\/static.foxnews.com\/foxnews.com\/content\/uploads\/2024\/12\/1200\/675\/istock-1222198251.jpg?ve=1&tl=1","fifu_image_alt":"","footnotes":""},"categories":[8],"tags":[],"class_list":["post-22491","post","type-post","status-publish","format-standard","has-post-thumbnail","","category-salud"],"_links":{"self":[{"href":"https:\/\/noticiasveraces.com\/index.php?rest_route=\/wp\/v2\/posts\/22491","targetHints":{"allow":["GET"]}}],"collection":[{"href":"https:\/\/noticiasveraces.com\/index.php?rest_route=\/wp\/v2\/posts"}],"about":[{"href":"https:\/\/noticiasveraces.com\/index.php?rest_route=\/wp\/v2\/types\/post"}],"author":[{"embeddable":true,"href":"https:\/\/noticiasveraces.com\/index.php?rest_route=\/wp\/v2\/users\/1"}],"replies":[{"embeddable":true,"href":"https:\/\/noticiasveraces.com\/index.php?rest_route=%2Fwp%2Fv2%2Fcomments&post=22491"}],"version-history":[{"count":0,"href":"https:\/\/noticiasveraces.com\/index.php?rest_route=\/wp\/v2\/posts\/22491\/revisions"}],"wp:featuredmedia":[{"embeddable":true,"href":"https:\/\/noticiasveraces.com\/index.php?rest_route=\/wp\/v2\/media\/22493"}],"wp:attachment":[{"href":"https:\/\/noticiasveraces.com\/index.php?rest_route=%2Fwp%2Fv2%2Fmedia&parent=22491"}],"wp:term":[{"taxonomy":"category","embeddable":true,"href":"https:\/\/noticiasveraces.com\/index.php?rest_route=%2Fwp%2Fv2%2Fcategories&post=22491"},{"taxonomy":"post_tag","embeddable":true,"href":"https:\/\/noticiasveraces.com\/index.php?rest_route=%2Fwp%2Fv2%2Ftags&post=22491"}],"curies":[{"name":"wp","href":"https:\/\/api.w.org\/{rel}","templated":true}]}}