{"id":22456,"date":"2025-04-11T05:38:14","date_gmt":"2025-04-11T09:38:14","guid":{"rendered":"https:\/\/noticiasveraces.com\/?p=22456"},"modified":"2025-04-11T05:38:14","modified_gmt":"2025-04-11T09:38:14","slug":"europa-debe-asumir-responsabilidad-ante-rumbo-de-eeuu-dw-11-04-2025","status":"publish","type":"post","link":"https:\/\/noticiasveraces.com\/?p=22456","title":{"rendered":"Europa debe \u00abasumir responsabilidad\u00bb ante rumbo de EEUU \u2013 DW \u2013 11\/04\/2025"},"content":{"rendered":"<p> \n<\/p>\n<div>\n<p>El ministro de Defensa de Alemania, Boris Pistorius, subray\u00f3 este viernes (11.04.2025)\u00a0 la importancia de que Europa\u00a0asuma responsabilidad en lo que respecta al apoyo a Ucrania\u00a0ante el evidente cambio de rumbo en Estados Unidos, al tiempo que dijo seguir apostando por la cooperaci\u00f3n con Washington.<\/p>\n<p>En declaraciones a su llegada a la vig\u00e9simo s\u00e9ptima reuni\u00f3n del Grupo de Contacto de Defensa de Ucrania, que re\u00fane a unos 50 pa\u00edses para impulsar el apoyo militar adicional a Kiev y que en esta ocasi\u00f3n est\u00e1 presidida por Reino Unido y Alemania, Pistorius afirm\u00f3 que \u00abno ser\u00eda honesto ignorar el hecho de que hay un cambio de rumbo de la administraci\u00f3n estadounidense\u00bb.<\/p>\n<p>\u00abEso era reconocible desde el primer d\u00eda. Que la presidencia ya no recae en nuestros socios estadounidenses, es una cosa, que Pete Hegseth (secretario de Defensa de Estados Unidos) no est\u00e9 hoy aqu\u00ed, puede tener varias razones\u00bb, declar\u00f3.<\/p>\n<figure class=\"placeholder-image master_landscape big\"><img data-format=\"MASTER_LANDSCAPE\" data-id=\"71961873\" data-url=\"https:\/\/static.dw.com\/image\/71961873_${formatId}.jpg\" data-aspect-ratio=\"16\/9\" alt=\"Boris Pistorius, ministro de Defensa de Alemania, en el Parlamento alem\u00e1n.\" style=\"padding-bottom: 56.25%; height: 0; max-height: 0;\"\/><figcaption class=\"img-caption\">El ministro alem\u00e1n de Defensa, Boris Pistorius, en el Bundestag.<small class=\"copyright\">Imagen: Michael Kappeler\/DPA\/Picture Alliance<\/small><\/figcaption><\/figure>\n<p>Pero en general, agreg\u00f3, \u00abuno no puede evitar darse cuenta de que la pasi\u00f3n y la fiabilidad con las que Estados Unidos de Am\u00e9rica ha apoyado a Ucrania en los \u00faltimos tres a\u00f1os, especialmente bajo el liderazgo de Lloyd Austin, ha cambiado, es obvio\u00bb.<\/p>\n<p>\u00abPor eso es tan importante que, como europeos veamos qu\u00e9 parte de la responsabilidad podemos asumir lo antes posible y, al mismo tiempo, dejar claro que, por supuesto, seguiremos contando con el acompa\u00f1amiento, con el apoyo de los estadounidenses\u00bb resalt\u00f3.<\/p>\n<p>Record\u00f3 que la cuesti\u00f3n principal en la reuni\u00f3n es el apoyo a Ucrania y agreg\u00f3 que todos son conscientes que \u00abhay una serie de \u00e1mbitos en los que la cooperaci\u00f3n con los Estados Unidos de Am\u00e9rica se est\u00e1 viendo dificultada por las acciones de la administraci\u00f3n estadounidense\u00bb, aunque se mostr\u00f3 convencido que tambi\u00e9n habr\u00e1 v\u00edas para volver a salir de esta situaci\u00f3n.<\/p>\n<p>Afirm\u00f3 que la decisi\u00f3n del presidente estadounidense, Donald Trump, de suspender los aranceles reci\u00e9n impuestos, por ejemplo, demuestran que \u00abevidentemente no hay una l\u00ednea estricta\u00bb.<\/p>\n<p>\u00abSeguiremos abiertos al di\u00e1logo, no s\u00f3lo en mi \u00e1mbito, sino tambi\u00e9n en todos los dem\u00e1s\u00bb, dijo, y destac\u00f3 la importancia de no perder de vista \u00abla buena experiencia hist\u00f3rica\u00bb que \u00abno debe ponerse en juego a la ligera\u00bb, al tiempo que se mostr\u00f3 convencido de que \u00abmuchos de los responsables en Washington lo saben muy bien\u00bb.<\/p>\n<p>CP (EFE, DPAD)<\/p>\n<\/div>\n\n","protected":false},"excerpt":{"rendered":"<p>El ministro de Defensa de Alemania, Boris Pistorius, subray\u00f3 este viernes (11.04.2025)\u00a0 la importancia de que Europa\u00a0asuma responsabilidad en lo que respecta al apoyo a Ucrania\u00a0ante el evidente cambio de rumbo en Estados Unidos, al tiempo que dijo seguir apostando por la cooperaci\u00f3n con Washington. En declaraciones a su llegada a la vig\u00e9simo s\u00e9ptima reuni\u00f3n &hellip;<\/p>\n","protected":false},"author":1,"featured_media":22457,"comment_status":"open","ping_status":"open","sticky":false,"template":"","format":"standard","meta":{"fifu_image_url":"https:\/\/static.dw.com\/image\/71920800_6.jpg","fifu_image_alt":"","footnotes":""},"categories":[13],"tags":[],"class_list":["post-22456","post","type-post","status-publish","format-standard","has-post-thumbnail","","category-mundo"],"_links":{"self":[{"href":"https:\/\/noticiasveraces.com\/index.php?rest_route=\/wp\/v2\/posts\/22456","targetHints":{"allow":["GET"]}}],"collection":[{"href":"https:\/\/noticiasveraces.com\/index.php?rest_route=\/wp\/v2\/posts"}],"about":[{"href":"https:\/\/noticiasveraces.com\/index.php?rest_route=\/wp\/v2\/types\/post"}],"author":[{"embeddable":true,"href":"https:\/\/noticiasveraces.com\/index.php?rest_route=\/wp\/v2\/users\/1"}],"replies":[{"embeddable":true,"href":"https:\/\/noticiasveraces.com\/index.php?rest_route=%2Fwp%2Fv2%2Fcomments&post=22456"}],"version-history":[{"count":0,"href":"https:\/\/noticiasveraces.com\/index.php?rest_route=\/wp\/v2\/posts\/22456\/revisions"}],"wp:featuredmedia":[{"embeddable":true,"href":"https:\/\/noticiasveraces.com\/index.php?rest_route=\/wp\/v2\/media\/22457"}],"wp:attachment":[{"href":"https:\/\/noticiasveraces.com\/index.php?rest_route=%2Fwp%2Fv2%2Fmedia&parent=22456"}],"wp:term":[{"taxonomy":"category","embeddable":true,"href":"https:\/\/noticiasveraces.com\/index.php?rest_route=%2Fwp%2Fv2%2Fcategories&post=22456"},{"taxonomy":"post_tag","embeddable":true,"href":"https:\/\/noticiasveraces.com\/index.php?rest_route=%2Fwp%2Fv2%2Ftags&post=22456"}],"curies":[{"name":"wp","href":"https:\/\/api.w.org\/{rel}","templated":true}]}}