{"id":22444,"date":"2025-04-11T03:34:31","date_gmt":"2025-04-11T07:34:31","guid":{"rendered":"https:\/\/noticiasveraces.com\/?p=22444"},"modified":"2025-04-11T03:34:31","modified_gmt":"2025-04-11T07:34:31","slug":"china-y-europa-deben-proteger-juntos-la-globalizacion-dw-11-04-2025","status":"publish","type":"post","link":"https:\/\/noticiasveraces.com\/?p=22444","title":{"rendered":"China y Europa deben proteger juntos la globalizaci\u00f3n \u2013 DW \u2013 11\/04\/2025"},"content":{"rendered":"<p> \n<\/p>\n<div>\n<p>El presidente chino,Xi Jinping, pidi\u00f3 este viernes (11.04.2025) al jefe del Gobierno espa\u00f1ol, Pedro S\u00e1nchez, que China\u00a0y Europa \u00abprotejan conjuntamente la tendencia a la globalizaci\u00f3n\u00a0econ\u00f3mica\u00bb y \u00abse opongan a pr\u00e1cticas intimidatorias unilaterales\u00bb, en plena batalla comercial entre el gigante asi\u00e1tico y\u00a0\u00a0Estados Unidos.<\/p>\n<p>Xi indic\u00f3 que \u00absolo mediante la unidad y la cooperaci\u00f3n pueden los pa\u00edses mantener la paz y la estabilidad mundiales y promover el desarrollo y la prosperidad global\u00bb, seg\u00fan un comunicado publicado por la cadena estatal CCTV.<\/p>\n<p>El mandatario chino asever\u00f3 que \u00abel potencial de transformaci\u00f3n industrial de los m\u00e1s de 1.400 millones de habitantes de China dar\u00e1n un fuerte impulso a la econom\u00eda mundial\u00bb, mientras instaba a que el pa\u00eds asi\u00e1tico y Espa\u00f1a \u00abconsoliden su confianza y respeto mutuos\u00bb.<\/p>\n<p>CP (EFE, AFP)<\/p>\n<\/div>\n\n","protected":false},"excerpt":{"rendered":"<p>El presidente chino,Xi Jinping, pidi\u00f3 este viernes (11.04.2025) al jefe del Gobierno espa\u00f1ol, Pedro S\u00e1nchez, que China\u00a0y Europa \u00abprotejan conjuntamente la tendencia a la globalizaci\u00f3n\u00a0econ\u00f3mica\u00bb y \u00abse opongan a pr\u00e1cticas intimidatorias unilaterales\u00bb, en plena batalla comercial entre el gigante asi\u00e1tico y\u00a0\u00a0Estados Unidos. Xi indic\u00f3 que \u00absolo mediante la unidad y la cooperaci\u00f3n pueden los pa\u00edses &hellip;<\/p>\n","protected":false},"author":1,"featured_media":22445,"comment_status":"open","ping_status":"open","sticky":false,"template":"","format":"standard","meta":{"fifu_image_url":"https:\/\/static.dw.com\/image\/65198564_6.jpg","fifu_image_alt":"","footnotes":""},"categories":[13],"tags":[],"class_list":["post-22444","post","type-post","status-publish","format-standard","has-post-thumbnail","","category-mundo"],"_links":{"self":[{"href":"https:\/\/noticiasveraces.com\/index.php?rest_route=\/wp\/v2\/posts\/22444","targetHints":{"allow":["GET"]}}],"collection":[{"href":"https:\/\/noticiasveraces.com\/index.php?rest_route=\/wp\/v2\/posts"}],"about":[{"href":"https:\/\/noticiasveraces.com\/index.php?rest_route=\/wp\/v2\/types\/post"}],"author":[{"embeddable":true,"href":"https:\/\/noticiasveraces.com\/index.php?rest_route=\/wp\/v2\/users\/1"}],"replies":[{"embeddable":true,"href":"https:\/\/noticiasveraces.com\/index.php?rest_route=%2Fwp%2Fv2%2Fcomments&post=22444"}],"version-history":[{"count":0,"href":"https:\/\/noticiasveraces.com\/index.php?rest_route=\/wp\/v2\/posts\/22444\/revisions"}],"wp:featuredmedia":[{"embeddable":true,"href":"https:\/\/noticiasveraces.com\/index.php?rest_route=\/wp\/v2\/media\/22445"}],"wp:attachment":[{"href":"https:\/\/noticiasveraces.com\/index.php?rest_route=%2Fwp%2Fv2%2Fmedia&parent=22444"}],"wp:term":[{"taxonomy":"category","embeddable":true,"href":"https:\/\/noticiasveraces.com\/index.php?rest_route=%2Fwp%2Fv2%2Fcategories&post=22444"},{"taxonomy":"post_tag","embeddable":true,"href":"https:\/\/noticiasveraces.com\/index.php?rest_route=%2Fwp%2Fv2%2Ftags&post=22444"}],"curies":[{"name":"wp","href":"https:\/\/api.w.org\/{rel}","templated":true}]}}