{"id":22439,"date":"2025-04-11T02:31:04","date_gmt":"2025-04-11T06:31:04","guid":{"rendered":"https:\/\/noticiasveraces.com\/?p=22439"},"modified":"2025-04-11T02:31:04","modified_gmt":"2025-04-11T06:31:04","slug":"no-fueron-uno-ni-dos-fueron-tres-memes-de-internacional-vs-nacional","status":"publish","type":"post","link":"https:\/\/noticiasveraces.com\/?p=22439","title":{"rendered":"No fueron uno, ni dos, fueron tres: memes de Internacional vs Nacional"},"content":{"rendered":"<p> \n<br \/><img decoding=\"async\" src=\"https:\/\/www.futbolred.com\/files\/article_graphic\/uploads\/2025\/04\/10\/67f86305964f8.jpeg\" \/><\/p>\n<header>\n<h3>\n<p>                Curiosidades de f\u00fatbol<br \/>\n            <\/h3>\n<h1>\n<p>            No fueron uno, ni dos, fueron tres: memes de Internacional vs Nacional<br \/>\n        <\/h1>\n<address>\n            <a>Andres Julian Abril Gomez<br \/>\n        <\/address>\n<p>            10 de abril 2025 , 07:32 p.\u00a0m.<\/p>\n<\/header>\n<p>El cuadro verdolaga sufri\u00f3 en Copa Libertadores y perdi\u00f3 la punta de su zona.<\/p>\n<p><b>Atl\u00e9tico Nacional<\/b> no la pas\u00f3 nada bien ante<b> Internacional<\/b> y cay\u00f3 goleado en el Beira R\u00edo por la segunda fecha de la <b>Copa Libertadores 2025<\/b>. El cuadro verdolaga tuvo un buen primer tiempo, pero en la segunda parte perdi\u00f3 el rumbo y se fue vapuleado de Brasil.  <\/p>\n<p>En el complemento, a Nacional le cobraron dos penaltis que fueron cobrados por Alan Patrick mientras que el mismo jugador coloc\u00f3 el tercer tanto sobre el minuto 88 para sentenciar al equipo colombiano.  <\/p>\n<p>Tras la dura derrota, las redes sociales se llenaron de memes sobre el partido y muchos se\u00f1alaron como culpables a Marino Hinestroza, David Ospina e incluso al t\u00e9cnico Javier Gandolfi.<\/p>\n<p><b>Vea mejores memes de Internacional 3-0 Atl\u00e9tico Nacional<\/b><\/p>\n\n","protected":false},"excerpt":{"rendered":"<p>Curiosidades de f\u00fatbol No fueron uno, ni dos, fueron tres: memes de Internacional vs Nacional Andres Julian Abril Gomez 10 de abril 2025 , 07:32 p.\u00a0m. El cuadro verdolaga sufri\u00f3 en Copa Libertadores y perdi\u00f3 la punta de su zona. Atl\u00e9tico Nacional no la pas\u00f3 nada bien ante Internacional y cay\u00f3 goleado en el Beira &hellip;<\/p>\n","protected":false},"author":1,"featured_media":22441,"comment_status":"open","ping_status":"open","sticky":false,"template":"","format":"standard","meta":{"fifu_image_url":"https:\/\/www.futbolred.com\/files\/og_thumbnail\/uploads\/2025\/04\/10\/67f86305964f8.jpeg","fifu_image_alt":"","footnotes":""},"categories":[6],"tags":[],"class_list":["post-22439","post","type-post","status-publish","format-standard","has-post-thumbnail","","category-deportes"],"_links":{"self":[{"href":"https:\/\/noticiasveraces.com\/index.php?rest_route=\/wp\/v2\/posts\/22439","targetHints":{"allow":["GET"]}}],"collection":[{"href":"https:\/\/noticiasveraces.com\/index.php?rest_route=\/wp\/v2\/posts"}],"about":[{"href":"https:\/\/noticiasveraces.com\/index.php?rest_route=\/wp\/v2\/types\/post"}],"author":[{"embeddable":true,"href":"https:\/\/noticiasveraces.com\/index.php?rest_route=\/wp\/v2\/users\/1"}],"replies":[{"embeddable":true,"href":"https:\/\/noticiasveraces.com\/index.php?rest_route=%2Fwp%2Fv2%2Fcomments&post=22439"}],"version-history":[{"count":0,"href":"https:\/\/noticiasveraces.com\/index.php?rest_route=\/wp\/v2\/posts\/22439\/revisions"}],"wp:featuredmedia":[{"embeddable":true,"href":"https:\/\/noticiasveraces.com\/index.php?rest_route=\/wp\/v2\/media\/22441"}],"wp:attachment":[{"href":"https:\/\/noticiasveraces.com\/index.php?rest_route=%2Fwp%2Fv2%2Fmedia&parent=22439"}],"wp:term":[{"taxonomy":"category","embeddable":true,"href":"https:\/\/noticiasveraces.com\/index.php?rest_route=%2Fwp%2Fv2%2Fcategories&post=22439"},{"taxonomy":"post_tag","embeddable":true,"href":"https:\/\/noticiasveraces.com\/index.php?rest_route=%2Fwp%2Fv2%2Ftags&post=22439"}],"curies":[{"name":"wp","href":"https:\/\/api.w.org\/{rel}","templated":true}]}}