{"id":22429,"date":"2025-04-11T01:24:10","date_gmt":"2025-04-11T05:24:10","guid":{"rendered":"https:\/\/noticiasveraces.com\/?p=22429"},"modified":"2025-04-11T01:24:10","modified_gmt":"2025-04-11T05:24:10","slug":"avion-con-al-menos-6-miembros-de-la-casa-recortados-por-aviones-en-la-calle-de-rodaje-en-el-aeropuerto-nacional-de-reagan-cerca-de-dc","status":"publish","type":"post","link":"https:\/\/noticiasveraces.com\/?p=22429","title":{"rendered":"Avi\u00f3n con al menos 6 miembros de la casa recortados por aviones en la calle de rodaje en el aeropuerto nacional de Reagan cerca de DC"},"content":{"rendered":"<p> \n<\/p>\n<div>\n<p class=\"body-graf\">Un avi\u00f3n que lleva al menos media docena de miembros de la Casa de EE. UU.<strong> <\/strong>fue recortado por otro avi\u00f3n en el suelo en el aeropuerto nacional de Ronald Reagan, cerca de Washington, DC, el jueves, dijeron funcionarios. <\/p>\n<p class=\"body-graf\">Representantes Gregory Meeks, Dn.y.; Nick Lalota, Rn.y.; Grace Meng, Dn.y.; y Josh Gottheimer, DN.J., confirm\u00f3 en las redes sociales que estaban a bordo del avi\u00f3n de American Airlines que fue recortado alrededor de las 12:45 p.m.<\/p>\n<p class=\"body-graf\">Dos de ellos tambi\u00e9n confirmaron que los representantes Adriano Espaillat y Ritchie Torres, ambos dem\u00f3cratas de Nueva York, tambi\u00e9n estaban a bordo. <\/p>\n<p class=\"body-graf\">Meeks dijo que siete miembros del Congreso estaban a bordo junto con docenas de otros pasajeros preocupados \u00ab. <\/p>\n<p class=\"body-graf\">NBC News no pudo identificar de inmediato al s\u00e9ptimo pasajero del Congreso MEEKS citado, y su oficina no ha respondido a una solicitud de comentarios.<\/p>\n<p class=\"body-graf\">La oficina de Lalota dijo que estaba entre los seis miembros de la C\u00e1mara a bordo.<\/p>\n<p class=\"body-graf\">\u00abEl congresista est\u00e1 agradecido por la respuesta r\u00e1pida y profesional de la tripulaci\u00f3n de vuelo, quien prioriz\u00f3 la seguridad y el bienestar de todos a bordo\u00bb, dijo en un comunicado.<\/p>\n<p class=\"body-graf\">\u00abAdem\u00e1s de los muchos neoyorquinos a bordo, los representantes Gregory Meeks, Grace Meng, Josh Gottheimer, Ritchie Torres y Adriano Espaillat tambi\u00e9n estaban en el vuelo\u00bb, dijo.<\/p>\n<p class=\"body-graf\">Ambos aviones estaban conectados con American Airlines, seg\u00fan la aerol\u00ednea y la Administraci\u00f3n Federal de Aviaci\u00f3n.<\/p>\n<p class=\"body-graf\">\u00abAmerican Eagle Flight 5490, operado por PSA Airlines, se puso en contacto en una calle de rodaje DCA con American Eagle Flight 4522, operado por Republic Airways\u00bb, dijo American en un comunicado. \u00abLa seguridad es nuestra m\u00e1xima prioridad, y nos disculpamos con nuestros clientes por su experiencia\u00bb.<\/p>\n<p class=\"body-graf\">No hubo heridos, dijo.  <\/p>\n<p class=\"body-graf\">El vuelo 5490 fue un Bombardier CRJ 900, dirigido a Charleston, Carolina del Sur, con 76 clientes y cuatro miembros de la tripulaci\u00f3n, dijeron la FAA y la aerol\u00ednea.<\/p>\n<p class=\"body-graf\">El vuelo 4522 fue un Embraer E175, con destino al Aeropuerto Internacional John F. Kennedy en la ciudad de Nueva York, con 67 viajeros y cuatro tripulantes a bordo, dijeron las autoridades.<\/p>\n<p class=\"body-graf\">Gottheimer dijo en X: \u00abMientras esperaba despegar en la pista de DCA, otro avi\u00f3n golpe\u00f3 nuestro ala. Afortunadamente, todos est\u00e1n a salvo. Solo un recordatorio: los recientes recientes a la FAA debilitan nuestros cielos y seguridad p\u00fablica\u00bb. <\/p>\n<p class=\"body-graf\">Mientras Gottheimer tom\u00f3 nota del peligro potencial que representa el golpe del jueves, Lalota parece una visi\u00f3n un poco m\u00e1s alegre.<\/p>\n<p class=\"body-graf\">\u00abServir en el Congreso ha venido con algunas experiencias una vez en la vida &#8230; como ahora, mientras estaciona en la pista de DCA, otro avi\u00f3n se top\u00f3 con nuestro ala\u00bb, escribi\u00f3 en X. \u00abRegresando a la puerta, \u00a1pero afortunadamente todos est\u00e1n bien! (\u00a1Y @RepgracEmeng est\u00e1 entregando uvas!)\u00bb. <\/p>\n<p class=\"endmark body-graf\">Un jet de \u00e1guila estadounidense y un helic\u00f3ptero militar de Black Hawk chocaron en el aire sobre el aeropuerto de Reagan, en los suburbios de Virginia de Washington, el 29 de enero, matando a las 67 personas a bordo de ambas manualidades.<\/p>\n<\/div>\n<div>\n<div class=\"expanded-byline-contributors articleBylineContainer\">\n<div class=\"expanded-byline article-expanded-byline\" data-activity-map=\"expanded-byline-article-bottom\">\n<div class=\"byline-thumbnail byline-thumbnail--has-image expanded-byline__thumbnail\" data-testid=\"byline-thumbnail\"><picture data-testid=\"picture\"><source media=\"(min-width: 320px)\" srcset=\"https:\/\/media-cldnry.s-nbcnews.com\/image\/upload\/t_focal-60x60,f_avif,q_auto:eco,dpr_2\/newscms\/2019_28\/2931081\/190618-david-k-li-byline2174.jpg 2x, https:\/\/media-cldnry.s-nbcnews.com\/image\/upload\/t_focal-60x60,f_auto,q_auto:best\/newscms\/2019_28\/2931081\/190618-david-k-li-byline2174.jpg 1x\"\/><img decoding=\"async\" loading=\"lazy\" src=\"https:\/\/media-cldnry.s-nbcnews.com\/image\/upload\/t_focal-60x60,f_auto,q_auto:best\/newscms\/2019_28\/2931081\/190618-david-k-li-byline2174.jpg\" alt=\"\" height=\"48\" width=\"48\"\/><\/picture><\/div>\n<p><span class=\"byline-name expanded-byline__name\" data-testid=\"byline-name\">David K. Li<\/span><span class=\"byline-social expanded-byline__social\"><span class=\"icon icon-twitter\"\/><span class=\"icon icon-email\"\/><\/span><\/p>\n<div class=\"expanded-byline__bio-wrapper\">\n<p class=\"byline-bio expanded-byline__bio\">Reportero senior de noticias de \u00faltima hora<\/p>\n<\/div>\n<\/div>\n<div class=\"expanded-byline article-expanded-byline\" data-activity-map=\"expanded-byline-article-bottom\">\n<div class=\"byline-thumbnail byline-thumbnail--has-image expanded-byline__thumbnail\" data-testid=\"byline-thumbnail\"><picture data-testid=\"picture\"><source media=\"(min-width: 320px)\" srcset=\"https:\/\/media-cldnry.s-nbcnews.com\/image\/upload\/t_focal-60x60,f_avif,q_auto:eco,dpr_2\/newscms\/2020_02\/3181701\/kyle-stewart-circle-byline-template.jpg 2x, https:\/\/media-cldnry.s-nbcnews.com\/image\/upload\/t_focal-60x60,f_auto,q_auto:best\/newscms\/2020_02\/3181701\/kyle-stewart-circle-byline-template.jpg 1x\"\/><img decoding=\"async\" loading=\"lazy\" src=\"https:\/\/media-cldnry.s-nbcnews.com\/image\/upload\/t_focal-60x60,f_auto,q_auto:best\/newscms\/2020_02\/3181701\/kyle-stewart-circle-byline-template.jpg\" alt=\"\" height=\"48\" width=\"48\"\/><\/picture><\/div>\n<p><span class=\"byline-name expanded-byline__name\" data-testid=\"byline-name\">Kyle Stewart<\/span><span class=\"byline-social expanded-byline__social\"><span class=\"icon icon-email\"\/><\/span><\/p>\n<div class=\"expanded-byline__bio-wrapper\">\n<p class=\"byline-bio expanded-byline__bio\">Kyle Stewart es un productor de campo que cubre el Congreso para NBC News.<\/p>\n<\/div>\n<\/div>\n<div class=\"expanded-byline article-expanded-byline\" data-activity-map=\"expanded-byline-article-bottom\">\n<div class=\"byline-thumbnail byline-thumbnail--has-image expanded-byline__thumbnail\" data-testid=\"byline-thumbnail\"><picture data-testid=\"picture\"><source media=\"(min-width: 320px)\" srcset=\"https:\/\/media-cldnry.s-nbcnews.com\/image\/upload\/t_focal-60x60,f_avif,q_auto:eco,dpr_2\/newscms\/2024_44\/3667705\/head_shot.jpg 2x, https:\/\/media-cldnry.s-nbcnews.com\/image\/upload\/t_focal-60x60,f_auto,q_auto:best\/newscms\/2024_44\/3667705\/head_shot.jpg 1x\"\/><img decoding=\"async\" loading=\"lazy\" src=\"https:\/\/media-cldnry.s-nbcnews.com\/image\/upload\/t_focal-60x60,f_auto,q_auto:best\/newscms\/2024_44\/3667705\/head_shot.jpg\" alt=\"\" height=\"48\" width=\"48\"\/><\/picture><\/div>\n<p><span class=\"byline-name expanded-byline__name\" data-testid=\"byline-name\">Elizabeth frambuesas<\/span><span class=\"byline-social expanded-byline__social\"\/><\/p>\n<div class=\"expanded-byline__bio-wrapper\">\n<p class=\"byline-bio expanded-byline__bio\">Elizabeth Maline es editora de asignaci\u00f3n en el NBC National News Desk. Es capitana del condado de NBC News, que cubre las elecciones de 2024 en el condado de Dane<\/p>\n<\/div>\n<\/div>\n<p>Jay Blackman<!-- -->, <!-- -->Janhvi Bhojwani <!-- --> y <!-- -->Syedah Asghar<!-- --> <!-- -->aportado<!-- -->.<\/p>\n<\/div>\n<\/div>\n\n","protected":false},"excerpt":{"rendered":"<p>Un avi\u00f3n que lleva al menos media docena de miembros de la Casa de EE. UU. fue recortado por otro avi\u00f3n en el suelo en el aeropuerto nacional de Ronald Reagan, cerca de Washington, DC, el jueves, dijeron funcionarios. Representantes Gregory Meeks, Dn.y.; Nick Lalota, Rn.y.; Grace Meng, Dn.y.; y Josh Gottheimer, DN.J., confirm\u00f3 en &hellip;<\/p>\n","protected":false},"author":1,"featured_media":22431,"comment_status":"open","ping_status":"open","sticky":false,"template":"","format":"standard","meta":{"fifu_image_url":"https:\/\/media-cldnry.s-nbcnews.com\/image\/upload\/t_nbcnews-fp-1200-630,f_auto,q_auto:best\/rockcms\/2025-04\/250410-wings-clip-reagan-ew-227p-790504.jpg","fifu_image_alt":"","footnotes":""},"categories":[11],"tags":[],"class_list":["post-22429","post","type-post","status-publish","format-standard","has-post-thumbnail","","category-viaje"],"_links":{"self":[{"href":"https:\/\/noticiasveraces.com\/index.php?rest_route=\/wp\/v2\/posts\/22429","targetHints":{"allow":["GET"]}}],"collection":[{"href":"https:\/\/noticiasveraces.com\/index.php?rest_route=\/wp\/v2\/posts"}],"about":[{"href":"https:\/\/noticiasveraces.com\/index.php?rest_route=\/wp\/v2\/types\/post"}],"author":[{"embeddable":true,"href":"https:\/\/noticiasveraces.com\/index.php?rest_route=\/wp\/v2\/users\/1"}],"replies":[{"embeddable":true,"href":"https:\/\/noticiasveraces.com\/index.php?rest_route=%2Fwp%2Fv2%2Fcomments&post=22429"}],"version-history":[{"count":0,"href":"https:\/\/noticiasveraces.com\/index.php?rest_route=\/wp\/v2\/posts\/22429\/revisions"}],"wp:featuredmedia":[{"embeddable":true,"href":"https:\/\/noticiasveraces.com\/index.php?rest_route=\/wp\/v2\/media\/22431"}],"wp:attachment":[{"href":"https:\/\/noticiasveraces.com\/index.php?rest_route=%2Fwp%2Fv2%2Fmedia&parent=22429"}],"wp:term":[{"taxonomy":"category","embeddable":true,"href":"https:\/\/noticiasveraces.com\/index.php?rest_route=%2Fwp%2Fv2%2Fcategories&post=22429"},{"taxonomy":"post_tag","embeddable":true,"href":"https:\/\/noticiasveraces.com\/index.php?rest_route=%2Fwp%2Fv2%2Ftags&post=22429"}],"curies":[{"name":"wp","href":"https:\/\/api.w.org\/{rel}","templated":true}]}}