{"id":22391,"date":"2025-04-10T19:20:36","date_gmt":"2025-04-10T23:20:36","guid":{"rendered":"https:\/\/noticiasveraces.com\/?p=22391"},"modified":"2025-04-10T19:20:36","modified_gmt":"2025-04-10T23:20:36","slug":"el-papa-realiza-visita-sorpresa-a-la-basilica-de-san-pedro-dw-10-04-2025","status":"publish","type":"post","link":"https:\/\/noticiasveraces.com\/?p=22391","title":{"rendered":"El papa realiza visita sorpresa a la Bas\u00edlica de San Pedro \u2013 DW \u2013 10\/04\/2025"},"content":{"rendered":"<p> \n<\/p>\n<div>\n<p>El papa Francisco, que se recupera de una larga hospitalizaci\u00f3n por una neumon\u00eda, realiz\u00f3 este jueves (10.04.2025) una visita sorpresa a la Bas\u00edlica de San Pedro, despu\u00e9s de reunirse el mi\u00e9rcoles con el rey Carlos III y la reina Camila.<\/p>\n<p>Esta breve aparici\u00f3n p\u00fablica y el encuentro no agendado con el monarca brit\u00e1nico muestran una mejor\u00eda del pont\u00edfice, de 88 a\u00f1os, que est\u00e1 convaleciente despu\u00e9s de pasar cinco semanas hospitalizado por una doble neumon\u00eda que puso en peligro su vida.<\/p>\n<p>El papa argentino visit\u00f3 en la tarde del jueves la bas\u00edlica para observar los trabajos de restauraci\u00f3n que est\u00e1n a punto de concluir y saludar a los trabajadores, inform\u00f3 la agencia de noticias italiana ANSA.<\/p>\n<p>\u00abHab\u00eda dos j\u00f3venes restauradoras (&#8230;) una de ellas vio al papa y lo salud\u00f3 desde lejos, as\u00ed que \u00e9l le dijo que se acercara para darle las gracias y estrecharle la mano\u00bb, report\u00f3 ANSA.<\/p>\n<p>La restauradora respondi\u00f3 que sent\u00eda que sus manos estuvieran fr\u00edas, pero el papa quiso estrech\u00e1rselas de todos modos, inform\u00f3 la agencia.<\/p>\n<p><strong>\u00abDemasiada emoci\u00f3n\u00bb<\/strong><\/p>\n<p>Monse\u00f1or Valerio Di Palma, can\u00f3nigo de San Pedro, afirm\u00f3 que sinti\u00f3 \u00abdemasiada emoci\u00f3n\u00bb. \u00abMi visi\u00f3n se nubl\u00f3 por las l\u00e1grimas y ni siquiera pude tomar una foto\u00bb, relat\u00f3 a los medios del Vaticano.<\/p>\n<p>Francisco se dirigi\u00f3 a la tumba del papa P\u00edo X para rezar y despu\u00e9s volvi\u00f3 a la residencia de Santa Marta.<\/p>\n<p>El papa se reuni\u00f3 en una audiencia privada el mi\u00e9rcoles con el monarca brit\u00e1nico y su esposa, que est\u00e1n de visita en Italia. El encuentro hab\u00eda sido cancelado en un principio debido a la d\u00e9bil salud del pont\u00edfice.<\/p>\n<p>El Vaticano public\u00f3 la ma\u00f1ana del jueves una foto del encuentro. \u00abEl papa Francisco recibi\u00f3 en privado a Sus Majestades el rey Carlos y la reina Camila\u00bb el mi\u00e9rcoles, indic\u00f3 el Vaticano en un comunicado.<\/p>\n<p>\u00abDurante este encuentro, el papa expres\u00f3 sus mejores deseos a Sus Majestades con motivo de su aniversario de bodas, y le dese\u00f3 una pronta recuperaci\u00f3n\u00bb a Carlos III, quien sufre de c\u00e1ncer.<\/p>\n<p>El rey brit\u00e1nico lleva m\u00e1s de un a\u00f1o de tratamiento por un c\u00e1ncer cuya naturaleza no ha sido revelada. Despu\u00e9s de experimentar los \u00abefectos secundarios\u00bb de su tratamiento, el monarca de 76 a\u00f1os fue hospitalizado brevemente el 27 de marzo y guard\u00f3 reposo unos d\u00edas antes de retomar sus compromisos el 1 de abril.<\/p>\n<p>CT (AFP, Efe)<\/p>\n<\/div>\n\n","protected":false},"excerpt":{"rendered":"<p>El papa Francisco, que se recupera de una larga hospitalizaci\u00f3n por una neumon\u00eda, realiz\u00f3 este jueves (10.04.2025) una visita sorpresa a la Bas\u00edlica de San Pedro, despu\u00e9s de reunirse el mi\u00e9rcoles con el rey Carlos III y la reina Camila. Esta breve aparici\u00f3n p\u00fablica y el encuentro no agendado con el monarca brit\u00e1nico muestran una &hellip;<\/p>\n","protected":false},"author":1,"featured_media":22392,"comment_status":"open","ping_status":"open","sticky":false,"template":"","format":"standard","meta":{"fifu_image_url":"https:\/\/static.dw.com\/image\/72210468_6.jpg","fifu_image_alt":"","footnotes":""},"categories":[13],"tags":[],"class_list":["post-22391","post","type-post","status-publish","format-standard","has-post-thumbnail","","category-mundo"],"_links":{"self":[{"href":"https:\/\/noticiasveraces.com\/index.php?rest_route=\/wp\/v2\/posts\/22391","targetHints":{"allow":["GET"]}}],"collection":[{"href":"https:\/\/noticiasveraces.com\/index.php?rest_route=\/wp\/v2\/posts"}],"about":[{"href":"https:\/\/noticiasveraces.com\/index.php?rest_route=\/wp\/v2\/types\/post"}],"author":[{"embeddable":true,"href":"https:\/\/noticiasveraces.com\/index.php?rest_route=\/wp\/v2\/users\/1"}],"replies":[{"embeddable":true,"href":"https:\/\/noticiasveraces.com\/index.php?rest_route=%2Fwp%2Fv2%2Fcomments&post=22391"}],"version-history":[{"count":0,"href":"https:\/\/noticiasveraces.com\/index.php?rest_route=\/wp\/v2\/posts\/22391\/revisions"}],"wp:featuredmedia":[{"embeddable":true,"href":"https:\/\/noticiasveraces.com\/index.php?rest_route=\/wp\/v2\/media\/22392"}],"wp:attachment":[{"href":"https:\/\/noticiasveraces.com\/index.php?rest_route=%2Fwp%2Fv2%2Fmedia&parent=22391"}],"wp:term":[{"taxonomy":"category","embeddable":true,"href":"https:\/\/noticiasveraces.com\/index.php?rest_route=%2Fwp%2Fv2%2Fcategories&post=22391"},{"taxonomy":"post_tag","embeddable":true,"href":"https:\/\/noticiasveraces.com\/index.php?rest_route=%2Fwp%2Fv2%2Ftags&post=22391"}],"curies":[{"name":"wp","href":"https:\/\/api.w.org\/{rel}","templated":true}]}}