{"id":22382,"date":"2025-04-10T15:16:29","date_gmt":"2025-04-10T19:16:29","guid":{"rendered":"https:\/\/noticiasveraces.com\/?p=22382"},"modified":"2025-04-10T15:16:29","modified_gmt":"2025-04-10T19:16:29","slug":"trump-y-putin-marcan-la-nueva-politica-exterior-alemana-dw-10-04-2025","status":"publish","type":"post","link":"https:\/\/noticiasveraces.com\/?p=22382","title":{"rendered":"Trump y Putin marcan la nueva pol\u00edtica exterior alemana \u2013 DW \u2013 10\/04\/2025"},"content":{"rendered":"<p> \n<\/p>\n<div>\n<p>La compleja situaci\u00f3n internacional y la pol\u00edtica arancelaria de Donald Trump agregaron presi\u00f3n a los negociadores de la Uni\u00f3n Cristianodem\u00f3crata \/ Cristianosocial (CDU\/CSU) y el partido socialdem\u00f3crata.<\/p>\n<p>Al presentar el acuerdo,\u00a0Friedrich Merz (CDU), futuro canciller alem\u00e1n, aludi\u00f3 a las tensiones internacionales y reafirm\u00f3 la voluntad de participar en la configuraci\u00f3n de los cambios que se operan en el mundo. El jefe de la socialdemocracia, Lars Klingbeil, habl\u00f3 de \u00abuna cesura\u00bb, y calific\u00f3 los tiempos que vivimos de \u00abhist\u00f3ricos\u201d.<\/p>\n<p>Estos son los principales desaf\u00edos en materia de pol\u00edtica exterior:<\/p>\n<h2>Pol\u00edtica comercial<\/h2>\n<p>La pol\u00edtica arancelaria del presidente estadounidense\u00a0ha causado turbulencias en las bolsas del mundo entero y provocado temores de una guerra comercial a nivel mundial. Alemania, un pa\u00eds exportador, es especialmente vulnerable a los aranceles, m\u00e1xime teniendo en cuenta que la econom\u00eda germana atraviesa desde hace m\u00e1s de dos a\u00f1os una recesi\u00f3n.<\/p>\n<p>El comercio transatl\u00e1ntico es asunto de la Uni\u00f3n Europea y Alemania no puede actuar en solitario en este campo. El pr\u00f3ximo Gobierno alem\u00e1n apuesta, en consecuencia, por una desescalada.<\/p>\n<p>En el acuerdo de coalici\u00f3n se indica: \u00abAspiramos, a mediano plazo, a un acuerdo de libre comercio con Estados Unidos; a corto plazo queremos evitar un conflicto comercial y propiciaremos\u00a0una reducci\u00f3n de aranceles a ambos lados del Atl\u00e1ntico\u201d.<\/p>\n<h2>Relaciones transatl\u00e1nticas<\/h2>\n<p>Friedrich Merz es un convencido defensor de los lazos transatl\u00e1nticos. Durante diez a\u00f1os presidi\u00f3 el \u00abPuente Atl\u00e1ntico\u201d, una organizaci\u00f3n suprapartidaria dedicada al cultivo de las relaciones germano-estadounidenses.<\/p>\n<p>Nunca residi\u00f3 en Estados Unidos, pero afirma conocer muy bien la forma de pensar estadounidense, gracias a su prolongado trabajo para la empresa de inversiones BlackRock.<\/p>\n<p>Sin embargo, desde el inicio del segundo Gobierno de Trump, su fe en esos v\u00ednculos se tambalea. Se mostr\u00f3 consternado cuando el jefe de la Casa Blanca atribuy\u00f3 a Ucrania la corresponsabilidad por la guerra y cuando Trump y su vicepresidente, J.D. Vance,humillaron p\u00fablicamente al presidente ucraniano, Volodimir Zelenski, en Washington.<\/p>\n<p>Hasta ahora no est\u00e1 planeado un encuentro entre Merz y Trump.<\/p>\n<h2>Ucrania<\/h2>\n<p>Los empe\u00f1os de Trump por lograr la paz en Ucrania han dejado a los europeos en calidad de meros espectadores. \u00c9l negocia directamente con el presidente ruso, Vladimir Putin. Tampoco Zelenski tiene influencia directa en las conversaciones. Si se llega a un acuerdo, a los alemanes y dem\u00e1s europeos solo les quedar\u00e1 la tarea de asegurar esa paz.<\/p>\n<p>Sin embargo, la nueva coalici\u00f3n de gobierno alemana se propone seguir respaldando a Ucrania. Pero no est\u00e1 claro c\u00f3mo ha de proseguir exactamente la ayuda militar. Cuando lideraba la oposici\u00f3n, Merz abogaba por el env\u00edo de misiles de crucero Taurus, de gran alcance. Algo que Olaf Scholz, el canciller a\u00fan en funciones, rechaz\u00f3 continuamente, por temor a involucrar a Alemania en una guerra con Rusia.<\/p>\n<figure class=\"placeholder-image master_landscape big\"><img data-format=\"MASTER_LANDSCAPE\" data-id=\"71794200\" data-url=\"https:\/\/static.dw.com\/image\/71794200_${formatId}.jpg\" data-aspect-ratio=\"16\/9\" alt=\"Zelenski, Trump y Vance, en la Casa Blanca.\" style=\"padding-bottom: 56.25%; height: 0; max-height: 0;\"\/><figcaption class=\"img-caption\">Zelenski: afrenta en la Casa Blanca.<small class=\"copyright\">Imagen: Jim Lo Scalzo\/UPI Photo\/IMAGO<\/small><\/figcaption><\/figure>\n<h2>Defensa: mayor independencia de EE.UU.<\/h2>\n<p>Dado que Merz duda de si Washington, con Trump como gobernante, seguir\u00e1 sinti\u00e9ndose obligado a defender a sus socios de la OTAN en caso de ataque, ha afirmado que los europeos deber\u00edan lograr con la mayor rapidez posible una \u00abverdadera independencia de Estados Unidos\u00bb.<\/p>\n<p>Entretanto, no solo ha logrado que el Bundestag aprobara los recursos necesarios para el rearme del Ej\u00e9rcito alem\u00e1n. Tambi\u00e9n aspira a una estrecha cooperaci\u00f3n europea en materia de pol\u00edtica de defensa. Se propone conversar con las potencias at\u00f3micas Francia y Gran Breta\u00f1a acerca de si Alemania y Europa podr\u00edan guarecerse bajo sus paraguas nucleares y c\u00f3mo. Eso no ser\u00e1 f\u00e1cil.<\/p>\n<p>Tambi\u00e9n dentro de la UE existen reparos en cuanto a una mayor cooperaci\u00f3n militar. Por su parte, el primer ministro h\u00fangaro, V\u00edctor Orb\u00e1n, mantiene buenos contactos con Putin y rechaza el apoyo a Ucrania.<\/p>\n<h2>La pol\u00edtica europea<\/h2>\n<p>Merz ha reprochado\u00a0al Gobierno saliente haber descuidado la cooperaci\u00f3n europea, lo que a su juicio perjudic\u00f3 las relaciones con los m\u00e1s estrechos aliados de Alemania: Francia y Polonia. Ahora se propone enmendar eso. Pero no ser\u00e1 tan sencillo. El presidente franc\u00e9s, Emmanuel Macron, est\u00e1 pol\u00edticamente abatido.<\/p>\n<p>Tambi\u00e9n en el resto de la UE se ha perdido el impulso de anta\u00f1o. En casi todos los pa\u00edses avanza el populismo de derecha y la integraci\u00f3n europea ya no entusiasma como antes.<\/p>\n<h2>Relaci\u00f3n con China<\/h2>\n<p>Tampoco las relaciones econ\u00f3micas con China marchan tan bien como en el pasado, cuando los exportadores alemanes hac\u00edan lucrativos negocios en ese pa\u00eds. Los autos germanos ya no se venden tanto all\u00ed.<\/p>\n<p>Entretanto, la UE cierra sus mercados a los autos el\u00e9ctricos chinos. Alemania, como naci\u00f3n exportadora, probablemente intente no ir demasiado lejos con las restricciones al comercio chino.<\/p>\n<p>Por otra parte, la coalici\u00f3n de Merz quiere reducir los riesgos de seguridad. Es probable que la frase del acuerdo que se\u00f1ala \u00abqueremos evitar efectivamente inversiones extranjeras, que contradigan nuestros intereses nacionales, en infraestructura cr\u00edtica y \u00e1reas estrat\u00e9gicamente relevantes\u201d, aluda principalmente a China.<\/p>\n<p><span data-slot-id=\"Article_InContent-1\" class=\"rich-text-ad\"\/><\/p>\n<h2>\u00bfSer\u00e1 bienvenido Netanyahu en Alemania?<\/h2>\n<p>El Gobierno alem\u00e1n est\u00e1 en una posici\u00f3n dif\u00edcil. Debido a su historia, Alemania pone especial \u00e9nfasis en la seguridad de Israel. Por otro lado, pol\u00edticos alemanes han criticado el duro proceder de Israel contra Ham\u00e1s en la Franja de Gaza, por considerarlo desproporcionado. Ham\u00e1s es un grupo palestino islamista, calificado por Alemania y otros pa\u00edses como organizaci\u00f3n terrorista.<\/p>\n<p>El Gobierno alem\u00e1n tambi\u00e9n podr\u00eda caer en un atolladero debido a la orden de captura dictada por el Tribunal Penal Internacional contra el primer ministro israel\u00ed, Benjam\u00edn Netanyahu, bajo sospecha de cr\u00edmenes de guerra en la Franja de Gaza. Si viajara a Alemania, Netanyahu deber\u00eda ser, en rigor, detenido. Pero Merz ha prometido que, bajo su Gobierno, eso no ocurrir\u00e1 de ning\u00fan modo.<\/p>\n<h2>Protecci\u00f3n clim\u00e1tica<\/h2>\n<p>Los Verdes alcanzaron a lograr que se destine m\u00e1s dinero a la protecci\u00f3n del clima, pero a nivel global el panorama es diferente. Apenas lleg\u00f3 al poder, Trump retir\u00f3 a su pa\u00eds del pacto internacional en defensa del clima y grandes empresas estadounidenses han seguido sus pasos, abandonando proyectos amigables con el medioambiente.<\/p>\n<p>En este contexto, ser\u00e1 m\u00e1s dif\u00edcil para Alemania promover la defensa clim\u00e1tica a nivel internacional. Agrupaciones ambientalistas piensan tambi\u00e9n que el pr\u00f3ximo Gobierno alem\u00e1n no tomar\u00e1 tan en serio este tema.<\/p>\n<p>(ERS\/MS)<\/p>\n<\/p>\n<\/div>\n\n","protected":false},"excerpt":{"rendered":"<p>La compleja situaci\u00f3n internacional y la pol\u00edtica arancelaria de Donald Trump agregaron presi\u00f3n a los negociadores de la Uni\u00f3n Cristianodem\u00f3crata \/ Cristianosocial (CDU\/CSU) y el partido socialdem\u00f3crata. Al presentar el acuerdo,\u00a0Friedrich Merz (CDU), futuro canciller alem\u00e1n, aludi\u00f3 a las tensiones internacionales y reafirm\u00f3 la voluntad de participar en la configuraci\u00f3n de los cambios que se &hellip;<\/p>\n","protected":false},"author":1,"featured_media":22383,"comment_status":"open","ping_status":"open","sticky":false,"template":"","format":"standard","meta":{"fifu_image_url":"https:\/\/static.dw.com\/image\/72185859_6.jpg","fifu_image_alt":"","footnotes":""},"categories":[13],"tags":[],"class_list":["post-22382","post","type-post","status-publish","format-standard","has-post-thumbnail","","category-mundo"],"_links":{"self":[{"href":"https:\/\/noticiasveraces.com\/index.php?rest_route=\/wp\/v2\/posts\/22382","targetHints":{"allow":["GET"]}}],"collection":[{"href":"https:\/\/noticiasveraces.com\/index.php?rest_route=\/wp\/v2\/posts"}],"about":[{"href":"https:\/\/noticiasveraces.com\/index.php?rest_route=\/wp\/v2\/types\/post"}],"author":[{"embeddable":true,"href":"https:\/\/noticiasveraces.com\/index.php?rest_route=\/wp\/v2\/users\/1"}],"replies":[{"embeddable":true,"href":"https:\/\/noticiasveraces.com\/index.php?rest_route=%2Fwp%2Fv2%2Fcomments&post=22382"}],"version-history":[{"count":0,"href":"https:\/\/noticiasveraces.com\/index.php?rest_route=\/wp\/v2\/posts\/22382\/revisions"}],"wp:featuredmedia":[{"embeddable":true,"href":"https:\/\/noticiasveraces.com\/index.php?rest_route=\/wp\/v2\/media\/22383"}],"wp:attachment":[{"href":"https:\/\/noticiasveraces.com\/index.php?rest_route=%2Fwp%2Fv2%2Fmedia&parent=22382"}],"wp:term":[{"taxonomy":"category","embeddable":true,"href":"https:\/\/noticiasveraces.com\/index.php?rest_route=%2Fwp%2Fv2%2Fcategories&post=22382"},{"taxonomy":"post_tag","embeddable":true,"href":"https:\/\/noticiasveraces.com\/index.php?rest_route=%2Fwp%2Fv2%2Ftags&post=22382"}],"curies":[{"name":"wp","href":"https:\/\/api.w.org\/{rel}","templated":true}]}}