{"id":22323,"date":"2025-04-10T06:02:06","date_gmt":"2025-04-10T10:02:06","guid":{"rendered":"https:\/\/noticiasveraces.com\/?p=22323"},"modified":"2025-04-10T06:02:06","modified_gmt":"2025-04-10T10:02:06","slug":"pausa-de-aranceles-ayuda-a-estabilizacion-dw-10-04-2025","status":"publish","type":"post","link":"https:\/\/noticiasveraces.com\/?p=22323","title":{"rendered":"pausa de aranceles ayuda a estabilizaci\u00f3n \u2013 DW \u2013 10\/04\/2025"},"content":{"rendered":"<p> \n<\/p>\n<div>\n<p>La presidenta de la Comisi\u00f3n Europea, Ursula von der Leyen, acogi\u00f3 este jueves (10.04.2025) con satisfacci\u00f3n el anuncio del presidente de Estados Unidos, Donald Trump, de suspender 90 d\u00edas los aranceles, al considerarlo \u00abun paso importante para estabilizar la econom\u00eda mundial\u00bb.<\/p>\n<p>\u00abAcojo con satisfacci\u00f3n el anuncio del presidente Trump de suspender los aranceles\u00a0rec\u00edprocos. Es un paso importante para estabilizar la econom\u00eda mundial\u00bb, dijo Von der Leyen en un comunicado, en el que se\u00f1al\u00f3 que \u00abunas condiciones claras y predecibles son esenciales para el funcionamiento del comercio y las cadenas de suministro\u00bb.<\/p>\n<p>Trump anunci\u00f3 este mi\u00e9rcoles en su red social Truth Social que mantiene los aranceles del 10 % pero pausa durante 90 d\u00edas los aranceles adicionales a todos los pa\u00edses que no hayan tomado represalias contra Estados Unidos y hayan pedido una soluci\u00f3n negociada, incluida la Uni\u00f3n Europea, a la que hab\u00eda asignado un 20% inicialmente.<\/p>\n<blockquote class=\"tweet embed\" data-id=\"1910216093651632569\"\/>\n<p>La jefa del Ejecutivo comunitario recalc\u00f3 que la UE \u00abmantiene su compromiso de mantener negociaciones constructivas con Estados Unidos, con el objetivo de lograr un comercio sin fricciones y mutuamente beneficioso\u00bb.<\/p>\n<p>Y recod\u00f3 igualmente que los aranceles son impuestos que solo perjudican a las empresas y a los consumidores. \u00abPor eso he abogado constantemente por un acuerdo arancelario de cero por cero entre la Uni\u00f3n Europea y Estados Unidos\u00bb, subray\u00f3.<\/p>\n<p>Von der Leyen inform\u00f3 el pasado lunes que su equipo negociador hab\u00eda puesto sobre la mesa de negociaci\u00f3n, entre otras propuestas, un acuerdo arancelario cero por cero para los bienes industriales.<\/p>\n<p>No obstante, pese a la mano tendida para el acuerdo comercial con Estados Unidos, la pol\u00edtica alemana se\u00f1al\u00f3 que la UE sigue centr\u00e1ndose en diversificar sus alianzas comerciales, colaborando con pa\u00edses que representan el 87 % del comercio mundial y comparten el compromiso del club comunitario \u00abcon un intercambio libre y abierto de bienes, servicios e ideas\u00bb.<\/p>\n<p>Por \u00faltimo, indic\u00f3 que su equipo est\u00e1 intensificando el trabajo para eliminar las barreras en el propio mercado \u00fanico de la UE. \u00abEsta crisis ha dejado algo claro: en tiempos de incertidumbre, el mercado \u00fanico es nuestro pilar de estabilidad y resiliencia\u00bb, afirm\u00f3.<\/p>\n<p>\u00abMi equipo y yo seguiremos trabajando d\u00eda y noche para proteger a los consumidores, trabajadores y empresas europeos. Juntos, los europeos saldremos fortalecidos de esta crisis\u00bb, concluy\u00f3.<\/p>\n<p>Justo la v\u00edspera, los Estados miembros de la UE dieron luz verde a medidas para responder a los aranceles del 25% que Trump impuso en marzo sobre todas las importaciones de acero y aluminio.<\/p>\n<p>La recaudaci\u00f3n a trav\u00e9s de las contramedidas de la UE comenzar\u00e1 a partir del 15 de abril y se har\u00e1 de forma escalonada por un valor total de 20.900 millones de euros.<\/p>\n<blockquote class=\"tweet embed\" data-id=\"1909972512122773680\"\/>\n<p>As\u00ed, las aplicadas desde el 15 de abril abarcan comercio por valor de 3.900 millones de euros, mientras que las que se implementan desde el 15 de mayo engloban comercio valorado en 13.500 millones.<\/p>\n<p>Una tercera tanda de contramedidas para la soja y las almendras entrar\u00e1 en vigor el 1 de diciembre, por valor de 3.500 millones de euros.<\/p>\n<p>Paralelamente, la Comisi\u00f3n Europea hab\u00eda empezado a preparar ya su respuesta a los aranceles del 25% al sector automovil\u00edstico y del 20% por los llamados aranceles \u00abrec\u00edprocos\u00bb, y ten\u00eda previsto presentarla a principios de la pr\u00f3xima semana.<\/p>\n<p>CP (EFE, AFP)<\/p>\n<\/div>\n\n","protected":false},"excerpt":{"rendered":"<p>La presidenta de la Comisi\u00f3n Europea, Ursula von der Leyen, acogi\u00f3 este jueves (10.04.2025) con satisfacci\u00f3n el anuncio del presidente de Estados Unidos, Donald Trump, de suspender 90 d\u00edas los aranceles, al considerarlo \u00abun paso importante para estabilizar la econom\u00eda mundial\u00bb. \u00abAcojo con satisfacci\u00f3n el anuncio del presidente Trump de suspender los aranceles\u00a0rec\u00edprocos. Es un &hellip;<\/p>\n","protected":false},"author":1,"featured_media":22324,"comment_status":"open","ping_status":"open","sticky":false,"template":"","format":"standard","meta":{"fifu_image_url":"https:\/\/static.dw.com\/image\/71982880_6.jpg","fifu_image_alt":"","footnotes":""},"categories":[13],"tags":[],"class_list":["post-22323","post","type-post","status-publish","format-standard","has-post-thumbnail","","category-mundo"],"_links":{"self":[{"href":"https:\/\/noticiasveraces.com\/index.php?rest_route=\/wp\/v2\/posts\/22323","targetHints":{"allow":["GET"]}}],"collection":[{"href":"https:\/\/noticiasveraces.com\/index.php?rest_route=\/wp\/v2\/posts"}],"about":[{"href":"https:\/\/noticiasveraces.com\/index.php?rest_route=\/wp\/v2\/types\/post"}],"author":[{"embeddable":true,"href":"https:\/\/noticiasveraces.com\/index.php?rest_route=\/wp\/v2\/users\/1"}],"replies":[{"embeddable":true,"href":"https:\/\/noticiasveraces.com\/index.php?rest_route=%2Fwp%2Fv2%2Fcomments&post=22323"}],"version-history":[{"count":0,"href":"https:\/\/noticiasveraces.com\/index.php?rest_route=\/wp\/v2\/posts\/22323\/revisions"}],"wp:featuredmedia":[{"embeddable":true,"href":"https:\/\/noticiasveraces.com\/index.php?rest_route=\/wp\/v2\/media\/22324"}],"wp:attachment":[{"href":"https:\/\/noticiasveraces.com\/index.php?rest_route=%2Fwp%2Fv2%2Fmedia&parent=22323"}],"wp:term":[{"taxonomy":"category","embeddable":true,"href":"https:\/\/noticiasveraces.com\/index.php?rest_route=%2Fwp%2Fv2%2Fcategories&post=22323"},{"taxonomy":"post_tag","embeddable":true,"href":"https:\/\/noticiasveraces.com\/index.php?rest_route=%2Fwp%2Fv2%2Ftags&post=22323"}],"curies":[{"name":"wp","href":"https:\/\/api.w.org\/{rel}","templated":true}]}}