{"id":22294,"date":"2025-04-10T01:55:17","date_gmt":"2025-04-10T05:55:17","guid":{"rendered":"https:\/\/noticiasveraces.com\/?p=22294"},"modified":"2025-04-10T01:55:17","modified_gmt":"2025-04-10T05:55:17","slug":"acuerdo-de-gobierno-frente-a-retos-historicos-dw-09-04-2025","status":"publish","type":"post","link":"https:\/\/noticiasveraces.com\/?p=22294","title":{"rendered":"acuerdo de gobierno frente a \u00abretos hist\u00f3ricos\u00bb \u2013 DW \u2013 09\/04\/2025"},"content":{"rendered":"<p> \n<\/p>\n<div>\n<p>El conservador Friedrich Merz desvel\u00f3 este mi\u00e9rcoles (09.04.2025) su acuerdo de gobierno con los socialdem\u00f3cratas para \u00abhacer avanzar a Alemania\u00bb, que se enfrenta a \u00abretos hist\u00f3ricos\u00bb, desde la amenaza rusa al impacto de la guerra comercial de Donald Trump.<\/p>\n<p>Merz dijo que desea que \u00abel nuevo gobierno pueda empezar a trabajar a principios de mayo\u00bb. La hoja de ruta del gobierno de coalici\u00f3n para los pr\u00f3ximos cuatro a\u00f1os se elabor\u00f3 tras unas negociaciones \u00abllevadas a cabo en un contexto de crecientes tensiones pol\u00edticas mundiales (&#8230;) en el que muchas fuerzas, dentro y fuera del pa\u00eds, trabajan (&#8230;) contra nosotros en Alemania\u00bb, declar\u00f3 el futuro jefe del gobierno al presentar el acuerdo.<\/p>\n<p>Un mes y medio despu\u00e9s de las elecciones legislativas, el bloque conservador CDU\/CSU se prepara para tomar las riendas de la primera econom\u00eda europea en una alianza con el Partido Socialdem\u00f3crata (SPD) del jefe de gobierno saliente, Olaf Scholz.<\/p>\n<p><strong>Relanzar la econom\u00eda, el principal objteivo<\/strong><\/p>\n<p>El futuro ejecutivo afrontar\u00e1 una larga serie de cuestiones, principalmente relanzar la econom\u00eda en recesi\u00f3n desde hace dos a\u00f1os, frenar el avance del partido ultraderechista Alternativa para Alemania (AfD) y apoyar el refuerzo de la defensa europeo ante el desentendimiento de Estados Unidos.<\/p>\n<p>El pr\u00f3ximo gobierno promete un \u00abapoyo completo\u00bb a Ucrania en el plano militar y diplom\u00e1tico ante la guerra de agresi\u00f3n de Rusia, y quiere aumentar considerablemente el gasto en defensa en los a\u00f1os venideros, indica el acuerdo de gobierno de coalici\u00f3n alcanzado entre los dos partidos.<\/p>\n<p>En el contrato de coalici\u00f3n de 140 p\u00e1ginas, los firmantes destacan los \u00abretos hist\u00f3ricos\u00bb a los que se enfrenta Alemania. \u00abLa pol\u00edtica de los pr\u00f3ximos a\u00f1os determinar\u00e1 en gran parte si seguiremos viviendo en una Alemania libre, segura, justa y pr\u00f3spera\u00bb, seg\u00fan el documento.<\/p>\n<p>Seg\u00fan un sondeo publicado el mi\u00e9rcoles por el instituto Ipsos, AfD lidera ahora las intenciones de voto con un 25%, casi 5 puntos m\u00e1s que su resultado r\u00e9cord en las elecciones legislativas, mientras que los conservadores se acreditan un 24%.<\/p>\n<p><strong>Nuevo rumbo en pol\u00edtica migratoria<\/strong><\/p>\n<p>Merz promete un \u00abnuevo rumbo para la pol\u00edtica migratoria\u00bb, afirmando que quiere poner fin a la inmigraci\u00f3n ilegal y suspender la reagrupaci\u00f3n familiar.<\/p>\n<p>La conclusi\u00f3n de las negociaciones deber\u00eda tranquilizar a los dem\u00e1s pa\u00edses europeos, impacientes por que Alemania tenga un capit\u00e1n para hacer frente a los actuales retos de seguridad y econ\u00f3micos.<\/p>\n<p>La econom\u00eda alemana, muy dependiente de las exportaciones, es una de las m\u00e1s expuestas a las consecuencias de los nuevos aranceles estadounidenses.<\/p>\n<p>Seg\u00fan la prensa, las carteras de Econom\u00eda y Relaciones Exteriores ser\u00e1n probablemente para los conservadores, mientras que el SPD se quedar\u00e1 los puestos de Finanzas y Defensa, en el que se mantendr\u00eda el popular Boris Pistorius.<\/p>\n<p>El gobierno de coalici\u00f3n tripartita de Scholz se hundi\u00f3 a principios de noviembre debido a las diferencias presupuestarias insalvables entre su partido, Los Verdes y el Partido Democr\u00e1tico Libre.<\/p>\n<p>El previsible nuevo gobierno no tendr\u00e1 este problema. Ante la agitaci\u00f3n mundial, Merz consigui\u00f3 sacar adelante a principios de marzo un gigantesco plan de inversiones de varios cientos de miles de millones de euros para rearmar y modernizar el pa\u00eds, una iniciativa aplaudida por sus hom\u00f3logos europeos.<\/p>\n<p>Sin embargo, el futuro jefe de gobierno est\u00e1 siendo muy criticado en Alemania, incluso dentro de sus propias filas, por haber reformado el \u00abfreno de la deuda\u00bb, que limita la capacidad de endeudamiento del pa\u00eds para gastos militares y regionales, a pesar de que hab\u00eda prometido no tocarlo.<\/p>\n<p>CT (AFP, NTV, Mirror)<\/p>\n<\/p>\n<\/div>\n\n","protected":false},"excerpt":{"rendered":"<p>El conservador Friedrich Merz desvel\u00f3 este mi\u00e9rcoles (09.04.2025) su acuerdo de gobierno con los socialdem\u00f3cratas para \u00abhacer avanzar a Alemania\u00bb, que se enfrenta a \u00abretos hist\u00f3ricos\u00bb, desde la amenaza rusa al impacto de la guerra comercial de Donald Trump. Merz dijo que desea que \u00abel nuevo gobierno pueda empezar a trabajar a principios de mayo\u00bb. &hellip;<\/p>\n","protected":false},"author":1,"featured_media":22295,"comment_status":"open","ping_status":"open","sticky":false,"template":"","format":"standard","meta":{"fifu_image_url":"https:\/\/static.dw.com\/image\/72191530_6.jpg","fifu_image_alt":"","footnotes":""},"categories":[13],"tags":[],"class_list":["post-22294","post","type-post","status-publish","format-standard","has-post-thumbnail","","category-mundo"],"_links":{"self":[{"href":"https:\/\/noticiasveraces.com\/index.php?rest_route=\/wp\/v2\/posts\/22294","targetHints":{"allow":["GET"]}}],"collection":[{"href":"https:\/\/noticiasveraces.com\/index.php?rest_route=\/wp\/v2\/posts"}],"about":[{"href":"https:\/\/noticiasveraces.com\/index.php?rest_route=\/wp\/v2\/types\/post"}],"author":[{"embeddable":true,"href":"https:\/\/noticiasveraces.com\/index.php?rest_route=\/wp\/v2\/users\/1"}],"replies":[{"embeddable":true,"href":"https:\/\/noticiasveraces.com\/index.php?rest_route=%2Fwp%2Fv2%2Fcomments&post=22294"}],"version-history":[{"count":0,"href":"https:\/\/noticiasveraces.com\/index.php?rest_route=\/wp\/v2\/posts\/22294\/revisions"}],"wp:featuredmedia":[{"embeddable":true,"href":"https:\/\/noticiasveraces.com\/index.php?rest_route=\/wp\/v2\/media\/22295"}],"wp:attachment":[{"href":"https:\/\/noticiasveraces.com\/index.php?rest_route=%2Fwp%2Fv2%2Fmedia&parent=22294"}],"wp:term":[{"taxonomy":"category","embeddable":true,"href":"https:\/\/noticiasveraces.com\/index.php?rest_route=%2Fwp%2Fv2%2Fcategories&post=22294"},{"taxonomy":"post_tag","embeddable":true,"href":"https:\/\/noticiasveraces.com\/index.php?rest_route=%2Fwp%2Fv2%2Ftags&post=22294"}],"curies":[{"name":"wp","href":"https:\/\/api.w.org\/{rel}","templated":true}]}}