{"id":22277,"date":"2025-04-09T21:47:32","date_gmt":"2025-04-10T01:47:32","guid":{"rendered":"https:\/\/noticiasveraces.com\/?p=22277"},"modified":"2025-04-09T21:47:32","modified_gmt":"2025-04-10T01:47:32","slug":"reyes-britanicos-visitan-de-sorpresa-al-papa-francisco-dw-10-04-2025","status":"publish","type":"post","link":"https:\/\/noticiasveraces.com\/?p=22277","title":{"rendered":"Reyes brit\u00e1nicos visitan de sorpresa al papa Francisco \u2013 DW \u2013 10\/04\/2025"},"content":{"rendered":"<p> \n<\/p>\n<div>\n<p>El papa Francisco recibi\u00f3 el mi\u00e9rcoles (09.04.2025) en el Vaticano, en una visita sorpresa, a los reyes brit\u00e1nicos Carlos III y Camilia, que se encuentran de viaje en Italia, en el d\u00eda en el que celebran sus 20 a\u00f1os de matrimonio, inform\u00f3 la Santa Sede.<\/p>\n<p>El pont\u00edfice, de 88 a\u00f1os y que sigue su convalecencia en su residencia, la Casa Santa Marta, tras pasar 38 d\u00edas en el hospital por graves problemas respiratorios,\u00a0 \u00abse ha reunido esta tarde en privado con sus majestades los reyes Carlos y Camilla\u00bb, indic\u00f3 el Vaticano.<\/p>\n<p>\u00abDurante el encuentro, el papa expres\u00f3 sus buenos deseos a sus Majestades con motivo de su aniversario de boda y su Majestad le dese\u00f3 una pronta recuperaci\u00f3n\u00bb al papa, se explica en un escueto comunicado.<\/p>\n<p>Carlos y Camila, que han cumplido este mi\u00e9rcoles el tercer d\u00eda de su visita de Estado a Italia, tuvieron que suspender el encuentro que se hab\u00eda programado inicialmente con el pont\u00edfice el martes 8 de abril debido al delicado estado de salud de Francisco.<\/p>\n<p>Sin embargo, por sorpresa, acudieron a la Casa Santa Marta hoy a ver al papa, en medio de fuertes medidas de seguridad en una de las puertas de entrada al Vaticano, donde fue vista una caravana de veh\u00edculos sin identificaci\u00f3n, seg\u00fan revelaron medios internacionales y confirm\u00f3 posteriormente la Santa Sede.<\/p>\n<p>La pareja real se hab\u00eda reunido anteriormente con el papa Francisco en una visita al Vaticano el 4 de abril de 2017, mientras que el rey Carlos se encontr\u00f3 con el pont\u00edfice cuando era pr\u00edncipe de Gales, el 13 de octubre de 2019, en la canonizaci\u00f3n de San John Henry Newman.<\/p>\n<p>El monarca, que declar\u00f3 este martes que rezaba por el papa Francisco, seg\u00fan medios italianos, viajar\u00e1 ma\u00f1ana con su esposa a Ravena (norte) en su \u00faltima jornada en Italia, donde han sido recibidos por el presidente de la Rep\u00fablica, Sergio Mattarella, y la primera ministra, Giorgia Meloni, entre otros actos.<\/p>\n<p>En su intervenci\u00f3n ante el Paramento italiano hoy, Carlos III celebr\u00f3 \u00abcomo una jornada especial\u00bb el vig\u00e9simo aniversario de su matrimonio con la reina Camila: \u00abPara la reina y para es muy importante volver a Italia en nuestra primera visita oficial desde nuestra coronaci\u00f3n. Pero el momento es a\u00fan m\u00e1s especial porque hoy se cumplen 20 a\u00f1os de nuestro matrimonio\u00bb.<\/p>\n<p>Los reyes brit\u00e1nicos, coronados en septiembre de 2022, contrajeron matrimonio hace 20 a\u00f1os, el 9 de abril de 2005, y el aniversario les ha coincidido con su primera visita oficial a Italia de su reinado.<\/p>\n<p>JC (EFE, AFP)<\/p>\n<\/p>\n<\/div>\n\n","protected":false},"excerpt":{"rendered":"<p>El papa Francisco recibi\u00f3 el mi\u00e9rcoles (09.04.2025) en el Vaticano, en una visita sorpresa, a los reyes brit\u00e1nicos Carlos III y Camilia, que se encuentran de viaje en Italia, en el d\u00eda en el que celebran sus 20 a\u00f1os de matrimonio, inform\u00f3 la Santa Sede. El pont\u00edfice, de 88 a\u00f1os y que sigue su convalecencia &hellip;<\/p>\n","protected":false},"author":1,"featured_media":22278,"comment_status":"open","ping_status":"open","sticky":false,"template":"","format":"standard","meta":{"fifu_image_url":"https:\/\/static.dw.com\/image\/72169414_6.jpg","fifu_image_alt":"","footnotes":""},"categories":[13],"tags":[],"class_list":["post-22277","post","type-post","status-publish","format-standard","has-post-thumbnail","","category-mundo"],"_links":{"self":[{"href":"https:\/\/noticiasveraces.com\/index.php?rest_route=\/wp\/v2\/posts\/22277","targetHints":{"allow":["GET"]}}],"collection":[{"href":"https:\/\/noticiasveraces.com\/index.php?rest_route=\/wp\/v2\/posts"}],"about":[{"href":"https:\/\/noticiasveraces.com\/index.php?rest_route=\/wp\/v2\/types\/post"}],"author":[{"embeddable":true,"href":"https:\/\/noticiasveraces.com\/index.php?rest_route=\/wp\/v2\/users\/1"}],"replies":[{"embeddable":true,"href":"https:\/\/noticiasveraces.com\/index.php?rest_route=%2Fwp%2Fv2%2Fcomments&post=22277"}],"version-history":[{"count":0,"href":"https:\/\/noticiasveraces.com\/index.php?rest_route=\/wp\/v2\/posts\/22277\/revisions"}],"wp:featuredmedia":[{"embeddable":true,"href":"https:\/\/noticiasveraces.com\/index.php?rest_route=\/wp\/v2\/media\/22278"}],"wp:attachment":[{"href":"https:\/\/noticiasveraces.com\/index.php?rest_route=%2Fwp%2Fv2%2Fmedia&parent=22277"}],"wp:term":[{"taxonomy":"category","embeddable":true,"href":"https:\/\/noticiasveraces.com\/index.php?rest_route=%2Fwp%2Fv2%2Fcategories&post=22277"},{"taxonomy":"post_tag","embeddable":true,"href":"https:\/\/noticiasveraces.com\/index.php?rest_route=%2Fwp%2Fv2%2Ftags&post=22277"}],"curies":[{"name":"wp","href":"https:\/\/api.w.org\/{rel}","templated":true}]}}