{"id":22265,"date":"2025-04-09T20:45:05","date_gmt":"2025-04-10T00:45:05","guid":{"rendered":"https:\/\/noticiasveraces.com\/?p=22265"},"modified":"2025-04-09T20:45:05","modified_gmt":"2025-04-10T00:45:05","slug":"francia-espera-reconocer-al-estado-palestino-en-junio-dw-10-04-2025","status":"publish","type":"post","link":"https:\/\/noticiasveraces.com\/?p=22265","title":{"rendered":"Francia espera reconocer al Estado palestino \u00aben junio\u00bb \u2013 DW \u2013 10\/04\/2025"},"content":{"rendered":"<p> \n<\/p>\n<div>\n<p>El presidente Emmanuel Macron anunci\u00f3 el mi\u00e9rcoles (09.04.2025) que Francia podr\u00eda reconocer al Estado palestino \u00aben junio\u00bb durante una conferencia que copresidir\u00e1 junto a Arabia Saudita en la sede de la ONU Nueva York y que permitir\u00eda, seg\u00fan el mandatario, que varios pa\u00edses de la regi\u00f3n reconozcan a Israel.<\/p>\n<p>\u00abDeber\u00edamos ir hacia un reconocimiento y avanzaremos en los pr\u00f3ximos meses\u00bb, declar\u00f3 Macron en una entrevista con la cadena France 5 difundida este mi\u00e9rcoles.<\/p>\n<p>\u00abNuestro objetivo es que en alg\u00fan momento en junio, junto con Arabia Saudita, en esta conferencia, vamos a finalizar este movimiento de reconocimiento mutuo de varias partes\u00bb, agreg\u00f3.<\/p>\n<p>\u00abLo har\u00e9 (&#8230;) porque creo que en alg\u00fan momento es lo justo y porque tambi\u00e9n quiero participar en una din\u00e1mica colectiva, que pueda permitir tambi\u00e9n a todos aquellos que defienden a Palestina reconocer a su vez a Israel, lo que muchos de ellos no hacen\u00bb, agreg\u00f3.<\/p>\n<p>La ministra de Relaciones Exteriores de la Autoridad Palestina, Varsen Aghabekian Shahin, celebr\u00f3 el anuncio como \u00abun paso en la direcci\u00f3n correcta\u00bb.<\/p>\n<p>El reconocimiento por parte de Francia del Estado palestino \u00abser\u00eda un paso en la direcci\u00f3n correcta, en consonancia con la defensa de los derechos del pueblo palestino y la soluci\u00f3n de dos Estados\u00bb, declar\u00f3 a la agencia AFP la ministra.<\/p>\n<p>Casi 150 pa\u00edses reconocen al Estado palestino. En mayo de 2024, Irlanda, Noruega y Espa\u00f1a dieron este paso, seguidos por Eslovenia en junio.<\/p>\n<p>El primer ministro israel\u00ed, Benjamin Netanyahu, rechaza la soluci\u00f3n de dos Estados.<\/p>\n<p>Para Macron, esto tambi\u00e9n permitir\u00e1 dejar las cosas claras \u00abpara luchar contra aquellos que niegan el derecho de Israel a existir, como es el caso de Ir\u00e1n\u00bb.<\/p>\n<p>GS (AFP, Efe)<\/p>\n<\/div>\n\n","protected":false},"excerpt":{"rendered":"<p>El presidente Emmanuel Macron anunci\u00f3 el mi\u00e9rcoles (09.04.2025) que Francia podr\u00eda reconocer al Estado palestino \u00aben junio\u00bb durante una conferencia que copresidir\u00e1 junto a Arabia Saudita en la sede de la ONU Nueva York y que permitir\u00eda, seg\u00fan el mandatario, que varios pa\u00edses de la regi\u00f3n reconozcan a Israel. \u00abDeber\u00edamos ir hacia un reconocimiento y &hellip;<\/p>\n","protected":false},"author":1,"featured_media":22266,"comment_status":"open","ping_status":"open","sticky":false,"template":"","format":"standard","meta":{"fifu_image_url":"https:\/\/static.dw.com\/image\/72060704_6.jpg","fifu_image_alt":"","footnotes":""},"categories":[13],"tags":[],"class_list":["post-22265","post","type-post","status-publish","format-standard","has-post-thumbnail","","category-mundo"],"_links":{"self":[{"href":"https:\/\/noticiasveraces.com\/index.php?rest_route=\/wp\/v2\/posts\/22265","targetHints":{"allow":["GET"]}}],"collection":[{"href":"https:\/\/noticiasveraces.com\/index.php?rest_route=\/wp\/v2\/posts"}],"about":[{"href":"https:\/\/noticiasveraces.com\/index.php?rest_route=\/wp\/v2\/types\/post"}],"author":[{"embeddable":true,"href":"https:\/\/noticiasveraces.com\/index.php?rest_route=\/wp\/v2\/users\/1"}],"replies":[{"embeddable":true,"href":"https:\/\/noticiasveraces.com\/index.php?rest_route=%2Fwp%2Fv2%2Fcomments&post=22265"}],"version-history":[{"count":0,"href":"https:\/\/noticiasveraces.com\/index.php?rest_route=\/wp\/v2\/posts\/22265\/revisions"}],"wp:featuredmedia":[{"embeddable":true,"href":"https:\/\/noticiasveraces.com\/index.php?rest_route=\/wp\/v2\/media\/22266"}],"wp:attachment":[{"href":"https:\/\/noticiasveraces.com\/index.php?rest_route=%2Fwp%2Fv2%2Fmedia&parent=22265"}],"wp:term":[{"taxonomy":"category","embeddable":true,"href":"https:\/\/noticiasveraces.com\/index.php?rest_route=%2Fwp%2Fv2%2Fcategories&post=22265"},{"taxonomy":"post_tag","embeddable":true,"href":"https:\/\/noticiasveraces.com\/index.php?rest_route=%2Fwp%2Fv2%2Ftags&post=22265"}],"curies":[{"name":"wp","href":"https:\/\/api.w.org\/{rel}","templated":true}]}}