{"id":22262,"date":"2025-04-09T20:21:39","date_gmt":"2025-04-10T00:21:39","guid":{"rendered":"https:\/\/noticiasveraces.com\/?p=22262"},"modified":"2025-04-09T20:21:39","modified_gmt":"2025-04-10T00:21:39","slug":"dibu-martinez-silbado-en-paris-su-look-calento-a-hinchas-de-psg","status":"publish","type":"post","link":"https:\/\/noticiasveraces.com\/?p=22262","title":{"rendered":"\u2018Dibu\u2019 Mart\u00ednez, silbado en Par\u00eds: su \u2018look\u2019 calent\u00f3 a hinchas de PSG"},"content":{"rendered":"<p> \n<br \/><img decoding=\"async\" src=\"https:\/\/www.futbolred.com\/files\/article_graphic\/uploads\/2025\/04\/09\/67f6e0fb683c7.jpeg\" \/><\/p>\n<header>\n<h3>\n<p>                Curiosidades de f\u00fatbol<br \/>\n            <\/h3>\n<h1>\n<p>            \u2018Dibu\u2019 Mart\u00ednez, silbado en Par\u00eds: su \u2018look\u2019 calent\u00f3 a hinchas de PSG<br \/>\n        <\/h1>\n<address>\n            <a>Juan Pablo Ar\u00e9valo<br \/>\n        <\/address>\n<p>            09 de abril 2025 , 04:10 p.\u00a0m.<\/p>\n<\/header>\n<p>El arquero argentino del Aston Villa fue protagonista en partido de Champions League.<\/p>\n<p>Emiliano el \u2018Dibu\u2019 Mart\u00ednez la pas\u00f3 mal este mi\u00e9rcoles en el estadio del PSG, el famoso Parque de los Pr\u00edncipes, en el partido en el que el equipo galo derrot\u00f3 3-1 al Aston Villa por la ida de los cuartos de final de la Champions League.<\/p>\n<p>El arquero argentino es odiado en Francia, desde que gan\u00f3 la final del Mundial de Qatar 2022 en un juego entre la Albiceleste y la \u2018France\u2019, que termin\u00f3 3-3 y en la que el \u2018Dibu\u2019 fue protagonista en los penaltis.<\/p>\n<p>As\u00ed, desde que sali\u00f3 a calentar, el \u2018Dibu\u2019 sinti\u00f3 la hostilidad en Par\u00eds; claro que el portero de los villanos ven\u00eda preparado, y calent\u00f3 a los aficionados con su \u2018look\u2019: pint\u00f3 una parte de su pelo con los colores de la bandera argentina.<\/p>\n<p>Han sido varias las provocaciones y declaraciones de Emiliano Mart\u00ednez a los franceses, as\u00ed que su \u2018look\u2019 es apenas un detalle para el juego de Champions.<\/p>\n<p>Eso s\u00ed, el \u2018Dibu\u2019 se llev\u00f3 la peor parte: recibi\u00f3 tres goles de un PSG que es favorito, y ahora el Aston Villa deber\u00e1 jug\u00e1rsela para intentar una \u00e9pica remontada.<\/p>\n\n","protected":false},"excerpt":{"rendered":"<p>Curiosidades de f\u00fatbol \u2018Dibu\u2019 Mart\u00ednez, silbado en Par\u00eds: su \u2018look\u2019 calent\u00f3 a hinchas de PSG Juan Pablo Ar\u00e9valo 09 de abril 2025 , 04:10 p.\u00a0m. El arquero argentino del Aston Villa fue protagonista en partido de Champions League. Emiliano el \u2018Dibu\u2019 Mart\u00ednez la pas\u00f3 mal este mi\u00e9rcoles en el estadio del PSG, el famoso Parque &hellip;<\/p>\n","protected":false},"author":1,"featured_media":22264,"comment_status":"open","ping_status":"open","sticky":false,"template":"","format":"standard","meta":{"fifu_image_url":"https:\/\/www.futbolred.com\/files\/og_thumbnail\/uploads\/2025\/04\/09\/67f6e0fb683c7.jpeg","fifu_image_alt":"","footnotes":""},"categories":[6],"tags":[],"class_list":["post-22262","post","type-post","status-publish","format-standard","has-post-thumbnail","","category-deportes"],"_links":{"self":[{"href":"https:\/\/noticiasveraces.com\/index.php?rest_route=\/wp\/v2\/posts\/22262","targetHints":{"allow":["GET"]}}],"collection":[{"href":"https:\/\/noticiasveraces.com\/index.php?rest_route=\/wp\/v2\/posts"}],"about":[{"href":"https:\/\/noticiasveraces.com\/index.php?rest_route=\/wp\/v2\/types\/post"}],"author":[{"embeddable":true,"href":"https:\/\/noticiasveraces.com\/index.php?rest_route=\/wp\/v2\/users\/1"}],"replies":[{"embeddable":true,"href":"https:\/\/noticiasveraces.com\/index.php?rest_route=%2Fwp%2Fv2%2Fcomments&post=22262"}],"version-history":[{"count":0,"href":"https:\/\/noticiasveraces.com\/index.php?rest_route=\/wp\/v2\/posts\/22262\/revisions"}],"wp:featuredmedia":[{"embeddable":true,"href":"https:\/\/noticiasveraces.com\/index.php?rest_route=\/wp\/v2\/media\/22264"}],"wp:attachment":[{"href":"https:\/\/noticiasveraces.com\/index.php?rest_route=%2Fwp%2Fv2%2Fmedia&parent=22262"}],"wp:term":[{"taxonomy":"category","embeddable":true,"href":"https:\/\/noticiasveraces.com\/index.php?rest_route=%2Fwp%2Fv2%2Fcategories&post=22262"},{"taxonomy":"post_tag","embeddable":true,"href":"https:\/\/noticiasveraces.com\/index.php?rest_route=%2Fwp%2Fv2%2Ftags&post=22262"}],"curies":[{"name":"wp","href":"https:\/\/api.w.org\/{rel}","templated":true}]}}