{"id":22252,"date":"2025-04-09T18:41:49","date_gmt":"2025-04-09T22:41:49","guid":{"rendered":"https:\/\/noticiasveraces.com\/?p=22252"},"modified":"2025-04-09T18:41:49","modified_gmt":"2025-04-09T22:41:49","slug":"los-aranceles-de-trump-afectan-el-bolsillo-de-los-brasilenos-dw-09-04-2025","status":"publish","type":"post","link":"https:\/\/noticiasveraces.com\/?p=22252","title":{"rendered":"Los aranceles de Trump afectan el bolsillo de los brasile\u00f1os \u2013 DW \u2013 09\/04\/2025"},"content":{"rendered":"<p> \n<\/p>\n<div>\n<p>Brasil escap\u00f3 del peor escenario en la guerra comercial iniciada por el presidente estadounidense,\u00a0Donald Trump, con un arancel \u00abrec\u00edproco\u00bb\u00a0m\u00ednimo del 10 por ciento\u00a0a los productos del pa\u00eds. El mercado local qued\u00f3 en ventaja frente a sus principales competidores en el sistema de comercio global, como la Uni\u00f3n Europea (UE), que es objeto de un recargo del 20 por ciento.<\/p>\n<p>Aun as\u00ed, \u00absi hay una ca\u00edda brusca de la demanda debido a una recesi\u00f3n global, es posible que ning\u00fan pa\u00eds salga ganando, ni siquiera desde una perspectiva sectorial\u00bb, advierte Lucas Ferraz, coordinador del Centro de Estudios de Negocios Globales de la Fundaci\u00f3n Get\u00falio Vargas (FGV) y secretario de Comercio Exterior de Brasil entre 2019 y 2022.<\/p>\n<p>Una eventual represalia del Gobierno brasile\u00f1o y la inestabilidad del d\u00f3lar tambi\u00e9n podr\u00edan encarecer los productos importados e impulsar la inflaci\u00f3n, que ya es elevada.<\/p>\n<p>No obstante, a largo plazo, el cierre del mercado estadounidense deber\u00eda redireccionar los flujos comerciales hacia Brasil. El resultado ser\u00eda un aumento de la oferta y una consiguiente ca\u00edda de los precios. \u00abEs un equilibrio a\u00fan\u00a0muy dif\u00edcil de prever\u00bb, explica Ferraz. \u00abPero, ciertamente, es un escenario muy preocupante para la econom\u00eda global\u00bb, subraya.<\/p>\n<figure class=\"placeholder-image master_landscape big\"><img data-format=\"MASTER_LANDSCAPE\" data-id=\"71910059\" data-url=\"https:\/\/static.dw.com\/image\/71910059_${formatId}.jpg\" data-aspect-ratio=\"16\/9\" alt=\"Brasil, Rio de Janeiro: dos hombres entre productos de un supermercado.\" style=\"padding-bottom: 56.25%; height: 0; max-height: 0;\"\/><figcaption class=\"img-caption\">La guerra comercial probablemente impulsar\u00e1 la inflaci\u00f3n en el corto plazo.<small class=\"copyright\">Imagen: Claudia Martini\/Xinhua News Agency\/Picture Alliance  <\/small><\/figcaption><\/figure>\n<h2>Brasil \u00abno qued\u00f3 tan mal\u00bb<\/h2>\n<p>Estados Unidos acusa a menudo a Brasil de imponer aranceles relativamente altos y otros tipos de barreras a las importaciones, sobre todo de sector automotriz, etanol, productos qu\u00edmicos y acero.\u00a0 Sin embargo, la balanza comercial entre las dos mayores econom\u00edas de Am\u00e9rica ha sido superavitaria a favor de los estadounidenses durante 15 a\u00f1os; es decir, exportan m\u00e1s de lo que importan.<\/p>\n<p>Como el aumento arancelario de Trump se calcul\u00f3 en base al d\u00e9ficit de Estados Unidos con otros pa\u00edses, Brasil termin\u00f3 siendo blanco del arancel m\u00ednimo del 10 por ciento. El valor es mucho menor que la tasa inicialmente impuesta a pares como Jap\u00f3n (24 por ciento), India (26 por ciento) y China (34 por ciento). \u00abEn t\u00e9rminos relativos, Brasil no qued\u00f3 tan mal\u00bb, destaca Ferraz.<\/p>\n<p>Trump ya hab\u00eda impuesto aranceles del 25 por ciento a las importaciones de acero y aluminio, que afectan a las exportaciones brasile\u00f1as. Sin embargo, seg\u00fan el economista jefe de MB Associados, Sergio Vale, las repercusiones econ\u00f3micas para Brasil tienden a ser leves: \u00abLa econom\u00eda brasile\u00f1a crecer\u00e1 menos, habr\u00e1 un poco m\u00e1s de desempleo, pero la guerra arancelaria no tendr\u00e1 un impacto tan dram\u00e1tico en nuestro escenario econ\u00f3mico\u00bb.<\/p>\n<p>En cualquier caso, el entorno global m\u00e1s adverso presiona a econom\u00edas emergentes como la de Brasil. Los mercados financieros est\u00e1n nerviosos: los anuncios arancelarios han hecho caer las bolsas de todo el mundo. Hay temores de que un empeoramiento del entorno empresarial debilite la actividad econ\u00f3mica estadounidense.<\/p>\n<p>El banco de inversi\u00f3n Goldman Sachs incluso aument\u00f3 del 35 al \u200b\u200b45 por ciento\u00a0la probabilidad de que Estados Unidos entre en una recesi\u00f3n (generalmente caracterizada como un per\u00edodo de dos trimestres consecutivos de contracci\u00f3n del PIB).<\/p>\n<figure class=\"placeholder-image master_landscape big\"><img data-format=\"MASTER_LANDSCAPE\" data-id=\"72167707\" data-url=\"https:\/\/static.dw.com\/image\/72167707_${formatId}.jpg\" data-aspect-ratio=\"16\/9\" alt=\"Hombre indica con el dedo hacia las pantallas de la bolsa de Nueva York.\" style=\"padding-bottom: 56.25%; height: 0; max-height: 0;\"\/><figcaption class=\"img-caption\">Las bolsas sufren fuertes p\u00e9rdidas tras el aumento de aranceles de Trump.<small class=\"copyright\">Imagen: Michael M. Santiago\/AFP\/Getty Images<\/small><\/figcaption><\/figure>\n<h2>El alza de aranceles debe afectar la inflaci\u00f3n<\/h2>\n<p>Para Brasil, la crisis internacional llegar\u00eda en un momento en que las condiciones internas ya est\u00e1n empeorando. El mes pasado, el Banco Central elev\u00f3 la tasa de inter\u00e9s base en 1 punto porcentual, al 14,25 por ciento, el nivel m\u00e1s alto desde 2016. Una de las justificaciones de la decisi\u00f3n fue la incertidumbre arancelaria. <\/p>\n<p>Sumada a la desaceleraci\u00f3n de los sectores de comercio, servicios e industria, la guerra comercial contribuir\u00e1 a un aumento de la tasa de desempleo, actualmente en el 6,5 por ciento, dice Vale, de MB Associados. \u00abLa econom\u00eda crecer\u00e1 entre un 1,5 y un 2 por ciento, aproximadamente, la mitad del crecimiento del a\u00f1o pasado. Esto tendr\u00e1 implicaciones para el mercado laboral\u201d, predice.<\/p>\n<p>Otro factor que complica las perspectivas es la respuesta de los pa\u00edses afectados. China ya respondi\u00f3 y desat\u00f3\u00a0\u00a0contrarrespuestas estadounidenses, mientras la UE discute su respuesta. Y, en Brasil, el Congreso aprob\u00f3 un proyecto de reciprocidad con instrumentos para responder, pero eso podr\u00eda aumentar la inflaci\u00f3n brasile\u00f1a. \u00abNo creo que Brasil quiera entrar en una guerra comercial, porque nuestra inflaci\u00f3n no es baja\u00bb, especula Vale.<\/p>\n<p>El economista ve riesgos relacionados con el sector alimentario. La postura proteccionista de Estados Unidos podr\u00eda llevar al agronegocio brasile\u00f1o a exportar m\u00e1s soja, ma\u00edz, carne y otros productos a China. A corto plazo, la medida reducir\u00eda la producci\u00f3n para el consumo interno. Pero, a largo plazo, el efecto ser\u00eda el contrario.<\/p>\n<figure class=\"placeholder-image master_landscape big\"><img data-format=\"MASTER_LANDSCAPE\" data-id=\"58810095\" data-url=\"https:\/\/static.dw.com\/image\/58810095_${formatId}.jpg\" data-aspect-ratio=\"16\/9\" alt=\"Brasil, Salto do Jacui | Vista a\u00e9rea de dos maquinarias en la cosecha de un campo de soya.\" style=\"padding-bottom: 56.25%; height: 0; max-height: 0;\"\/><figcaption class=\"img-caption\">El cierre del mercado estadounidense podr\u00eda generar oportunidades para el agronegocio brasile\u00f1o.<small class=\"copyright\">Imagen: SILVIO AVILA\/AFP\/Getty Images<\/small><\/figcaption><\/figure>\n<p>La volatilidad del d\u00f3lar, depreciado en medio de expectativas pesimistas para la econom\u00eda estadounidense, tambi\u00e9n podr\u00eda provocar ajustes de precios. Pero la guerra comercial a\u00fan podr\u00eda provocar una avalancha de inversores hacia la seguridad de la moneda estadounidense, lo que encarecer\u00eda el d\u00f3lar, seg\u00fan un an\u00e1lisis del banco holand\u00e9s ING.<\/p>\n<p><span data-slot-id=\"Article_InContent-1\" class=\"rich-text-ad\"\/><\/p>\n<h2>Oportunidades para Brasil<\/h2>\n<p>El aumento del proteccionismo estadounidense tambi\u00e9n abre una ventana de oportunidades para Brasil, que podr\u00eda afectar positivamente las finanzas familiares. \u00abMirando la guerra comercial que se avecina, tenemos una econom\u00eda con potencial positivo precisamente en los sectores en los que m\u00e1s producimos, que son las materias primas agr\u00edcolas, la miner\u00eda y el petr\u00f3leo\u201d, destaca Vale.<\/p>\n<p>Para el economista Andr\u00e9 Val\u00e9rio, del Banco Inter, \u00abel hecho de que Brasil tenga menos impuestos har\u00e1 que nuestros productos sean relativamente m\u00e1s competitivos en relaci\u00f3n a otros pa\u00edses, lo que podr\u00eda permitir mayores exportaciones a Estados Unidos\u00bb.<\/p>\n<p>(EM)<\/p>\n<\/p>\n<\/div>\n\n","protected":false},"excerpt":{"rendered":"<p>Brasil escap\u00f3 del peor escenario en la guerra comercial iniciada por el presidente estadounidense,\u00a0Donald Trump, con un arancel \u00abrec\u00edproco\u00bb\u00a0m\u00ednimo del 10 por ciento\u00a0a los productos del pa\u00eds. El mercado local qued\u00f3 en ventaja frente a sus principales competidores en el sistema de comercio global, como la Uni\u00f3n Europea (UE), que es objeto de un recargo &hellip;<\/p>\n","protected":false},"author":1,"featured_media":22253,"comment_status":"open","ping_status":"open","sticky":false,"template":"","format":"standard","meta":{"fifu_image_url":"https:\/\/static.dw.com\/image\/71374687_6.jpg","fifu_image_alt":"","footnotes":""},"categories":[13],"tags":[],"class_list":["post-22252","post","type-post","status-publish","format-standard","has-post-thumbnail","","category-mundo"],"_links":{"self":[{"href":"https:\/\/noticiasveraces.com\/index.php?rest_route=\/wp\/v2\/posts\/22252","targetHints":{"allow":["GET"]}}],"collection":[{"href":"https:\/\/noticiasveraces.com\/index.php?rest_route=\/wp\/v2\/posts"}],"about":[{"href":"https:\/\/noticiasveraces.com\/index.php?rest_route=\/wp\/v2\/types\/post"}],"author":[{"embeddable":true,"href":"https:\/\/noticiasveraces.com\/index.php?rest_route=\/wp\/v2\/users\/1"}],"replies":[{"embeddable":true,"href":"https:\/\/noticiasveraces.com\/index.php?rest_route=%2Fwp%2Fv2%2Fcomments&post=22252"}],"version-history":[{"count":0,"href":"https:\/\/noticiasveraces.com\/index.php?rest_route=\/wp\/v2\/posts\/22252\/revisions"}],"wp:featuredmedia":[{"embeddable":true,"href":"https:\/\/noticiasveraces.com\/index.php?rest_route=\/wp\/v2\/media\/22253"}],"wp:attachment":[{"href":"https:\/\/noticiasveraces.com\/index.php?rest_route=%2Fwp%2Fv2%2Fmedia&parent=22252"}],"wp:term":[{"taxonomy":"category","embeddable":true,"href":"https:\/\/noticiasveraces.com\/index.php?rest_route=%2Fwp%2Fv2%2Fcategories&post=22252"},{"taxonomy":"post_tag","embeddable":true,"href":"https:\/\/noticiasveraces.com\/index.php?rest_route=%2Fwp%2Fv2%2Ftags&post=22252"}],"curies":[{"name":"wp","href":"https:\/\/api.w.org\/{rel}","templated":true}]}}