{"id":22250,"date":"2025-04-09T17:41:03","date_gmt":"2025-04-09T21:41:03","guid":{"rendered":"https:\/\/noticiasveraces.com\/?p=22250"},"modified":"2025-04-09T17:41:03","modified_gmt":"2025-04-09T21:41:03","slug":"la-ue-aprueba-sus-contramedidas-a-los-aranceles-de-ee-uu-dw-09-04-2025","status":"publish","type":"post","link":"https:\/\/noticiasveraces.com\/?p=22250","title":{"rendered":"La UE aprueba sus contramedidas a los aranceles de EE.UU. \u2013 DW \u2013 09\/04\/2025"},"content":{"rendered":"<p> \n<\/p>\n<div>\n<p>Los Estados miembros de la Uni\u00f3n Europea (UE) dieron este mi\u00e9rcoles (09.04.2025) luz verde a las contramedidas propuestas por la Comisi\u00f3n Europea (CE) para responder a los aranceles del 25 % que Estados Unidos ha impuesto al acero y al aluminio, seg\u00fan indicaron fuentes diplom\u00e1ticas y confirm\u00f3 el Ejecutivo comunitario.<\/p>\n<p>Las fuentes diplom\u00e1ticas precisaron que todos los Estados miembros, salvo uno, votaron a favor de las contramedidas. El pa\u00eds que vot\u00f3 en contra fue Hungr\u00eda, como ya adelant\u00f3 su ministro de Exteriores, P\u00e9ter Szijj\u00e1rt\u00f3, en redes sociales.<\/p>\n<p>\u00abHoy Hungr\u00eda est\u00e1 votando en contra de la propuesta de la Comisi\u00f3n Europea de imponer contramedidas a Estados Unidos. La escalada no es la respuesta. Tales medidas provocar\u00e1n da\u00f1o adicional a la econom\u00eda y los ciudadanos europeos al elevar los precios. El \u00fanico camino adelante es el de las negociaciones, no la represalia\u00bb, escribi\u00f3.<\/p>\n<p>La Comisi\u00f3n Europea indic\u00f3 en un comunicado que hoy los Estados miembros votaron a favor de la propuesta del Ejecutivo comunitario de introducir contramedidas comerciales contra Estados Unidos.<\/p>\n<p>\u00abLa propuesta de la Comisi\u00f3n se hizo en respuesta a la decisi\u00f3n de marzo por parte de Estados Unidos de imponer aranceles a importaciones de acero y aluminio desde la UE\u00bb, expuso la CE.<\/p>\n<p><strong>Aranceles da\u00f1inos<\/strong><\/p>\n<p>Subray\u00f3 que la UE considera que los aranceles estadounidenses no est\u00e1n justificados y son \u00abda\u00f1inos\u00bb y recalc\u00f3 que esos grav\u00e1menes de Washington provocan \u00abda\u00f1o econ\u00f3mico a ambas partes, as\u00ed como a la econom\u00eda global\u00bb.<\/p>\n<p>\u00abLa UE ha expresado su clara preferencia por encontrar resultados negociados con Estados Unidos, que ser\u00edan equilibrados y mutuamente beneficiosos\u00bb, indic\u00f3.<\/p>\n<p>Agreg\u00f3 que el voto de hoy por parte de los pa\u00edses significa que una vez que se concluyan los procedimientos internos de la Comisi\u00f3n Europea y el acto de ejecuci\u00f3n se publique, las contramedidas entrar\u00e1n en vigor.<\/p>\n<p>La recaudaci\u00f3n a trav\u00e9s de las contramedidas de la UE comenzar\u00e1 a partir del 15 de abril.<\/p>\n<p>\u00abEstas contramedidas pueden suspenderse en cualquier momento si Estados Unidos acepta un resultado negociado justo y equilibrado\u00bb, comunic\u00f3 Bruselas.<\/p>\n<p>CT (Efe, Euronews)<\/p>\n<\/div>\n\n","protected":false},"excerpt":{"rendered":"<p>Los Estados miembros de la Uni\u00f3n Europea (UE) dieron este mi\u00e9rcoles (09.04.2025) luz verde a las contramedidas propuestas por la Comisi\u00f3n Europea (CE) para responder a los aranceles del 25 % que Estados Unidos ha impuesto al acero y al aluminio, seg\u00fan indicaron fuentes diplom\u00e1ticas y confirm\u00f3 el Ejecutivo comunitario. Las fuentes diplom\u00e1ticas precisaron que &hellip;<\/p>\n","protected":false},"author":1,"featured_media":22251,"comment_status":"open","ping_status":"open","sticky":false,"template":"","format":"standard","meta":{"fifu_image_url":"https:\/\/static.dw.com\/image\/68243043_6.jpg","fifu_image_alt":"","footnotes":""},"categories":[13],"tags":[],"class_list":["post-22250","post","type-post","status-publish","format-standard","has-post-thumbnail","","category-mundo"],"_links":{"self":[{"href":"https:\/\/noticiasveraces.com\/index.php?rest_route=\/wp\/v2\/posts\/22250","targetHints":{"allow":["GET"]}}],"collection":[{"href":"https:\/\/noticiasveraces.com\/index.php?rest_route=\/wp\/v2\/posts"}],"about":[{"href":"https:\/\/noticiasveraces.com\/index.php?rest_route=\/wp\/v2\/types\/post"}],"author":[{"embeddable":true,"href":"https:\/\/noticiasveraces.com\/index.php?rest_route=\/wp\/v2\/users\/1"}],"replies":[{"embeddable":true,"href":"https:\/\/noticiasveraces.com\/index.php?rest_route=%2Fwp%2Fv2%2Fcomments&post=22250"}],"version-history":[{"count":0,"href":"https:\/\/noticiasveraces.com\/index.php?rest_route=\/wp\/v2\/posts\/22250\/revisions"}],"wp:featuredmedia":[{"embeddable":true,"href":"https:\/\/noticiasveraces.com\/index.php?rest_route=\/wp\/v2\/media\/22251"}],"wp:attachment":[{"href":"https:\/\/noticiasveraces.com\/index.php?rest_route=%2Fwp%2Fv2%2Fmedia&parent=22250"}],"wp:term":[{"taxonomy":"category","embeddable":true,"href":"https:\/\/noticiasveraces.com\/index.php?rest_route=%2Fwp%2Fv2%2Fcategories&post=22250"},{"taxonomy":"post_tag","embeddable":true,"href":"https:\/\/noticiasveraces.com\/index.php?rest_route=%2Fwp%2Fv2%2Ftags&post=22250"}],"curies":[{"name":"wp","href":"https:\/\/api.w.org\/{rel}","templated":true}]}}