{"id":22248,"date":"2025-04-09T16:40:17","date_gmt":"2025-04-09T20:40:17","guid":{"rendered":"https:\/\/noticiasveraces.com\/?p=22248"},"modified":"2025-04-09T16:40:17","modified_gmt":"2025-04-09T20:40:17","slug":"en-alemania-hay-acuerdo-de-coalicion-pero-no-hay-gobierno-dw-09-04-2025","status":"publish","type":"post","link":"https:\/\/noticiasveraces.com\/?p=22248","title":{"rendered":"En Alemania hay acuerdo de coalici\u00f3n, pero no hay Gobierno \u2013 DW \u2013 09\/04\/2025"},"content":{"rendered":"<p> \n<\/p>\n<div>\n<p>En Alemania, unas seis semanas despu\u00e9s de las elecciones federales del 23 de febrero de 2025, se perfila un nuevo Gobierno. Los democristianos (CDU), su partido hermano b\u00e1varo CSUy los socialdem\u00f3cratas (SPD) concluyeron el\u00a0mi\u00e9rcoles (9.4.2025) en Berl\u00edn las\u00a0negociaciones de coalici\u00f3n.<\/p>\n<p>Pero ahora los \u00f3rganos de los partidos tienen que\u00a0aprobar el acuerdo alcanzado. En el caso del SPD, incluso est\u00e1 prevista una consulta a la militancia. Si todos los involucrados dan luz verde, el l\u00edder de la CDU, Friedrich Merz, podr\u00eda ser elegido canciller y sucesor de Olaf Scholz dentro de un mes. El 7 de mayo es la fecha que se baraja.<\/p>\n<h2>\u00abAlemania tendr\u00e1 un Gobierno con capacidad de acci\u00f3n\u00bb<\/h2>\n<p>Durante la presentaci\u00f3n del acuerdo\u00a0de coalici\u00f3n, el futuro jefe de Gobierno alem\u00e1n, Friedrich Merz, habl\u00f3 de una se\u00f1al clara para la poblaci\u00f3n del pa\u00eds, pero tambi\u00e9n para los socios en la Uni\u00f3n Europea (UE): \u00abAlemania tendr\u00e1 un Gobierno con capacidad y fuerza de acci\u00f3n\u00bb, subray\u00f3 Merz.<\/p>\n<p>Indic\u00f3 que las negociaciones se llevaron a cabo en un contexto de crecientes tensiones geopol\u00edticas, aludiendo a la guerra\u00a0rusa contra Ucrania y a la controvertida pol\u00edtica econ\u00f3mica global del presidente estadounidense,\u00a0\u00a0Donald Trump. Por ello, el mensaje de Alemania es a\u00fan m\u00e1s claro: \u00abQueremos y vamos a participar activamente en el cambio del mundo en beneficio de Alemania\u00bb.<\/p>\n<h2>\u00bfCrecimiento econ\u00f3mico a trav\u00e9s de recortes fiscales?<\/h2>\n<p>Para reactivar la econom\u00eda, que est\u00e1 en\u00a0recesi\u00f3n, Merz anunci\u00f3 amplias reducciones fiscales para las empresas y precios m\u00e1s bajos de electricidad para la industria. Al mismo tiempo, el subsidio para personas en situaci\u00f3n vulnerable, conocido como <em>Asignaci\u00f3n de ciudadanos<\/em> \u2014introducido por el Gobierno saliente\u2014, ser\u00e1 transformado en una llamada renta b\u00e1sica. Una reforma que podr\u00eda aumentar la presi\u00f3n desde la izquierda sobre el SPD.<\/p>\n<p>Hasta ahora, las personas refugiadas de la guerra en Ucrania tambi\u00e9n se beneficiaban del <em>Dinero de los ciudadanos, <\/em>una renta b\u00e1sica. Este privilegio ser\u00e1 eliminado de inmediato. En general, quienes buscan protecci\u00f3n deber\u00e1n prepararse para una l\u00ednea m\u00e1s dura en pol\u00edtica migratoria: \u00abVamos a ordenar y controlar mejor, y a poner fin en gran medida a la migraci\u00f3n irregular\u00bb, anunci\u00f3 Merz. Concretamente: controles en las fronteras nacionales y rechazos de solicitudes de asilo.<\/p>\n<p><span data-slot-id=\"Article_InContent-1\" class=\"rich-text-ad\"\/><\/p>\n<h2>La Uni\u00f3n impone su l\u00ednea en pol\u00edtica migratoria<\/h2>\n<p>En el anterior Bundestag, los democristianos\u00a0abogaron con vehemencia por implementar medidas m\u00e1s estrictas, incluso aceptando el apoyo del partido de ultra derecha AfDen una votaci\u00f3n. Este paso, considerado por muchos como una ruptura de tab\u00faes, provoc\u00f3 en enero manifestaciones masivas, tambi\u00e9n contra la CDU y Friedrich Merz.<\/p>\n<p>Tras el acuerdo con el SPD para una coalici\u00f3n conjunta, parece que la Uni\u00f3n ha logrado imponer sus planes: \u00abIniciaremos una ofensiva de deportaciones. Pondremos fin a los programas de acogida voluntaria, suspenderemos la reagrupaci\u00f3n familiar y ampliaremos considerablemente la lista de pa\u00edses de origen seguros\u00bb.<\/p>\n<h2>Con ayuda de Los Verdes, m\u00e1s dinero para el ej\u00e9rcito <\/h2>\n<p>Antes de concluir las negociaciones, la Uni\u00f3n y el SPD ya hab\u00edan acordado aumentar en m\u00e1s de cien mil millones de euros el gasto en defensa. Para ello, necesitaban el apoyo parlamentario de Los Verdes, con el fin de alcanzar la mayor\u00eda de dos tercios necesaria para modificar la Constituci\u00f3n. Esto se debe a que fue necesario flexibilizar el freno de la deuda establecido en la Ley Fundamental.<\/p>\n<p>Por ahora, CDU, CSU y SPD no han revelado oficialmente qui\u00e9n ocupar\u00e1 los distintos cargos del nuevo Gobierno. Primero deben convencer a sus bases de aprobar el acuerdo de coalici\u00f3n. Si lo logran, est\u00e1 claro qui\u00e9n ser\u00e1 canciller: Friedrich Merz. Seg\u00fan rumores, su vicecanciller y ministro de Finanzas podr\u00eda ser el socialdem\u00f3crata Lars Klingbeil.<\/p>\n<p>En total, adem\u00e1s de la canciller\u00eda, habr\u00e1 15 ministerios cl\u00e1sicos. Siete corresponder\u00edan a la CDU, cinco al SPD y tres a la CSU. Se planea crear un nuevo ministerio para pol\u00edtica digital. En este \u00e1mbito, Alemania tiene, seg\u00fan todos los expertos, una necesidad urgente de ponerse al d\u00eda a nivel internacional.<\/p>\n<h2>El ministerio de Cooperaci\u00f3n al Desarrollo se mantiene<\/h2>\n<p>Seg\u00fan lo acordado hasta ahora, el ministerio de Cooperaci\u00f3n al Desarrollo continuar\u00e1 existiendo. La Uni\u00f3n quer\u00eda integrarlo en el ministerio de Asuntos Exteriores. No obstante, con esta decisi\u00f3n, la actual ministra Svenja Schulze tiene buenas posibilidades de conservar su cargo.<\/p>\n<p>Lo mismo ocurre con el pol\u00edtico m\u00e1s popular del pa\u00eds seg\u00fan las encuestas: el ministro de Defensa Boris Pistorius. Aparte\u00a0de estos\u00a0dos pol\u00edticos ya conocidos\u00a0del SPD, tanto Alemania como el mundo tendr\u00e1n que acostumbrarse a muchas caras nuevas en el pr\u00f3ximo Gobierno. <\/p>\n<p>(GG\/MS)<\/p>\n<\/div>\n\n","protected":false},"excerpt":{"rendered":"<p>En Alemania, unas seis semanas despu\u00e9s de las elecciones federales del 23 de febrero de 2025, se perfila un nuevo Gobierno. Los democristianos (CDU), su partido hermano b\u00e1varo CSUy los socialdem\u00f3cratas (SPD) concluyeron el\u00a0mi\u00e9rcoles (9.4.2025) en Berl\u00edn las\u00a0negociaciones de coalici\u00f3n. Pero ahora los \u00f3rganos de los partidos tienen que\u00a0aprobar el acuerdo alcanzado. En el caso &hellip;<\/p>\n","protected":false},"author":1,"featured_media":22249,"comment_status":"open","ping_status":"open","sticky":false,"template":"","format":"standard","meta":{"fifu_image_url":"https:\/\/static.dw.com\/image\/72191530_6.jpg","fifu_image_alt":"","footnotes":""},"categories":[13],"tags":[],"class_list":["post-22248","post","type-post","status-publish","format-standard","has-post-thumbnail","","category-mundo"],"_links":{"self":[{"href":"https:\/\/noticiasveraces.com\/index.php?rest_route=\/wp\/v2\/posts\/22248","targetHints":{"allow":["GET"]}}],"collection":[{"href":"https:\/\/noticiasveraces.com\/index.php?rest_route=\/wp\/v2\/posts"}],"about":[{"href":"https:\/\/noticiasveraces.com\/index.php?rest_route=\/wp\/v2\/types\/post"}],"author":[{"embeddable":true,"href":"https:\/\/noticiasveraces.com\/index.php?rest_route=\/wp\/v2\/users\/1"}],"replies":[{"embeddable":true,"href":"https:\/\/noticiasveraces.com\/index.php?rest_route=%2Fwp%2Fv2%2Fcomments&post=22248"}],"version-history":[{"count":0,"href":"https:\/\/noticiasveraces.com\/index.php?rest_route=\/wp\/v2\/posts\/22248\/revisions"}],"wp:featuredmedia":[{"embeddable":true,"href":"https:\/\/noticiasveraces.com\/index.php?rest_route=\/wp\/v2\/media\/22249"}],"wp:attachment":[{"href":"https:\/\/noticiasveraces.com\/index.php?rest_route=%2Fwp%2Fv2%2Fmedia&parent=22248"}],"wp:term":[{"taxonomy":"category","embeddable":true,"href":"https:\/\/noticiasveraces.com\/index.php?rest_route=%2Fwp%2Fv2%2Fcategories&post=22248"},{"taxonomy":"post_tag","embeddable":true,"href":"https:\/\/noticiasveraces.com\/index.php?rest_route=%2Fwp%2Fv2%2Ftags&post=22248"}],"curies":[{"name":"wp","href":"https:\/\/api.w.org\/{rel}","templated":true}]}}