{"id":22243,"date":"2025-04-09T14:36:53","date_gmt":"2025-04-09T18:36:53","guid":{"rendered":"https:\/\/noticiasveraces.com\/?p=22243"},"modified":"2025-04-09T14:36:53","modified_gmt":"2025-04-09T18:36:53","slug":"que-habria-dicho-susan-sontag-sobre-trump-dw-09-04-2025","status":"publish","type":"post","link":"https:\/\/noticiasveraces.com\/?p=22243","title":{"rendered":"\u00bfQu\u00e9 habr\u00eda dicho Susan Sontag sobre Trump? \u2013 DW \u2013 09\/04\/2025"},"content":{"rendered":"<p> \n<\/p>\n<div>\n<p>Probablemente, Susan Sontag\u00a0habr\u00eda sido una figura detestada por el actual presidente de EE. UU., Donald Trump.<\/p>\n<p>Cuando Sontag falleci\u00f3 en 2004, era una escritora prominente. El mundo cultural, tanto en Estados Unidos como en Europa, valoraba su aguda cr\u00edtica social. Interven\u00eda con frecuencia en los debates pol\u00edticos\u00a0y muchos de sus pensamientos son hoy m\u00e1s actuales que nunca.<\/p>\n<p>\u00abSin duda, Sontag tendr\u00eda hoy una voz de peso\u00bb, afirma el historiador cultural Bernd H\u00fcppauf, investigador\u00a0durante a\u00f1os en la Universidad de Nueva York. \u00ab\u00bfPero se dejar\u00eda Trump impresionar por ello? Dif\u00edcilmente.\u00bb<\/p>\n<p>Actualmente, dos exposiciones en Alemania se dedican al universo intelectual de esta pensadora estadounidense: <em>Ver y ser visto<\/em>en la Bundeskunsthalle de Bonn (puede visitarse hasta el 28 de septiembre), y <em>Todo importa<\/em>a partir del 23 de mayo y hasta el 30 de noviembre de 2025\u00a0en la Casa de la Literatura de M\u00fanich. En ambas ha colaborado la bi\u00f3grafa de Sontag, Anna-Lisa Dieter. \u00abMuchas personas se preguntan a menudo qu\u00e9 dir\u00eda Susan Sontag sobre nuestro presente\u00bb, comenta\u00a0Dieter a DW. \u00abY\u00a0creo que tendr\u00eda much\u00edsimo que decir\u00bb.<\/p>\n<h2>La mirada europea de Susan Sontag sobre EE. UU.<\/h2>\n<p>Susan Sontag viv\u00eda la cultura. Como pocas intelectuales, se ocup\u00f3 ampliamente del cine, el teatro, la literatura, los medios y las cuestiones pol\u00edticas. Public\u00f3 ensayos, libros y pel\u00edculas en m\u00faltiples disciplinas.<\/p>\n<p>Fue cr\u00edtica cultural y directora, una todoterreno que siempre tomaba una postura clara. Sontag proven\u00eda de una familia jud\u00eda de Nueva York. Estudi\u00f3 literatura, filosof\u00eda y teolog\u00eda en prestigiosas universidades estadounidenses, y vivi\u00f3 varios a\u00f1os en Par\u00eds, lo que le aport\u00f3 una mirada europea sobre su pa\u00eds natal.<\/p>\n<p>Su brillantez intelectual, su sentido del <em>Esp\u00edritu<\/em> y una insaciable sed de cultura, viajes y encuentros la convirtieron en un \u00edcono del pensamiento\u00a0a ambos lados del Atl\u00e1ntico. No lleg\u00f3 a vivir las presidencias de Donald Trump. Pero resulta evidente que hoy ser\u00eda una de sus cr\u00edticas m\u00e1s severas.<\/p>\n<figure class=\"placeholder-image master_landscape big\"><img data-format=\"MASTER_LANDSCAPE\" data-id=\"72168731\" data-url=\"https:\/\/static.dw.com\/image\/72168731_${formatId}.jpg\" data-aspect-ratio=\"16\/9\" alt=\"Susan Sontag mira a trav\u00e9s del objetivo de una c\u00e1mara de cine.\" style=\"padding-bottom: 56.25%; height: 0; max-height: 0;\"\/><figcaption class=\"img-caption\">Una mirada cr\u00edtica a la cultura: Susan Sontag como directora.<small class=\"copyright\">Imagen: Jill Krementz<\/small><\/figcaption><\/figure>\n<h2>Contra la pol\u00edtica de motosierra de Trump<\/h2>\n<p>Puede sonar especulativo, pero la pol\u00edtica de \u00abmotosierra\u201d de Trump -t\u00e9rmino acu\u00f1ado por su asesor Elon Musk-,\u00a0 probablemente no habr\u00eda sido de su agrado.<\/p>\n<p>Apenas dos meses y medio despu\u00e9s de iniciar su nuevo mandato, Trump ha comenzado una ofensiva contra la ciencia: ha recortado fondos federales para la investigaci\u00f3n y despedido a miles de empleados p\u00fablicos del sector cient\u00edfico. Algunos acad\u00e9micos ya est\u00e1n dejando el pa\u00eds, entre ellos los reconocidos historiadores Timothy Snyder, Marci Shore y Jason Stanley, quienes se mudan a Canad\u00e1.<\/p>\n<p>Tambi\u00e9n habr\u00edan disgustado a Sontag los decretos de Trump contra la investigaci\u00f3n en los \u00e1mbitos de diversidad, igualdad e inclusi\u00f3n (DEI), as\u00ed como las medidas de su Gobierno contra la inmigraci\u00f3n. <\/p>\n<p>Sin olvidar su intento de presionar a las universidades retir\u00e1ndoles fondos p\u00fablicos. Sin embargo, H\u00fcppauf no cree que Sontag se hubiera pronunciado p\u00fablicamente de forma directa al respecto. \u00abS\u00ed me imagino un ensayo suyo sobre los nuevos aut\u00f3cratas del mundo en <em>El neoyorquino<\/em>\u00ab, dice a Deutsche Welle, \u00abpero no una protesta directa contra Trump\u00bb.<\/p>\n<p><span data-slot-id=\"Article_InContent-1\" class=\"rich-text-ad\"\/><\/p>\n<h2>Mediadora entre Am\u00e9rica y Europa<\/h2>\n<p>Susan Sontag se consideraba un puente entre Europa y Estados Unidos. \u00abSiempre se implic\u00f3 pol\u00edticamente\u00bb, explica Kristina Jaspers, comisaria de la actual exposici\u00f3n sobre Sontag en la Bundeskunsthalle.<\/p>\n<p>A veces romp\u00eda con las expectativas de su p\u00fablico, como en 2003, cuando las tropas estadounidenses invadieron Irak. Ese a\u00f1o, Sontag recibi\u00f3 el Premio de la Paz de los\u00a0Libreros Alemanes\u00a0como \u00abmediadora entre Europa y Estados Unidos\u00bb.<\/p>\n<p>Se esperaba que criticara duramente al Gobierno estadounidense en su discurso de agradecimiento. Deliberadamente, el embajador de EE. UU., el republicano Dan Coats, se ausent\u00f3 del acto. Pero Sontag centr\u00f3 su discurso en la relaci\u00f3n transatl\u00e1ntica y apel\u00f3 a sus colegas escritores a poner el foco en el mundo.<\/p>\n<p>Es f\u00e1cil imaginar lo que habr\u00eda dicho sobre el populismo de Donald Trump. \u00abEn mi opini\u00f3n, solo merece ser defendida una inteligencia cr\u00edtica, dial\u00e9ctica, esc\u00e9ptica y contraria a toda simplificaci\u00f3n\u00bb, escribi\u00f3 a principios de los a\u00f1os 70 en un libro de ensayos.<\/p>\n<p>Y sobre el poder de las im\u00e1genes, mucho antes de Instagram, TikTok o Truth Social, anot\u00f3: \u00abHoy todo existe para ser fotografiado\u00bb. En ciertos temas, fue \u00abcasi prof\u00e9tica\u00bb, se\u00f1ala su bi\u00f3grafa Anna-Lisa Dieter.\u00a0\u00abFue,\u00a0en cualquier caso,\u00a0la conciencia moral que ahora nos falta\u00bb.<\/p>\n<p>(GG\/MS)<\/p>\n<\/div>\n\n","protected":false},"excerpt":{"rendered":"<p>Probablemente, Susan Sontag\u00a0habr\u00eda sido una figura detestada por el actual presidente de EE. UU., Donald Trump. Cuando Sontag falleci\u00f3 en 2004, era una escritora prominente. El mundo cultural, tanto en Estados Unidos como en Europa, valoraba su aguda cr\u00edtica social. Interven\u00eda con frecuencia en los debates pol\u00edticos\u00a0y muchos de sus pensamientos son hoy m\u00e1s actuales &hellip;<\/p>\n","protected":false},"author":1,"featured_media":22244,"comment_status":"open","ping_status":"open","sticky":false,"template":"","format":"standard","meta":{"fifu_image_url":"https:\/\/static.dw.com\/image\/50665884_6.jpg","fifu_image_alt":"","footnotes":""},"categories":[13],"tags":[],"class_list":["post-22243","post","type-post","status-publish","format-standard","has-post-thumbnail","","category-mundo"],"_links":{"self":[{"href":"https:\/\/noticiasveraces.com\/index.php?rest_route=\/wp\/v2\/posts\/22243","targetHints":{"allow":["GET"]}}],"collection":[{"href":"https:\/\/noticiasveraces.com\/index.php?rest_route=\/wp\/v2\/posts"}],"about":[{"href":"https:\/\/noticiasveraces.com\/index.php?rest_route=\/wp\/v2\/types\/post"}],"author":[{"embeddable":true,"href":"https:\/\/noticiasveraces.com\/index.php?rest_route=\/wp\/v2\/users\/1"}],"replies":[{"embeddable":true,"href":"https:\/\/noticiasveraces.com\/index.php?rest_route=%2Fwp%2Fv2%2Fcomments&post=22243"}],"version-history":[{"count":0,"href":"https:\/\/noticiasveraces.com\/index.php?rest_route=\/wp\/v2\/posts\/22243\/revisions"}],"wp:featuredmedia":[{"embeddable":true,"href":"https:\/\/noticiasveraces.com\/index.php?rest_route=\/wp\/v2\/media\/22244"}],"wp:attachment":[{"href":"https:\/\/noticiasveraces.com\/index.php?rest_route=%2Fwp%2Fv2%2Fmedia&parent=22243"}],"wp:term":[{"taxonomy":"category","embeddable":true,"href":"https:\/\/noticiasveraces.com\/index.php?rest_route=%2Fwp%2Fv2%2Fcategories&post=22243"},{"taxonomy":"post_tag","embeddable":true,"href":"https:\/\/noticiasveraces.com\/index.php?rest_route=%2Fwp%2Fv2%2Ftags&post=22243"}],"curies":[{"name":"wp","href":"https:\/\/api.w.org\/{rel}","templated":true}]}}