{"id":22223,"date":"2025-04-09T13:36:08","date_gmt":"2025-04-09T17:36:08","guid":{"rendered":"https:\/\/noticiasveraces.com\/?p=22223"},"modified":"2025-04-09T13:36:08","modified_gmt":"2025-04-09T17:36:08","slug":"friedrich-merz-dirigira-a-alemania-como-cdu-los-socialdemocratas-forman-coalicion","status":"publish","type":"post","link":"https:\/\/noticiasveraces.com\/?p=22223","title":{"rendered":"Friedrich Merz dirigir\u00e1 a Alemania como CDU, los socialdem\u00f3cratas forman coalici\u00f3n"},"content":{"rendered":"<p> \n<\/p>\n<div>\n<ul>\n<li><strong>Se espera que Friedrich Merz, de la CDU, se convierta en el pr\u00f3ximo canciller, reemplazando a Olaf Scholz despu\u00e9s de la Uni\u00f3n Democr\u00e1tica Cristiana de Centro de Alemania (CDU) y los socialdem\u00f3cratas de la izquierda acordaron formar un gobierno de coalici\u00f3n. <\/strong><\/li>\n<li><strong>La coalici\u00f3n ya ha avanzado planes para un mayor gasto en defensa e inversi\u00f3n en infraestructura, marcando un cambio en la postura fiscal de CDU.<\/strong><\/li>\n<li><strong>El acuerdo fue acelerado por las tensiones internacionales, incluidas las tarifas estadounidenses y las dudas sobre las alianzas transatl\u00e1nticas, as\u00ed como la presi\u00f3n pol\u00edtica interna del aumento del apoyo de extrema derecha y el estancamiento econ\u00f3mico en Alemania.<\/strong><\/li>\n<\/ul>\n<p class=\"speakable\">Las partes conservadoras y de izquierda a mano llegaron un acuerdo para formar un nuevo gobierno alem\u00e1n el mi\u00e9rcoles despu\u00e9s de semanas de negociaciones, allanando el camino para el nuevo liderazgo en la econom\u00eda m\u00e1s grande de Europa despu\u00e9s de meses de deriva pol\u00edtica.<\/p>\n<p class=\"speakable\">Se espera que Friedrich Merz, el l\u00edder de la Uni\u00f3n Democr\u00e1tica Cristiana de Centro-Right, se convierta en el pr\u00f3ximo l\u00edder de Alemania en virtud del acuerdo, reemplazando al canciller saliente Olaf Scholz. Las partes involucradas enviaron una invitaci\u00f3n a una conferencia de prensa sobre el acuerdo de coalici\u00f3n a las 3 pm (1300 GMT).<\/p>\n<p>El bloque de la Uni\u00f3n Be Parte de Merz surgi\u00f3 como la fuerza m\u00e1s fuerte de las elecciones de Alemania el 23 de febrero. Merz recurri\u00f3 a los socialdem\u00f3cratas, el partido central de Scholz, para reunir una coalici\u00f3n con una mayor\u00eda parlamentaria.<\/p>\n<p><strong>El giro de las elecciones conservador de Alemania apunta a &#8216;efecto de Trump internacionalmente&#8217;, dice el experto<\/strong><\/p>\n<h2>La espera no ha terminado todav\u00eda<\/h2>\n<p>Todav\u00eda pasar\u00e1 un tiempo antes de que el Parlamento pueda elegir a Merz como canciller, tal vez a principios de mayo. Antes de que eso pueda suceder, el acuerdo de la coalici\u00f3n necesitar\u00e1 aprobaci\u00f3n en una votaci\u00f3n de la membres\u00eda de los socialdem\u00f3cratas y por una convenci\u00f3n de la CDU de Merz.<\/p>\n<p>Los detalles del acuerdo no estaban disponibles de inmediato.<\/p>\n<div class=\"image-ct inline\">\n<div class=\"m\"><picture><source media=\"(max-width: 767px)\" srcset=\"https:\/\/a57.foxnews.com\/static.foxnews.com\/foxnews.com\/content\/uploads\/2025\/04\/343\/192\/friedrich-merz-german-leader.jpg?ve=1&amp;tl=1, https:\/\/a57.foxnews.com\/static.foxnews.com\/foxnews.com\/content\/uploads\/2025\/04\/686\/384\/friedrich-merz-german-leader.jpg?ve=1&amp;tl=1 2x\" height=\"192\" width=\"343\"><source media=\"(min-width: 768px) and (max-width: 1023px)\" srcset=\"https:\/\/a57.foxnews.com\/static.foxnews.com\/foxnews.com\/content\/uploads\/2025\/04\/672\/378\/friedrich-merz-german-leader.jpg?ve=1&amp;tl=1, https:\/\/a57.foxnews.com\/static.foxnews.com\/foxnews.com\/content\/uploads\/2025\/04\/1344\/756\/friedrich-merz-german-leader.jpg?ve=1&amp;tl=1 2x\" height=\"378\" width=\"672\"><source media=\"(min-width: 1024px) and (max-width: 1279px)\" srcset=\"https:\/\/a57.foxnews.com\/static.foxnews.com\/foxnews.com\/content\/uploads\/2025\/04\/931\/523\/friedrich-merz-german-leader.jpg?ve=1&amp;tl=1, https:\/\/a57.foxnews.com\/static.foxnews.com\/foxnews.com\/content\/uploads\/2025\/04\/1862\/1046\/friedrich-merz-german-leader.jpg?ve=1&amp;tl=1 2x\" height=\"523\" width=\"931\"><source media=\"(min-width: 1280px)\" srcset=\"https:\/\/a57.foxnews.com\/static.foxnews.com\/foxnews.com\/content\/uploads\/2025\/04\/720\/405\/friedrich-merz-german-leader.jpg?ve=1&amp;tl=1, https:\/\/a57.foxnews.com\/static.foxnews.com\/foxnews.com\/content\/uploads\/2025\/04\/1440\/810\/friedrich-merz-german-leader.jpg?ve=1&amp;tl=1 2x\" height=\"405\" width=\"720\"><img loading=\"lazy\" decoding=\"async\" src=\"https:\/\/a57.foxnews.com\/static.foxnews.com\/foxnews.com\/content\/uploads\/2025\/04\/1200\/675\/friedrich-merz-german-leader.jpg?ve=1&amp;tl=1\" alt=\"Se espera que Friedrich Merz se convierta en el pr\u00f3ximo l\u00edder de Alemania despu\u00e9s de la CDU centro-derecha y los socialdem\u00f3cratas de centro izquierda llegaron a un acuerdo para formar un nuevo gobierno alem\u00e1n.\" width=\"1200\" height=\"675\"\/><\/source><\/source><\/source><\/source><\/picture><\/div>\n<div class=\"info\">\n<div class=\"caption\">\n<p><span>Se espera que Friedrich Merz se convierta en el pr\u00f3ximo l\u00edder de Alemania despu\u00e9s de la Uni\u00f3n Democr\u00e1tica Cristiana de Centro de Definici\u00f3n y los Socialdem\u00f3cratas del Centro de izquierda a la izquierda llegaron a un acuerdo para formar un nuevo gobierno alem\u00e1n.<\/span> <span>(Michael Kappeler\/DPA a trav\u00e9s de AP)<\/span><\/p>\n<\/div>\n<\/div>\n<\/div>\n<p>Pero ya el mes pasado, las dos partes empujaron los planes a trav\u00e9s del Parlamento para permitir un mayor gasto de defensa al aflojar las reglas estrictas para incurrir en la deuda y establecer un gran fondo de infraestructura que tiene como objetivo impulsar la econom\u00eda estancada.<\/p>\n<p>Ese fue un cambio en el que Merz, cuyo partido se hab\u00eda pronunciado en contra de correr nuevas deudas antes de las elecciones sin cerrar la puerta por completo a los cambios futuros a los \u00abfrenos de deuda\u00bb autoimpuestos de Alemania.<\/p>\n<p>La elecci\u00f3n tuvo lugar siete meses antes de lo planeado despu\u00e9s de que la impopular coalici\u00f3n de Scholz se derrumb\u00f3 en noviembre, tres a\u00f1os en un t\u00e9rmino que se vio cada vez m\u00e1s empa\u00f1ado por las luchas internas y el descontento generalizado. Alemania, el miembro m\u00e1s poblado de la Uni\u00f3n Europea de 27 naciones, ha estado en el limbo pol\u00edtico desde entonces.<\/p>\n<p><strong>Los l\u00edderes mundiales reaccionan a las aranceles radicales de Trump: &#8216;tiempos tumultuosos&#8217; por delante<\/strong><\/p>\n<h2>Presi\u00f3n del extranjero y en casa<\/h2>\n<p>La turbulencia del mercado causada por el anuncio del presidente de los Estados Unidos, Donald Trump, de aranceles radicales se sum\u00f3 a la presi\u00f3n para la uni\u00f3n de Merz y a los socialdem\u00f3cratas para llevar sus conversaciones de coalici\u00f3n a una conclusi\u00f3n.<\/p>\n<p>Los aranceles amenazan con agregar a los problemas de una econom\u00eda pesada de exportaci\u00f3n que se redujo durante los \u00faltimos dos a\u00f1os, y generar crecimiento ser\u00e1 una tarea central para el nuevo gobierno.<\/p>\n<p>El aumento de las dudas sobre el compromiso de los Estados Unidos con los aliados europeos tambi\u00e9n jugaron en la decisi\u00f3n de la posible coalici\u00f3n de permitir un gasto de defensa m\u00e1s pesado. Merz dijo el mes pasado que Alemania y Europa deben fortalecer r\u00e1pidamente su capacidad de defensa y que \u00ablo que sea necesario\u00bb tambi\u00e9n debe ir para nuestra defensa ahora \u00ab.<\/p>\n<p><strong><u>Haga clic aqu\u00ed para ver la aplicaci\u00f3n Fox News<\/u><\/strong><\/p>\n<p>Otro factor en la prisa por llegar a un acuerdo fue una disminuci\u00f3n para la Uni\u00f3n en las encuestas de opini\u00f3n, mostrando apoyo que se desprende de su elecci\u00f3n, mientras que la alternativa de extrema derecha para Alemania, que termin\u00f3 un fuerte segundo en febrero, gan\u00f3 a medida que persist\u00eda el vac\u00edo pol\u00edtico.<\/p>\n<p>La posible nueva coalici\u00f3n re\u00fane lo que han sido los grandes partidos tradicionales de Alemania de la Segunda Guerra Mundial, pero la actuaci\u00f3n ganadora de las elecciones de la Uni\u00f3n en febrero fue mediocre y los socialdem\u00f3cratas cayeron a su peor presentaci\u00f3n de posguerra en una elecci\u00f3n parlamentaria nacional.<\/p>\n<p>Juntos, tienen 328 esca\u00f1os en la C\u00e1mara Baja del Parlamento de 630 miembros, el Bundestag.<\/p>\n<p> <!----> <!----><\/div>\n\n","protected":false},"excerpt":{"rendered":"<p>Se espera que Friedrich Merz, de la CDU, se convierta en el pr\u00f3ximo canciller, reemplazando a Olaf Scholz despu\u00e9s de la Uni\u00f3n Democr\u00e1tica Cristiana de Centro de Alemania (CDU) y los socialdem\u00f3cratas de la izquierda acordaron formar un gobierno de coalici\u00f3n. La coalici\u00f3n ya ha avanzado planes para un mayor gasto en defensa e inversi\u00f3n &hellip;<\/p>\n","protected":false},"author":1,"featured_media":22225,"comment_status":"open","ping_status":"open","sticky":false,"template":"","format":"standard","meta":{"fifu_image_url":"https:\/\/static.foxnews.com\/foxnews.com\/content\/uploads\/2025\/04\/friedrich-merz-german-leader.jpg","fifu_image_alt":"","footnotes":""},"categories":[13],"tags":[],"class_list":["post-22223","post","type-post","status-publish","format-standard","has-post-thumbnail","","category-mundo"],"_links":{"self":[{"href":"https:\/\/noticiasveraces.com\/index.php?rest_route=\/wp\/v2\/posts\/22223","targetHints":{"allow":["GET"]}}],"collection":[{"href":"https:\/\/noticiasveraces.com\/index.php?rest_route=\/wp\/v2\/posts"}],"about":[{"href":"https:\/\/noticiasveraces.com\/index.php?rest_route=\/wp\/v2\/types\/post"}],"author":[{"embeddable":true,"href":"https:\/\/noticiasveraces.com\/index.php?rest_route=\/wp\/v2\/users\/1"}],"replies":[{"embeddable":true,"href":"https:\/\/noticiasveraces.com\/index.php?rest_route=%2Fwp%2Fv2%2Fcomments&post=22223"}],"version-history":[{"count":0,"href":"https:\/\/noticiasveraces.com\/index.php?rest_route=\/wp\/v2\/posts\/22223\/revisions"}],"wp:featuredmedia":[{"embeddable":true,"href":"https:\/\/noticiasveraces.com\/index.php?rest_route=\/wp\/v2\/media\/22225"}],"wp:attachment":[{"href":"https:\/\/noticiasveraces.com\/index.php?rest_route=%2Fwp%2Fv2%2Fmedia&parent=22223"}],"wp:term":[{"taxonomy":"category","embeddable":true,"href":"https:\/\/noticiasveraces.com\/index.php?rest_route=%2Fwp%2Fv2%2Fcategories&post=22223"},{"taxonomy":"post_tag","embeddable":true,"href":"https:\/\/noticiasveraces.com\/index.php?rest_route=%2Fwp%2Fv2%2Ftags&post=22223"}],"curies":[{"name":"wp","href":"https:\/\/api.w.org\/{rel}","templated":true}]}}