{"id":22201,"date":"2025-04-09T08:26:59","date_gmt":"2025-04-09T12:26:59","guid":{"rendered":"https:\/\/noticiasveraces.com\/?p=22201"},"modified":"2025-04-09T08:26:59","modified_gmt":"2025-04-09T12:26:59","slug":"bayern-munich-confia-en-remontar-contra-inter-en-champions-dw-09-04-2025","status":"publish","type":"post","link":"https:\/\/noticiasveraces.com\/?p=22201","title":{"rendered":"Bayern M\u00fanich conf\u00eda en remontar contra Inter en Champions \u2013 DW \u2013 09\/04\/2025"},"content":{"rendered":"<p> \n<\/p>\n<div>\n<p>El \u00abcuento de hadas\u00bb perfecto s\u00f3lo dur\u00f3 tres minutos. Thomas M\u00fcller hab\u00eda logrado el empate ante el Inter de Mil\u00e1n m\u00e1s all\u00e1 del minuto 84 para que el Bayern M\u00fanich por lo menos empatara\u00a0ante el Inter de Mil\u00e1n, e hiciera crecer aun m\u00e1s su figura como leyenda de su club.<\/p>\n<p>Pero Davide Frattesi puso al minuto 88 al Bayern entre la espada y la pared con el segundo gol de los italianos, y dej\u00f3 a los b\u00e1varos ante una tarea tit\u00e1nica en el partido de vuelta del pr\u00f3ximo mi\u00e9rcoles en el legendario San Siro.<\/p>\n<p>Despu\u00e9s del amargo rev\u00e9s, en el Bayern M\u00fanich hay confianza en que continuar\u00e1n su camino hacia la \u00abfinal en casa\u00bb en la Liga de Campeones. \u00abEso fue solo en la primera mitad. Solo hay un gol de diferencia, lo cual no es nada en el f\u00fatbol. No vamos a dejar que eso nos desanime\u00bb, enfatiz\u00f3 el propio M\u00fcller. El equipo est\u00e1 decidido a revertir la situaci\u00f3n: \u00abNos mantendremos unidos y lo lograremos\u00bb, agreg\u00f3.<\/p>\n<h2>Crucificados por la falta de precisi\u00f3n<\/h2>\n<p>La esperanza en el Bayern para remontar contra el campe\u00f3n italiano se basa sobre todo en el hecho de que en la ida no supieron aprovechar sus propias oportunidades de marcar. El entrenador Vincent Kompany se muestra confiado a pesar de la \u00abdif\u00edcil\u00bb tarea en Mil\u00e1n. \u00abNunca un equipo ha llegado al vestuario perdiendo 2-1 al descanso para decir que ya es hora de irse a casa\u00bb, afirm\u00f3 el t\u00e9cnico muniqu\u00e9s: \u00abCreemos en nuestras posibilidades\u00bb.<\/p>\n<figure class=\"placeholder-image master_landscape big\"><img data-format=\"MASTER_LANDSCAPE\" data-id=\"72181553\" data-url=\"https:\/\/static.dw.com\/image\/72181553_${formatId}.jpg\" data-aspect-ratio=\"16\/9\" alt=\"El brit\u00e1nico Harry Kane tuvo una oportunidad de oro que se qued\u00f3 en el poste, y que podr\u00eda haber cambiado el rumbo de la ida contra Inter de Mil\u00e1n en Champions.\" style=\"padding-bottom: 56.25%; height: 0; max-height: 0;\"\/><figcaption class=\"img-caption\">El brit\u00e1nico Harry Kane tuvo una oportunidad de oro que se qued\u00f3 en el poste, y que podr\u00eda haber cambiado el rumbo de la ida contra Inter de Mil\u00e1n en Champions.<small class=\"copyright\">Imagen: Sven Hoppe\/DPA\/Picture Alliance<\/small><\/figcaption><\/figure>\n<p>Para el partido de vuelta en Mil\u00e1n y el pr\u00f3ximo encuentro contra el Borussia Dortmund en Bundesliga, M\u00fcller deber\u00eda volver a ser un candidato para el once inicial; \u00e9l mismo se siente preparado a pesar de su inminente y anunciada partida del Bayern. \u00abNo me siento como si estuviera en una gira de despedida\u00bb, enfatiz\u00f3 M\u00fcller: \u00abEstamos en pleno proceso de trabajo y adem\u00e1s, yo soy un atleta profesional\u00bb.<\/p>\n<p>La posible remontada contra el Inter tendr\u00eda adem\u00e1s un antecedente: en 1988, el Bayern, con su entonces capit\u00e1n Klaus Augenthaler, logr\u00f3 el \u00abMilagro de Mil\u00e1n\u00bb con una victoria por 3-1 en el San Siro tras una derrota por 2-0 en la ida de los octavos de final de la Copa de la UEFA.<\/p>\n<p>El (Sid)<\/p>\n<\/div>\n\n","protected":false},"excerpt":{"rendered":"<p>El \u00abcuento de hadas\u00bb perfecto s\u00f3lo dur\u00f3 tres minutos. Thomas M\u00fcller hab\u00eda logrado el empate ante el Inter de Mil\u00e1n m\u00e1s all\u00e1 del minuto 84 para que el Bayern M\u00fanich por lo menos empatara\u00a0ante el Inter de Mil\u00e1n, e hiciera crecer aun m\u00e1s su figura como leyenda de su club. Pero Davide Frattesi puso al &hellip;<\/p>\n","protected":false},"author":1,"featured_media":22202,"comment_status":"open","ping_status":"open","sticky":false,"template":"","format":"standard","meta":{"fifu_image_url":"https:\/\/static.dw.com\/image\/72181586_6.jpg","fifu_image_alt":"","footnotes":""},"categories":[13],"tags":[],"class_list":["post-22201","post","type-post","status-publish","format-standard","has-post-thumbnail","","category-mundo"],"_links":{"self":[{"href":"https:\/\/noticiasveraces.com\/index.php?rest_route=\/wp\/v2\/posts\/22201","targetHints":{"allow":["GET"]}}],"collection":[{"href":"https:\/\/noticiasveraces.com\/index.php?rest_route=\/wp\/v2\/posts"}],"about":[{"href":"https:\/\/noticiasveraces.com\/index.php?rest_route=\/wp\/v2\/types\/post"}],"author":[{"embeddable":true,"href":"https:\/\/noticiasveraces.com\/index.php?rest_route=\/wp\/v2\/users\/1"}],"replies":[{"embeddable":true,"href":"https:\/\/noticiasveraces.com\/index.php?rest_route=%2Fwp%2Fv2%2Fcomments&post=22201"}],"version-history":[{"count":0,"href":"https:\/\/noticiasveraces.com\/index.php?rest_route=\/wp\/v2\/posts\/22201\/revisions"}],"wp:featuredmedia":[{"embeddable":true,"href":"https:\/\/noticiasveraces.com\/index.php?rest_route=\/wp\/v2\/media\/22202"}],"wp:attachment":[{"href":"https:\/\/noticiasveraces.com\/index.php?rest_route=%2Fwp%2Fv2%2Fmedia&parent=22201"}],"wp:term":[{"taxonomy":"category","embeddable":true,"href":"https:\/\/noticiasveraces.com\/index.php?rest_route=%2Fwp%2Fv2%2Fcategories&post=22201"},{"taxonomy":"post_tag","embeddable":true,"href":"https:\/\/noticiasveraces.com\/index.php?rest_route=%2Fwp%2Fv2%2Ftags&post=22201"}],"curies":[{"name":"wp","href":"https:\/\/api.w.org\/{rel}","templated":true}]}}