{"id":22170,"date":"2025-04-09T04:20:13","date_gmt":"2025-04-09T08:20:13","guid":{"rendered":"https:\/\/noticiasveraces.com\/?p=22170"},"modified":"2025-04-09T04:20:13","modified_gmt":"2025-04-09T08:20:13","slug":"suben-a-43-los-muertos-por-las-lluvias-en-r-d-congo-dw-09-04-2025","status":"publish","type":"post","link":"https:\/\/noticiasveraces.com\/?p=22170","title":{"rendered":"Suben a 43 los muertos por las lluvias en R. D. Congo \u2013 DW \u2013 09\/04\/2025"},"content":{"rendered":"<p> \n<\/p>\n<div>\n<p>El n\u00famero de muertos por las inundaciones y los deslizamientos de tierra provocados el pasado fin de semana por las lluvias torrenciales en Kinsasa, la capital de la Rep\u00fablica Democr\u00e1tica del Congo (RDC), subi\u00f3 de 33 a al menos 43, inform\u00f3 el Gobierno congole\u00f1o, mientras siguen las labores de evacuaci\u00f3n.<\/p>\n<p>\u00abEl n\u00famero de v\u00edctimas alojadas en los diferentes puntos de acogida ha subido a 2.956 personas, mientras el n\u00famero de muertes es 43 y 46 personas han sido hospitalizadas\u00bb, se\u00f1al\u00f3 en un comunicado difundido la pasada noche del martes (8.04.2025) por el Ministerio congole\u00f1o del Interior.<\/p>\n<p>Las autoridades aseguran que los \u00abtrabajos de reparaci\u00f3n\u00bb siguen en marcha para arreglar \u00abinfraestructuras esenciales\u00bb da\u00f1adas por las precipitaciones, incluyendo las redes de suministro de agua y electricidad.<\/p>\n<p>\u00abLas \u00faltimas previsiones meteorol\u00f3gicas indican que el mal tiempo va a continuar, por lo que hay que extremar la vigilancia, particularmente en las zonas identificadas como de alto riego\u00bb, alert\u00f3 el Ministerio.<\/p>\n<figure class=\"placeholder-image master_landscape big\"><img data-format=\"MASTER_LANDSCAPE\" data-id=\"72158818\" data-url=\"https:\/\/static.dw.com\/image\/72158818_${formatId}.jpg\" data-aspect-ratio=\"16\/9\" alt=\"Un residente camina a trav\u00e9s de las turbias aguas de las inundaciones luego de las fuertes lluvias en el distrito de Ndjili, de Kinsasa, el 6 de abril de 2025.\" style=\"padding-bottom: 56.25%; height: 0; max-height: 0;\"\/><figcaption class=\"img-caption\">Despu\u00e9s de las fuertes lluvias que cayeron durante la noche del viernes (4.04.2025) al s\u00e1bado, el aumento del nivel del agua devast\u00f3 varios suburbios perif\u00e9ricos pobres de la metr\u00f3polis de unos 17 millones de personas.<small class=\"copyright\">Imagen: Hardy Bope\/AFP\/Getty Images<\/small><\/figcaption><\/figure>\n<p>As\u00ed, el Gobierno recomend\u00f3 a la poblaci\u00f3n abandonar las casas afectadas por la cat\u00e1strofe, prestar atenci\u00f3n a los cables el\u00e9ctricos cortados y no atravesar las aguas estancadas, para evitar el riesgo de ahogo, electrocuci\u00f3n o transmisi\u00f3n de enfermedades como el c\u00f3lera y otras infecciones.<\/p>\n<p>Los habitantes de Kinsasa siguen sufriendo las consecuencias de las fuertes lluvias de la noche del pasado viernes al s\u00e1bado, cuando el r\u00edo Ndjili, que atraviesa parte de esta ciudad de alrededor de 17 millones de habitantes, se desbord\u00f3 e inund\u00f3 el Boulevard Lumumba, la avenida m\u00e1s larga e importante de la urbe, as\u00ed como las viviendas cercanas.<\/p>\n<p>En otro comunicado este domingo, el gobernador de Kinsasa, Daniel Bumba, asegur\u00f3 que es necesario \u00absacar lecciones\u00bb de esta situaci\u00f3n porque, aunque se trate de un \u00abdesastre natural (&#8230;), muchas casas se construyeron en zonas prohibidas\u00bb.<\/p>\n<figure class=\"placeholder-image master_landscape big\"><img data-format=\"MASTER_LANDSCAPE\" data-id=\"72159105\" data-url=\"https:\/\/static.dw.com\/image\/72159105_${formatId}.jpg\" data-aspect-ratio=\"16\/9\" alt=\"Vista desde el aire de las inundaciones en Kinsasa, RD del Congo.\" style=\"padding-bottom: 56.25%; height: 0; max-height: 0;\"\/><figcaption class=\"img-caption\">Vista desde el aire de las inundaciones en Kinsasa.<small class=\"copyright\">Imagen: picture alliance\/dpa\/AP<\/small><\/figcaption><\/figure>\n<p>Seg\u00fan informaron las autoridades, se ha puesto en marcha una \u00abc\u00e9lula de gesti\u00f3n de crisis\u00bb para coordinar el plan de evacuaci\u00f3n y varios organismos participan en el traslado de las v\u00edctimas, incluyendo el Ej\u00e9rcito, la Direcci\u00f3n General de Migraci\u00f3n o la Direcci\u00f3n General de Aduanas e Impuestos Especiales, as\u00ed como organizaciones humanitarias.<\/p>\n<p>El desastre ha dejado calles y casas completamente inundadas y destruidas por el agua, lo que ha dejado a muchas personas sin un hogar al que volver, adem\u00e1s de arrasar puentes y otras infraestructuras.<\/p>\n<p>\u00abEs la primera vez que vivimos algo as\u00ed en los 20 a\u00f1os que llevo aqu\u00ed. Esta ma\u00f1ana vimos c\u00f3mo las aguas de la lluvia sub\u00edan y entraban en las casas. Era imposible detenerlo (&#8230;) Es algo horrible de ver\u00bb, relat\u00f3 a EFE el domingo Gis\u00e8le Ntuma, vecina de la comuna de Masina.<\/p>\n<p>CP (EFE, AFP)<\/p>\n<\/div>\n\n","protected":false},"excerpt":{"rendered":"<p>El n\u00famero de muertos por las inundaciones y los deslizamientos de tierra provocados el pasado fin de semana por las lluvias torrenciales en Kinsasa, la capital de la Rep\u00fablica Democr\u00e1tica del Congo (RDC), subi\u00f3 de 33 a al menos 43, inform\u00f3 el Gobierno congole\u00f1o, mientras siguen las labores de evacuaci\u00f3n. \u00abEl n\u00famero de v\u00edctimas alojadas &hellip;<\/p>\n","protected":false},"author":1,"featured_media":22171,"comment_status":"open","ping_status":"open","sticky":false,"template":"","format":"standard","meta":{"fifu_image_url":"https:\/\/static.dw.com\/image\/72158798_6.jpg","fifu_image_alt":"","footnotes":""},"categories":[13],"tags":[],"class_list":["post-22170","post","type-post","status-publish","format-standard","has-post-thumbnail","","category-mundo"],"_links":{"self":[{"href":"https:\/\/noticiasveraces.com\/index.php?rest_route=\/wp\/v2\/posts\/22170","targetHints":{"allow":["GET"]}}],"collection":[{"href":"https:\/\/noticiasveraces.com\/index.php?rest_route=\/wp\/v2\/posts"}],"about":[{"href":"https:\/\/noticiasveraces.com\/index.php?rest_route=\/wp\/v2\/types\/post"}],"author":[{"embeddable":true,"href":"https:\/\/noticiasveraces.com\/index.php?rest_route=\/wp\/v2\/users\/1"}],"replies":[{"embeddable":true,"href":"https:\/\/noticiasveraces.com\/index.php?rest_route=%2Fwp%2Fv2%2Fcomments&post=22170"}],"version-history":[{"count":0,"href":"https:\/\/noticiasveraces.com\/index.php?rest_route=\/wp\/v2\/posts\/22170\/revisions"}],"wp:featuredmedia":[{"embeddable":true,"href":"https:\/\/noticiasveraces.com\/index.php?rest_route=\/wp\/v2\/media\/22171"}],"wp:attachment":[{"href":"https:\/\/noticiasveraces.com\/index.php?rest_route=%2Fwp%2Fv2%2Fmedia&parent=22170"}],"wp:term":[{"taxonomy":"category","embeddable":true,"href":"https:\/\/noticiasveraces.com\/index.php?rest_route=%2Fwp%2Fv2%2Fcategories&post=22170"},{"taxonomy":"post_tag","embeddable":true,"href":"https:\/\/noticiasveraces.com\/index.php?rest_route=%2Fwp%2Fv2%2Ftags&post=22170"}],"curies":[{"name":"wp","href":"https:\/\/api.w.org\/{rel}","templated":true}]}}