{"id":22152,"date":"2025-04-09T01:11:11","date_gmt":"2025-04-09T05:11:11","guid":{"rendered":"https:\/\/noticiasveraces.com\/?p=22152"},"modified":"2025-04-09T01:11:11","modified_gmt":"2025-04-09T05:11:11","slug":"el-impacto-de-las-nuevas-alianzas-militares-en-los-balcanes-dw-08-04-2025","status":"publish","type":"post","link":"https:\/\/noticiasveraces.com\/?p=22152","title":{"rendered":"El impacto de las nuevas alianzas militares en los Balcanes \u2013 DW \u2013 08\/04\/2025"},"content":{"rendered":"<p> \n<\/p>\n<div>\n<p>Los medios de comunicaci\u00f3n controlados por el Estado en Serbia\u00a0han coincidido\u00a0en elogiar la cooperaci\u00f3n militar acordada entre Serbia y Hungr\u00eda. El tabloide <em>Informador<\/em> titul\u00f3: \u00abUna bomba que sacude\u00a0la regi\u00f3n\u201d. El diario <em>Mensajero<\/em>portavoz del Gobierno, habl\u00f3 de un \u00abmomento hist\u00f3rico\u201d, <em>Novosti<\/em> lo calific\u00f3 como una \u00abnueva prueba de amistad f\u00e9rrea\u201d y el portal <em>Rep\u00fablica<\/em> afirm\u00f3 que \u00abcroatas y albaneses est\u00e1n en p\u00e1nico por la alianza militar serbio-h\u00fangara\u201d.<\/p>\n<p>Tanto peri\u00f3dicos, como canales de televisi\u00f3n y portales de internet \u2014todos bajo control estatal\u2014 celebraron al un\u00edsono el supuesto pacto militar, firmado a comienzos de abril de 2025 en Belgrado, por los ministros de Defensa de Serbia y Hungr\u00eda. Pocos d\u00edas despu\u00e9s, el presidente de la <em>Rep\u00fablica srpska<\/em> (la entidad serbia de Bosnia y Herzegovina), Milorad Dodik, anunci\u00f3 que su regi\u00f3n se sumar\u00eda a la \u00abnueva alianza militar\u201d.<\/p>\n<p>Los medios serbios, tanto dentro del pa\u00eds como en el extranjero, han presentado\u00a0este \u00abpacto militar\u201d como una respuesta al acuerdo de defensa firmado poco antes entre tres\u00a0miembros de la OTAN: Croacia, Albania y Kosovo, cuya independencia Serbia sigue sin reconocer, incluso despu\u00e9s de varias d\u00e9cadas.<\/p>\n<p>El ministerio de Exteriores serbio critic\u00f3 duramente ese acuerdo regional: \u00abEs particularmente preocupante que esta alianza militar se haya formado sin consultar a Belgrado\u201d. Asegur\u00f3, adem\u00e1s, que el objetivo es\u00a0\u00abaislar a Serbia\u201d y fomentar la creaci\u00f3n de \u00abestructuras paramilitares\u201d en Kosovo, calificando el pacto de \u00abgrosera provocaci\u00f3n\u201d.<\/p>\n<p><span data-slot-id=\"Article_InContent-1\" class=\"rich-text-ad\"\/><\/p>\n<h2>\u00bfQu\u00e9 contempla realmente el acuerdo entre Croacia, Albania y Kosovo?<\/h2>\n<p>El 18 de marzo de 2025, los ministros de Defensa de Croacia, Albania y Kosovo firmaron en Tirana un acuerdo que prev\u00e9 cooperaci\u00f3n dentro del marco del Concepto Estrat\u00e9gico de la OTAN y de la pol\u00edtica de seguridad de la Uni\u00f3n Europea. El objetivo es fortalecer la colaboraci\u00f3n en la industria armamentista, la formaci\u00f3n de soldados y oficiales, y realizar ejercicios militares conjuntos.<\/p>\n<p>El acuerdo tambi\u00e9n incluye medidas para defenderse de ciberataques extranjeros y campa\u00f1as de desinformaci\u00f3n, en el contexto de la integraci\u00f3n euroatl\u00e1ntica. Aunque Serbia se declara amenazada por esta nueva alianza, el primer ministro croata, Andrej Plenkovi\u0107, asegur\u00f3: \u00abEste memorando de cooperaci\u00f3n no tiene ning\u00fan tipo de car\u00e1cter hostil\u201d.<\/p>\n<p>Sin embargo, las antiguas rivalidades nacionales entre Serbia y Croacia se intensificaron tras la firma del pacto trilateral. El ministro de Defensa croata, Ivan Anu\u0161i\u0107, provoc\u00f3 a\u00fan m\u00e1s tensi\u00f3n al declarar: \u00abSe acabaron los tiempos en los que Croacia deb\u00eda pedir permiso a Belgrado para actuar, y eso no se repetir\u00e1 jam\u00e1s\u201d.<\/p>\n<figure class=\"placeholder-image master_landscape big\"><img data-format=\"MASTER_LANDSCAPE\" data-id=\"72110173\" data-url=\"https:\/\/static.dw.com\/image\/72110173_${formatId}.jpg\" data-aspect-ratio=\"16\/9\" alt=\"Los ministros de Defensa h\u00fangaro y serbio firman un documento en el primer plano de la imagen. Detr\u00e1s de ellos, el presidente serbio Aleksandar Vucic.\" style=\"padding-bottom: 56.25%; height: 0; max-height: 0;\"\/><figcaption class=\"img-caption\">El presidente serbio Aleksandar Vucic observa la firma del acuerdo militar entre los ministros de Defensa de Hungr\u00eda y Serbia.<small class=\"copyright\">Imagen: Darko Vojinovic\/AP Photo\/Picture Alliance<\/small><\/figcaption><\/figure>\n<h2>\u00bfAumenta el riesgo de guerra en los Balcanes occidentales?<\/h2>\n<p>Aunque persiste el viejo dicho \u00abel enemigo de mi enemigo es mi amigo\u201d, un an\u00e1lisis m\u00e1s profundo de las capacidades militares en la regi\u00f3n indica que un conflicto b\u00e9lico inminente es poco probable.<\/p>\n<p>A comienzos de abril, el secretario general de la OTAN, Mark Rutte, declar\u00f3 que no era necesario incluir la situaci\u00f3n de los Balcanes en la agenda de la reuni\u00f3n de ministros de Exteriores del bloque en Bruselas.<\/p>\n<p>Ya un a\u00f1o antes, su antecesor,\u00a0Jens Stoltenberg asegur\u00f3\u00a0que no exist\u00eda una amenaza militar directa.<\/p>\n<p>\u00abHay pocas probabilidades de que estalle una guerra real\u201d, afirma Vuk Vukasanovi\u0107, del Centro de Pol\u00edtica de Seguridad de Belgrado.\u00a0A pesar del rearme, los pa\u00edses de la regi\u00f3n cuentan con recursos limitados para sostener un conflicto, y sobre todo,\u00a0a\u00f1ade,\u00a0\u00ablas \u00e9lites locales temer\u00edan perder su poder si se desatara una guerra\u201d.<\/p>\n<h2>La OTAN mantiene el control en la regi\u00f3n<\/h2>\n<p>La presencia de la OTAN en los Balcanes es significativa. Excepto por Serbia y Kosovo, todos los pa\u00edses vecinos \u2014incluyendo Bosnia y Herzegovina\u2014 son miembros de la alianza.<\/p>\n<p>Estados Unidos opera en Kosovo la gran base militar de Camp Bondsteel. En Rumania, el aer\u00f3dromo de Mihail Kog\u0103lniceanu, cerca de Constanza, se est\u00e1 ampliando con una inversi\u00f3n m\u00ednima de 2.500 millones de euros para acoger a 10.000 soldados, convirti\u00e9ndose en la base m\u00e1s grande de la OTAN en Europa.\u00a0Asimismo, en el puerto de Durres, en la costa adri\u00e1tica de Albania, se planea desde hace tiempo una gran base naval. <\/p>\n<p>(GG\/MS)<\/p>\n<\/div>\n\n","protected":false},"excerpt":{"rendered":"<p>Los medios de comunicaci\u00f3n controlados por el Estado en Serbia\u00a0han coincidido\u00a0en elogiar la cooperaci\u00f3n militar acordada entre Serbia y Hungr\u00eda. El tabloide Informador titul\u00f3: \u00abUna bomba que sacude\u00a0la regi\u00f3n\u201d. El diario Mensajeroportavoz del Gobierno, habl\u00f3 de un \u00abmomento hist\u00f3rico\u201d, Novosti lo calific\u00f3 como una \u00abnueva prueba de amistad f\u00e9rrea\u201d y el portal Rep\u00fablica afirm\u00f3 que &hellip;<\/p>\n","protected":false},"author":1,"featured_media":22153,"comment_status":"open","ping_status":"open","sticky":false,"template":"","format":"standard","meta":{"fifu_image_url":"https:\/\/static.dw.com\/image\/72110141_6.jpg","fifu_image_alt":"","footnotes":""},"categories":[13],"tags":[],"class_list":["post-22152","post","type-post","status-publish","format-standard","has-post-thumbnail","","category-mundo"],"_links":{"self":[{"href":"https:\/\/noticiasveraces.com\/index.php?rest_route=\/wp\/v2\/posts\/22152","targetHints":{"allow":["GET"]}}],"collection":[{"href":"https:\/\/noticiasveraces.com\/index.php?rest_route=\/wp\/v2\/posts"}],"about":[{"href":"https:\/\/noticiasveraces.com\/index.php?rest_route=\/wp\/v2\/types\/post"}],"author":[{"embeddable":true,"href":"https:\/\/noticiasveraces.com\/index.php?rest_route=\/wp\/v2\/users\/1"}],"replies":[{"embeddable":true,"href":"https:\/\/noticiasveraces.com\/index.php?rest_route=%2Fwp%2Fv2%2Fcomments&post=22152"}],"version-history":[{"count":0,"href":"https:\/\/noticiasveraces.com\/index.php?rest_route=\/wp\/v2\/posts\/22152\/revisions"}],"wp:featuredmedia":[{"embeddable":true,"href":"https:\/\/noticiasveraces.com\/index.php?rest_route=\/wp\/v2\/media\/22153"}],"wp:attachment":[{"href":"https:\/\/noticiasveraces.com\/index.php?rest_route=%2Fwp%2Fv2%2Fmedia&parent=22152"}],"wp:term":[{"taxonomy":"category","embeddable":true,"href":"https:\/\/noticiasveraces.com\/index.php?rest_route=%2Fwp%2Fv2%2Fcategories&post=22152"},{"taxonomy":"post_tag","embeddable":true,"href":"https:\/\/noticiasveraces.com\/index.php?rest_route=%2Fwp%2Fv2%2Ftags&post=22152"}],"curies":[{"name":"wp","href":"https:\/\/api.w.org\/{rel}","templated":true}]}}