{"id":22120,"date":"2025-04-08T20:12:43","date_gmt":"2025-04-09T00:12:43","guid":{"rendered":"https:\/\/noticiasveraces.com\/?p=22120"},"modified":"2025-04-08T20:12:43","modified_gmt":"2025-04-09T00:12:43","slug":"confirman-que-estadio-el-campin-sera-demolido-y-el-nuevo-se-ubicara-en-otro-lugar-esto-se-sabe-futbol-colombiano-liga-betplay","status":"publish","type":"post","link":"https:\/\/noticiasveraces.com\/?p=22120","title":{"rendered":"Confirman que estadio El Camp\u00edn ser\u00e1 demolido y el nuevo se ubicar\u00e1 en otro lugar: esto se sabe | Futbol Colombiano | Liga Betplay"},"content":{"rendered":"<p> \n<\/p>\n<div id=\"cuerpoArticulo\">\n<p class=\"texto intro\" id=\"p241539-m1555-1554-1556\">Mucho se ha comentado al respecto de las intervenciones que tendr\u00e1 el estadio Nemesio Camacho El Camp\u00edn, que ahora est\u00e1 a cargo de Sencia, la empresa responsable de\u00a0la administraci\u00f3n y operaci\u00f3n, que tiene como principal objetivo, convertir el escenario, en un referente de la m\u00e1s alta calidad. <\/p>\n<p>Para esto, ser\u00e1 necesario no solo intervenir el recinto deportivo, sino sus alrededores, por lo que este proyecto ha generado gran expectativa para el f\u00fatbol, eventos, turismo y otros factores que se ver\u00edan impactados. <\/p>\n<p class=\"texto contenido-parrafo-articulo\" id=\"p241539-m1618-3-1619\">Han sido muchos los rumores e informaciones al respecto y ahora, seg\u00fan confirm\u00f3 Edgar Cardona, vicepresidente de operaciones y experiencia de Sencia, Bogot\u00e1 contar\u00e1 con un nuevo estadio. <\/p>\n<p>As\u00ed lo expres\u00f3 en di\u00e1logo con el programa En La Jugada de RCN Radio. \u00abEl estadio Nemesio Camacho se derrumbar\u00e1 y entrar\u00e1 a funcionar un nuevo estadio\u00bb, coment\u00f3. <\/p>\n<div class=\"fotografia caja-articulo\" id=\"p241539-m1624-4-1625\">\n<div class=\"imagen-cuerpo-bk\">\n<figure itemscope=\"\" itemtype=\"https:\/\/schema.org\/ImageObject\" itemprop=\"image\" id=\"m1629-1628-1630\" class=\"foto-galeria-articulo imagen-articulo foto-texto-articulo-galeria\"><img decoding=\"async\" alt=\"Lluvia y granizo en El Camp\u00edn\" src=\"data:image\/png;base64,iVBORw0KGgoAAAANSUhEUgAAAAEAAAABCAQAAAC1HAwCAAAAC0lEQVR42mP8\/x0AAvsB+DlKarAAAAAASUVORK5CYII=\" style=\" display: inline;\" data-original=\"\/files\/article_content\/uploads\/2025\/01\/19\/678daffa19add.jpeg\"\/><meta itemprop=\"width\" content=\"600\"\/><meta itemprop=\"height\" content=\"450\"\/> <meta itemprop=\"url\" content=\"https:\/\/www.futbolred.com\/files\/article_content\/uploads\/2025\/01\/19\/678daffa19add.jpeg\"\/><\/figure>\n<\/div>\n<div class=\"figcaption-cuerpo-bk credito-image-bk\"><figcaption class=\"foto-info\">\n<div class=\"titulo-foto-bk\">\n<p id=\"m1636-1-1637\" class=\"titulo pie-de-foto\">Lluvia y granizo en El Camp\u00edn Millonarios vs Am\u00e9rica<\/p>\n<\/div>\n<p class=\"credito\">\n                            <span class=\"linea pre_credito\">Foto:<\/span><\/p>\n<p>                        <span id=\"m1642-2-1643\" class=\"autor\">C\u00e9sar Melgarejo. El Tiempo<\/span><\/p>\n<\/figcaption><\/div>\n<\/p><\/div>\n<p class=\"texto contenido-parrafo-articulo\" id=\"p241539-m1650-5-1651\">Al ser nuevamente cuestionado sobre sus palabras y para dar claridad a lo dicho, Cardona reiter\u00f3 que <b>\u00abs\u00ed, vamos a tener un nuevo estadio\u00bb. <\/b><\/p>\n<p>\u00bfY d\u00f3nde quedar\u00e1 el nuevo estadio El Camp\u00edn? Seg\u00fan el vicepresidente, se debe<b> \u00abentender que es un estadio de hace 87 a\u00f1os que no cumple normas t\u00e9cnicas, es un estadio que no est\u00e1 hecho para atender las necesidades de seguridad humana que existen hoy y que nos obligan a tener unas condiciones diferentes\u00bb. <\/b><\/p>\n<p>\u00abHemos mirado muchas alternativas sobre d\u00f3nde se har\u00e1\u00bb, complement\u00f3 Edgar Cardona.<\/p>\n<div class=\"fotografia caja-articulo\" id=\"p241539-m1656-6-1657\">\n<div class=\"imagen-cuerpo-bk\">\n<figure itemscope=\"\" itemtype=\"https:\/\/schema.org\/ImageObject\" itemprop=\"image\" id=\"m1661-1660-1662\" class=\"foto-galeria-articulo imagen-articulo foto-texto-articulo-galeria\"><img decoding=\"async\" alt=\"El Camp\u00edn\" src=\"data:image\/png;base64,iVBORw0KGgoAAAANSUhEUgAAAAEAAAABCAQAAAC1HAwCAAAAC0lEQVR42mP8\/x0AAvsB+DlKarAAAAAASUVORK5CYII=\" style=\" display: inline;\" data-original=\"\/files\/article_content\/uploads\/2024\/12\/12\/675b78ab72129.jpeg\"\/><meta itemprop=\"width\" content=\"600\"\/><meta itemprop=\"height\" content=\"450\"\/> <meta itemprop=\"url\" content=\"https:\/\/www.futbolred.com\/files\/article_content\/uploads\/2024\/12\/12\/675b78ab72129.jpeg\"\/><\/figure>\n<\/div><\/div>\n<p>                                                    <span class=\"articulo-subtitulo subtitulo2 espacio-contenido\" id=\"p241539-m1682-7-1683\">\u00bfD\u00f3nde quedar\u00e1 el nuevo estadio El Camp\u00edn?<\/span><\/p>\n<p class=\"texto contenido-parrafo-articulo\" id=\"p241539-m1688-8-1689\">De acuerdo a la informaci\u00f3n entregada por el portal Antena 2, <b>el nuevo estadio estar\u00e1 ubicado en la \u00abcalle 61 con carrera 24 o 27 y m\u00e1s retirado de la carrera 30\u00bb.<br \/><\/b><br \/>No obstante, el vicepresidente dej\u00f3 en claro que: <b>\u00abEn este momento, se est\u00e1n valorando temas normativos,<\/b> t\u00e9cnicos por parte de la empresa para tomar decisi\u00f3n sobre ubicaciones y estructuras que tendr\u00edamos adicionales en el proyecto final. <\/p>\n<p>Cabe recordar que en este lugar, actualmente, se encuentran canchas de tenis, que dejar\u00e1n de funcionar para dar espacio al recinto deportivo. <b>Adem\u00e1s, confirm\u00f3 que \u00abser\u00e1 un estadio 100% nuevo\u00bb.<\/b><\/p>\n<p>Dicha construcci\u00f3n arrancar\u00eda en diciembre de 2025 y seg\u00fan lo planeado, se estar\u00eda entregando cinco a\u00f1os despu\u00e9s, es decir, a finales de 2030.<\/p>\n<p><a href=\"https:\/\/www.youtube.com\/watch?v=44utqoofle0\">https:\/\/www.youtube.com\/watch?v=44utqoofle0<\/a><\/p>\n<\/p><\/div>\n\n","protected":false},"excerpt":{"rendered":"<p>Mucho se ha comentado al respecto de las intervenciones que tendr\u00e1 el estadio Nemesio Camacho El Camp\u00edn, que ahora est\u00e1 a cargo de Sencia, la empresa responsable de\u00a0la administraci\u00f3n y operaci\u00f3n, que tiene como principal objetivo, convertir el escenario, en un referente de la m\u00e1s alta calidad. Para esto, ser\u00e1 necesario no solo intervenir el &hellip;<\/p>\n","protected":false},"author":1,"featured_media":22121,"comment_status":"open","ping_status":"open","sticky":false,"template":"","format":"standard","meta":{"fifu_image_url":"https:\/\/www.futbolred.com\/files\/og_thumbnail\/uploads\/2024\/07\/09\/668d28e5e1b5f.jpeg","fifu_image_alt":"","footnotes":""},"categories":[6],"tags":[],"class_list":["post-22120","post","type-post","status-publish","format-standard","has-post-thumbnail","","category-deportes"],"_links":{"self":[{"href":"https:\/\/noticiasveraces.com\/index.php?rest_route=\/wp\/v2\/posts\/22120","targetHints":{"allow":["GET"]}}],"collection":[{"href":"https:\/\/noticiasveraces.com\/index.php?rest_route=\/wp\/v2\/posts"}],"about":[{"href":"https:\/\/noticiasveraces.com\/index.php?rest_route=\/wp\/v2\/types\/post"}],"author":[{"embeddable":true,"href":"https:\/\/noticiasveraces.com\/index.php?rest_route=\/wp\/v2\/users\/1"}],"replies":[{"embeddable":true,"href":"https:\/\/noticiasveraces.com\/index.php?rest_route=%2Fwp%2Fv2%2Fcomments&post=22120"}],"version-history":[{"count":0,"href":"https:\/\/noticiasveraces.com\/index.php?rest_route=\/wp\/v2\/posts\/22120\/revisions"}],"wp:featuredmedia":[{"embeddable":true,"href":"https:\/\/noticiasveraces.com\/index.php?rest_route=\/wp\/v2\/media\/22121"}],"wp:attachment":[{"href":"https:\/\/noticiasveraces.com\/index.php?rest_route=%2Fwp%2Fv2%2Fmedia&parent=22120"}],"wp:term":[{"taxonomy":"category","embeddable":true,"href":"https:\/\/noticiasveraces.com\/index.php?rest_route=%2Fwp%2Fv2%2Fcategories&post=22120"},{"taxonomy":"post_tag","embeddable":true,"href":"https:\/\/noticiasveraces.com\/index.php?rest_route=%2Fwp%2Fv2%2Ftags&post=22120"}],"curies":[{"name":"wp","href":"https:\/\/api.w.org\/{rel}","templated":true}]}}