{"id":22117,"date":"2025-04-08T20:05:14","date_gmt":"2025-04-09T00:05:14","guid":{"rendered":"https:\/\/noticiasveraces.com\/?p=22117"},"modified":"2025-04-08T20:05:14","modified_gmt":"2025-04-09T00:05:14","slug":"el-gobierno-presenta-su-plan-alternativo-de-ayudas-a-la-investigacion-con-ia-tras-las-criticas-de-cientos-de-investigadores-tecnologia","status":"publish","type":"post","link":"https:\/\/noticiasveraces.com\/?p=22117","title":{"rendered":"El Gobierno presenta su plan alternativo de ayudas a la investigaci\u00f3n con IA tras las cr\u00edticas de cientos de investigadores | Tecnolog\u00eda"},"content":{"rendered":"<p> \n<br \/><img decoding=\"async\" src=\"https:\/\/imagenes.elpais.com\/resizer\/v2\/H7OHZ225URE4PKBKQR43HGAXQ4.jpg?auth=1a98fa30419ba116bb4b14c48bb3d5500a0262d7578e5a48a66052ce405fca21\" \/><\/p>\n<div data-dtm-region=\"articulo_cuerpo\">\n<p class=\"\">La ministra de Ciencia y Universidades, Diana Morant, ha anunciado este martes en el Consejo de Ministros el nuevo plan de ayudas a la investigaci\u00f3n con IA tras la cancelaci\u00f3n de la propuesta previa en plenas fiestas navide\u00f1as pasadas. El nuevo plan prev\u00e9 una inversi\u00f3n de \u201c31 millones ampliable hasta los 36 millones\u201d, seg\u00fan unos puntos informativos que ha compartido el Ministerio. La nueva convocatoria se abrir\u00e1 en mayo, con lo que todos los detalles no son a\u00fan p\u00fablicos. La propuesta original era de 31 millones.<\/p>\n<p class=\"\">El plan inicial obligaba a que las propuestas estuvieron coordinadas entre varias universidades o centros de investigaci\u00f3n para promover la aplicaci\u00f3n de la IA en varios \u00e1mbitos. Ahora deber\u00e1n presentarse con al menos otro centro, m\u00ednimo dos, sin que haya m\u00e1ximo, aclaran fuentes del Ministerio, y \u201ccada entidad participante recibir\u00e1 financiaci\u00f3n directamente, en lugar de a trav\u00e9s de una entidad central coordinadora\u201d. No habr\u00e1 un tope de propuestas por centro. La duraci\u00f3n de los proyectos pasar\u00e1 de dos a tres o cuatro a\u00f1os y la cuant\u00eda m\u00e1xima se mantendr\u00e1 en 2 millones por cada uno. La entidad que gestionar\u00e1 los fondos esta vez ser\u00e1 la Agencia Estatal de Investigaci\u00f3n. Esta convocatoria no estar\u00e1 ligada a los fondos europeos, lo que \u201cfacilitar\u00e1 una ejecuci\u00f3n m\u00e1s flexible\u201d, seg\u00fan el Ministerio.<\/p>\n<p class=\"\">Estos cambios obligar\u00e1n a los cient\u00edficos a rehacer al menos una parte de sus propuestas, que tuvieron que improvisar en verano de 2023: \u201cSe mantienen las mismas \u00e1reas tem\u00e1ticas prioritarias y objetivos, lo que va a permitir a los solicitantes de la convocatoria anterior aprovechar el trabajo realizado\u201d, dicen fuentes del Ministerio. No habr\u00e1 tampoco ning\u00fan privilegio para los proyectos de la convocatoria anterior. El Gobierno no har\u00e1 p\u00fablico qui\u00e9n hab\u00eda ganado en esa convocatoria. Las ayudas est\u00e1n abiertas tanto a centros p\u00fablicos como privados que tengan actividad I+D y no tengan \u00e1nimo de lucro.<\/p>\n<p class=\"\">\u201cEs una apuesta sin precedentes por la investigaci\u00f3n y por la universidad\u201d, ha dicho Morant, que ha insistido que tienen como objetivo la \u201cformaci\u00f3n, consolidaci\u00f3n de un nuevo talento investigador muy especializado en IA para asegurar que Espa\u00f1a lidere junto a Europa el desarrollo de una IA \u00e9tica y confiable\u201d. Ese es uno de los objetivos, seg\u00fan fuentes del Ministerio: \u201cLa convocatoria fomentar\u00e1 la consolidaci\u00f3n de una masa cr\u00edtica de investigadores en IA, ya que cada proyecto contar\u00e1 con uno o dos investigadores principales, un equipo de investigaci\u00f3n y un equipo de trabajo\u201d.<\/p>\n<p class=\"\">Tras la pol\u00e9mica por la cancelaci\u00f3n el Gobierno en 2024, el Gobierno anunci\u00f3 que habr\u00eda una nueva propuesta. La comunidad cient\u00edfica nunca acab\u00f3 de entender los motivos de la supresi\u00f3n del proyecto anterior. Morant lo achac\u00f3 en febrero b\u00e1sicamente a retrasos propios de la administraci\u00f3n p\u00fablica que complicaban el cumplimiento de plazos: \u201cHa habido ciertos problemas internos que no nos han permitido resolver esta convocatoria cuando nos hubiera gustado\u201d, ha dicho Morant, que vincul\u00f3 el problema a los fondos europeos NextGen: \u201cEl retraso hac\u00eda pr\u00e1cticamente inservible la convocatoria porque no se pod\u00edan dar los resultados dentro del plan de recuperaci\u00f3n. Ya no merec\u00eda la pena, no se podr\u00eda ejecutar si lo hac\u00edamos en noviembre\u201d.<\/p>\n<p class=\"\">La explicaci\u00f3n inicial del Gobierno en diciembre de 2024 en una carta a los cient\u00edficos que se hab\u00edan presentado fueron \u201ccircunstancias sobrevenidas\u201d, sin m\u00e1s detalles. Aquella decisi\u00f3n provoc\u00f3 agitaci\u00f3n y nervios entre cientos de investigadores que hab\u00edan previsto que parte de la financiaci\u00f3n de sus grupos iba a proceder de ese plan, que deb\u00eda haber sido concedido hace ya un a\u00f1o. \u201cLa falta de explicaciones convincentes y la referencia a \u2018circunstancias sobrevenidas\u2019 resultan inaceptables y sumamente irresponsables\u201d, escribieron en una carta cientos de afectados. La Conferencia de Rectores expres\u00f3 tambi\u00e9n su malestar en una carta al secretario de Estado de Ciencia, Juan Cruz Cigudosa.<\/p>\n<h3 class=\"\">Un programa de atracci\u00f3n de talento<\/h3>\n<p class=\"\">Morant ha anunciado tambi\u00e9n la tercera convocatoria del Programa ATRAE, dotado con 45 millones de euros, 15 millones m\u00e1s que en la anterior convocatoria. Es un plan que \u201cse inici\u00f3 en 2023 para captar nuevos cient\u00edficos o retornar cient\u00edficos de nuestro pa\u00eds l\u00edderes internaciones para que desarrollen en Espa\u00f1a sus proyectos\u201d, ha dicho Morant.<\/p>\n<p class=\"\">El objetivo de ATRAE, cuya dotaci\u00f3n en esta convocatoria proviene de presupuesto nacional y no de fondos europeos, es facilitar la incorporaci\u00f3n de talento investigador consolidado, de prestigio internacional y que haya desarrollado un periodo relevante de su actividad profesional en el extranjero. \u201cTiene un foco muy especial en los investigadores en EE UU y que est\u00e1n siendo despreciados por la administraci\u00f3n\u201d, ha a\u00f1adido Morant. En la \u00faltima convocatoria, ha dicho Morant, se recibieron 420 solicitudes de investigadores y se seleccionaron 60.<\/p>\n<\/div>\n\n","protected":false},"excerpt":{"rendered":"<p>La ministra de Ciencia y Universidades, Diana Morant, ha anunciado este martes en el Consejo de Ministros el nuevo plan de ayudas a la investigaci\u00f3n con IA tras la cancelaci\u00f3n de la propuesta previa en plenas fiestas navide\u00f1as pasadas. El nuevo plan prev\u00e9 una inversi\u00f3n de \u201c31 millones ampliable hasta los 36 millones\u201d, seg\u00fan unos &hellip;<\/p>\n","protected":false},"author":1,"featured_media":22119,"comment_status":"open","ping_status":"open","sticky":false,"template":"","format":"standard","meta":{"fifu_image_url":"https:\/\/imagenes.elpais.com\/resizer\/v2\/H7OHZ225URE4PKBKQR43HGAXQ4.jpg?auth=1a98fa30419ba116bb4b14c48bb3d5500a0262d7578e5a48a66052ce405fca21&width=1200","fifu_image_alt":"","footnotes":""},"categories":[2],"tags":[],"class_list":["post-22117","post","type-post","status-publish","format-standard","has-post-thumbnail","","category-tecnologia"],"_links":{"self":[{"href":"https:\/\/noticiasveraces.com\/index.php?rest_route=\/wp\/v2\/posts\/22117","targetHints":{"allow":["GET"]}}],"collection":[{"href":"https:\/\/noticiasveraces.com\/index.php?rest_route=\/wp\/v2\/posts"}],"about":[{"href":"https:\/\/noticiasveraces.com\/index.php?rest_route=\/wp\/v2\/types\/post"}],"author":[{"embeddable":true,"href":"https:\/\/noticiasveraces.com\/index.php?rest_route=\/wp\/v2\/users\/1"}],"replies":[{"embeddable":true,"href":"https:\/\/noticiasveraces.com\/index.php?rest_route=%2Fwp%2Fv2%2Fcomments&post=22117"}],"version-history":[{"count":0,"href":"https:\/\/noticiasveraces.com\/index.php?rest_route=\/wp\/v2\/posts\/22117\/revisions"}],"wp:featuredmedia":[{"embeddable":true,"href":"https:\/\/noticiasveraces.com\/index.php?rest_route=\/wp\/v2\/media\/22119"}],"wp:attachment":[{"href":"https:\/\/noticiasveraces.com\/index.php?rest_route=%2Fwp%2Fv2%2Fmedia&parent=22117"}],"wp:term":[{"taxonomy":"category","embeddable":true,"href":"https:\/\/noticiasveraces.com\/index.php?rest_route=%2Fwp%2Fv2%2Fcategories&post=22117"},{"taxonomy":"post_tag","embeddable":true,"href":"https:\/\/noticiasveraces.com\/index.php?rest_route=%2Fwp%2Fv2%2Ftags&post=22117"}],"curies":[{"name":"wp","href":"https:\/\/api.w.org\/{rel}","templated":true}]}}