{"id":22114,"date":"2025-04-08T20:01:57","date_gmt":"2025-04-09T00:01:57","guid":{"rendered":"https:\/\/noticiasveraces.com\/?p=22114"},"modified":"2025-04-08T20:01:57","modified_gmt":"2025-04-09T00:01:57","slug":"familia-de-ex-rehen-de-hamas-fallecido-oded-lifshitz-lucha-por-los-demas","status":"publish","type":"post","link":"https:\/\/noticiasveraces.com\/?p=22114","title":{"rendered":"Familia de ex reh\u00e9n de Hamas fallecido Oded Lifshitz lucha por los dem\u00e1s"},"content":{"rendered":"<p> \n<\/p>\n<div>\n<div class=\"article-gating gated-overlay show-gate\">\n<div class=\"article-gating-wrapper\">\n<p>\u00danase a Fox News para acceder a este contenido<\/p>\n<p>Has alcanzado su n\u00famero m\u00e1ximo de art\u00edculos. Inicie sesi\u00f3n o cree una cuenta de forma gratuita para continuar leyendo.<\/p>\n<div class=\"article-gating-legal tablet-desktop\">Al ingresar su correo electr\u00f3nico y presionar continuar, usted acepta los t\u00e9rminos de uso y la pol\u00edtica de privacidad de Fox News, que incluye nuestro aviso de incentivo financiero.\n    <\/div>\n<p><span>Por favor, introduce una direcci\u00f3n de correo electr\u00f3nico v\u00e1lida.<\/span><\/p>\n<footer class=\"article-gating-footer\">\u00bfTiene problemas? Haga clic aqu\u00ed.<\/footer>\n<\/div>\n<\/div>\n<p class=\"speakable\">Oded Lifshitz ten\u00eda 83 a\u00f1os cuando fue arrancado de su casa en Kibbutz Nir Oz junto con su esposa, Yocheved, durante los ataques de Hamas contra Israel el 7 de octubre de 2023. Yochebed regres\u00f3 a Israel vivo en octubre de 2023 y ha abogado por otros rehenes desde entonces. El 20 de febrero de 2025, Oded regres\u00f3 a Israel en un ata\u00fad. Su familia, sin embargo, no ha dado esperanza a aquellos que permanecen en Gaza.<\/p>\n<p class=\"speakable\">Daniel Lifshitz, el nieto de Oded y Yocheved, le dijo a Fox News Digital que, mientras que los rehenes que han regresado han tra\u00eddo algo de luz a Kibbutz Nir Oz, no se puede hacer nada hasta que todos los rehenes regresen. Hasta el momento de este escrito, 13 rehenes tomados de Nir Oz todav\u00eda est\u00e1n en Gaza, y no todos est\u00e1n vivos.<\/p>\n<div class=\"image-ct inline\">\n<div class=\"m\"><picture><source media=\"(max-width: 767px)\" srcset=\"https:\/\/a57.foxnews.com\/static.foxnews.com\/foxnews.com\/content\/uploads\/2025\/04\/343\/192\/daniel-lifshitz-2.jpg?ve=1&amp;tl=1, https:\/\/a57.foxnews.com\/static.foxnews.com\/foxnews.com\/content\/uploads\/2025\/04\/686\/384\/daniel-lifshitz-2.jpg?ve=1&amp;tl=1 2x\" height=\"192\" width=\"343\"><source media=\"(min-width: 768px) and (max-width: 1023px)\" srcset=\"https:\/\/a57.foxnews.com\/static.foxnews.com\/foxnews.com\/content\/uploads\/2025\/04\/672\/378\/daniel-lifshitz-2.jpg?ve=1&amp;tl=1, https:\/\/a57.foxnews.com\/static.foxnews.com\/foxnews.com\/content\/uploads\/2025\/04\/1344\/756\/daniel-lifshitz-2.jpg?ve=1&amp;tl=1 2x\" height=\"378\" width=\"672\"><source media=\"(min-width: 1024px) and (max-width: 1279px)\" srcset=\"https:\/\/a57.foxnews.com\/static.foxnews.com\/foxnews.com\/content\/uploads\/2025\/04\/931\/523\/daniel-lifshitz-2.jpg?ve=1&amp;tl=1, https:\/\/a57.foxnews.com\/static.foxnews.com\/foxnews.com\/content\/uploads\/2025\/04\/1862\/1046\/daniel-lifshitz-2.jpg?ve=1&amp;tl=1 2x\" height=\"523\" width=\"931\"><source media=\"(min-width: 1280px)\" srcset=\"https:\/\/a57.foxnews.com\/static.foxnews.com\/foxnews.com\/content\/uploads\/2025\/04\/720\/405\/daniel-lifshitz-2.jpg?ve=1&amp;tl=1, https:\/\/a57.foxnews.com\/static.foxnews.com\/foxnews.com\/content\/uploads\/2025\/04\/1440\/810\/daniel-lifshitz-2.jpg?ve=1&amp;tl=1 2x\" height=\"405\" width=\"720\"><img loading=\"lazy\" decoding=\"async\" src=\"https:\/\/a57.foxnews.com\/static.foxnews.com\/foxnews.com\/content\/uploads\/2025\/04\/1200\/675\/daniel-lifshitz-2.jpg?ve=1&amp;tl=1\" alt=\"Daniel Lifshitz habla en el funeral de su abuelo\" width=\"1200\" height=\"675\"\/><\/source><\/source><\/source><\/source><\/picture><\/div>\n<div class=\"info\">\n<div class=\"caption\">\n<p><span>Daniel Lifshitz habla sobre su abuelo durante el funeral de Oded Lifshitz el 25 de febrero de 2025 en Nir Oz, Israel.<\/span> <span>(Alexi J. Rosenfeld\/Getty Images)<\/span><\/p>\n<\/div>\n<\/div>\n<\/div>\n<p><strong>Opini\u00f3n: Me liberaste de Hamas, presidente Trump. Por favor, salve a mi hermano tambi\u00e9n<\/strong><\/p>\n<p>Cuando habl\u00f3 con Fox News Digital, Daniel describi\u00f3 a su difunto abuelo como un \u00abguerrero de la paz\u00bb, explicando que mientras Oded sirvi\u00f3 en cuatro guerras, tambi\u00e9n luch\u00f3 por los derechos de las minor\u00edas.<\/p>\n<p>Oded y Yocheved fueron activistas de la paz que ayudaron a los pacientes con c\u00e1ncer pedi\u00e1trico palestino de Gaza a la cruz a Israel para la quimioterapia. En el elogio que ella entreg\u00f3 en el funeral de su esposo, Yocheged discuti\u00f3 su activismo y dijo que \u00abfueron golpeados por un terrible ataque de aquellos a quienes ayudamos al otro lado\u00bb, seg\u00fan los tiempos de la traducci\u00f3n de Israel.<\/p>\n<p>Daniel explic\u00f3 que su abuela se sinti\u00f3 traicionada no por Hamas o la Jihad isl\u00e1mica, sino por los civiles palestinos a quienes ella y su esposo hab\u00edan pasado a\u00f1os ayudando. <\/p>\n<p>\u00abDespu\u00e9s del 7 de octubre, no lo hicieron, no vimos a los palestinos que protestar contra el afuera contra Hamas, van a las protestas por el lanzamiento de los rehenes, lo que saben si lanzar\u00edan todos los rehenes que tambi\u00e9n ser\u00e1 el final de la guerra\u00bb, dijo Daniel a Fox News Digital. \u00abY necesitan demostrar que no quieren a Hamas, y ah\u00ed es donde mi abuela se siente realmente una gran traici\u00f3n porque es para quien intentamos\u00bb.<\/p>\n<div class=\"image-ct inline\">\n<div class=\"m\"><picture><source media=\"(max-width: 767px)\" srcset=\"https:\/\/a57.foxnews.com\/static.foxnews.com\/foxnews.com\/content\/uploads\/2025\/02\/343\/192\/bibas-lifshitz-memorial.jpg?ve=1&amp;tl=1, https:\/\/a57.foxnews.com\/static.foxnews.com\/foxnews.com\/content\/uploads\/2025\/02\/686\/384\/bibas-lifshitz-memorial.jpg?ve=1&amp;tl=1 2x\" height=\"192\" width=\"343\"><source media=\"(min-width: 768px) and (max-width: 1023px)\" srcset=\"https:\/\/a57.foxnews.com\/static.foxnews.com\/foxnews.com\/content\/uploads\/2025\/02\/672\/378\/bibas-lifshitz-memorial.jpg?ve=1&amp;tl=1, https:\/\/a57.foxnews.com\/static.foxnews.com\/foxnews.com\/content\/uploads\/2025\/02\/1344\/756\/bibas-lifshitz-memorial.jpg?ve=1&amp;tl=1 2x\" height=\"378\" width=\"672\"><source media=\"(min-width: 1024px) and (max-width: 1279px)\" srcset=\"https:\/\/a57.foxnews.com\/static.foxnews.com\/foxnews.com\/content\/uploads\/2025\/02\/931\/523\/bibas-lifshitz-memorial.jpg?ve=1&amp;tl=1, https:\/\/a57.foxnews.com\/static.foxnews.com\/foxnews.com\/content\/uploads\/2025\/02\/1862\/1046\/bibas-lifshitz-memorial.jpg?ve=1&amp;tl=1 2x\" height=\"523\" width=\"931\"><source media=\"(min-width: 1280px)\" srcset=\"https:\/\/a57.foxnews.com\/static.foxnews.com\/foxnews.com\/content\/uploads\/2025\/02\/720\/405\/bibas-lifshitz-memorial.jpg?ve=1&amp;tl=1, https:\/\/a57.foxnews.com\/static.foxnews.com\/foxnews.com\/content\/uploads\/2025\/02\/1440\/810\/bibas-lifshitz-memorial.jpg?ve=1&amp;tl=1 2x\" height=\"405\" width=\"720\"><img loading=\"lazy\" decoding=\"async\" src=\"https:\/\/a57.foxnews.com\/static.foxnews.com\/foxnews.com\/content\/uploads\/2025\/02\/1200\/675\/bibas-lifshitz-memorial.jpg?ve=1&amp;tl=1\" alt=\"Fotos de cuatro israel\u00edes fallecidos tomados como rehenes el 7 de octubre de 2023\" width=\"1200\" height=\"675\"\/><\/source><\/source><\/source><\/source><\/picture><\/div>\n<div class=\"info\">\n<div class=\"caption\">\n<p><span>Fotos de la familia Bibas y Oded Lifshitz, 84, que fueron secuestradas durante el mortal 7 de octubre de 2023, ataques de Hamas y luego asesinados, se exhiben al lado de velas en el comedor en Kibbutz Nir Oz, despu\u00e9s de que sus cuerpos fueron entregados a Israel bajo los t\u00e9rminos de un incendio de Hamas e Israel, en el d\u00eda de la vida de LiFeshitz, en Kibutz, en Kibutz, Kibutz, NIRATz \u200b\u200bNIRATZ NIRATZ NIRATZ NIRATZ NIRATZ NIRATZ NIRATZ NIRATZ NIRATZ NIRATZ NIRATZ NIRATZ EN Israel 25 de febrero de 2025. <\/span> <span>(Reuters\/Amir Cohen)<\/span><\/p>\n<\/div>\n<\/div>\n<\/div>\n<p><strong>El embajador de la ONU de Israel golpea los ata\u00fades de Hamas &#8216;malvada y depravada&#8217; de rehenes &#8216;<\/strong><\/p>\n<p>El cuerpo de Oded fue devuelto junto a los de Ariel y Kfir Bibas. Se supon\u00eda que la madre de los ni\u00f1os, Shiri Bibas, estaba en el cuarto ata\u00fad, pero sus restos no estaban all\u00ed cuando el ata\u00fad lleg\u00f3 a Israel. Su cuerpo fue devuelto dos d\u00edas despu\u00e9s.<\/p>\n<p>\u00ab&#8230; su regreso juntos simboliza el fracaso de la comunidad internacional para m\u00ed porque en esos autos lleg\u00f3 un beb\u00e9 de 9 meses, el \u00fanico beb\u00e9 reh\u00e9n en el mundo con un bisabuelo de 83 a\u00f1os, el \u00fanico bisabuelo de la salud del mundo de los rehenes\u00bb, dijo Daniel a Fox News Digital. <\/p>\n<div class=\"image-ct inline\">\n<div class=\"m\"><picture><source media=\"(max-width: 767px)\" srcset=\"https:\/\/a57.foxnews.com\/static.foxnews.com\/foxnews.com\/content\/uploads\/2025\/04\/343\/192\/85e15bbe-daniel-yocheved-lifshitz.jpg?ve=1&amp;tl=1, https:\/\/a57.foxnews.com\/static.foxnews.com\/foxnews.com\/content\/uploads\/2025\/04\/686\/384\/85e15bbe-daniel-yocheved-lifshitz.jpg?ve=1&amp;tl=1 2x\" height=\"192\" width=\"343\"><source media=\"(min-width: 768px) and (max-width: 1023px)\" srcset=\"https:\/\/a57.foxnews.com\/static.foxnews.com\/foxnews.com\/content\/uploads\/2025\/04\/672\/378\/85e15bbe-daniel-yocheved-lifshitz.jpg?ve=1&amp;tl=1, https:\/\/a57.foxnews.com\/static.foxnews.com\/foxnews.com\/content\/uploads\/2025\/04\/1344\/756\/85e15bbe-daniel-yocheved-lifshitz.jpg?ve=1&amp;tl=1 2x\" height=\"378\" width=\"672\"><source media=\"(min-width: 1024px) and (max-width: 1279px)\" srcset=\"https:\/\/a57.foxnews.com\/static.foxnews.com\/foxnews.com\/content\/uploads\/2025\/04\/931\/523\/85e15bbe-daniel-yocheved-lifshitz.jpg?ve=1&amp;tl=1, https:\/\/a57.foxnews.com\/static.foxnews.com\/foxnews.com\/content\/uploads\/2025\/04\/1862\/1046\/85e15bbe-daniel-yocheved-lifshitz.jpg?ve=1&amp;tl=1 2x\" height=\"523\" width=\"931\"><source media=\"(min-width: 1280px)\" srcset=\"https:\/\/a57.foxnews.com\/static.foxnews.com\/foxnews.com\/content\/uploads\/2025\/04\/720\/405\/85e15bbe-daniel-yocheved-lifshitz.jpg?ve=1&amp;tl=1, https:\/\/a57.foxnews.com\/static.foxnews.com\/foxnews.com\/content\/uploads\/2025\/04\/1440\/810\/85e15bbe-daniel-yocheved-lifshitz.jpg?ve=1&amp;tl=1 2x\" height=\"405\" width=\"720\"><img loading=\"lazy\" decoding=\"async\" src=\"https:\/\/a57.foxnews.com\/static.foxnews.com\/foxnews.com\/content\/uploads\/2025\/04\/1200\/675\/85e15bbe-daniel-yocheved-lifshitz.jpg?ve=1&amp;tl=1\" alt=\"Daniel y Yocheved Lifshitz en un rally de 2024 para rehenes\" width=\"1200\" height=\"675\"\/><\/source><\/source><\/source><\/source><\/picture><\/div>\n<div class=\"info\">\n<div class=\"caption\">\n<p><span>Daniel Lifshitz camina sosteniendo la mano de su abuela Yochebved Lifshitz, durante el \u00abRally International &#8211; United los traemos a casa\u00bb en la plaza de rehenes el 18 de mayo de 2024 en Tel Aviv, Israel. <\/span> <span>(Alexi J. Rosenfeld\/Getty Images)<\/span><\/p>\n<\/div>\n<\/div>\n<\/div>\n<p><strong><u>Haga clic aqu\u00ed para obtener la aplicaci\u00f3n Fox News<\/u><\/strong><\/p>\n<p>Daniel creci\u00f3 con la hermana de Shiri, Dana, quien le dijo a Fox News Digital que es como una hermana para \u00e9l.<br \/>Cuando se le pregunt\u00f3 sobre las diferencias entre la administraci\u00f3n Biden y el manejo de la situaci\u00f3n por parte de la administraci\u00f3n Trump, Daniel le dijo a Fox News Digital que el equipo de Trump es \u00abm\u00e1s creativo\u00bb.<\/p>\n<p>\u00abSi una cosa no funciona, no contin\u00faan. Intentan traer otra soluci\u00f3n\u00bb, dijo Daniel a Fox News Digital.<\/p>\n<p>Ante la tragedia, la familia Lifshitz se ha negado a perder la esperanza de que los rehenes restantes, vivos y muertos, alg\u00fan d\u00eda regresen a casa a Israel. Daniel tambi\u00e9n espera que su abuela pueda descansar un poco una vez que sepa que los rehenes est\u00e1n en casa.<\/p>\n<\/div>\n\n","protected":false},"excerpt":{"rendered":"<p>\u00danase a Fox News para acceder a este contenido Has alcanzado su n\u00famero m\u00e1ximo de art\u00edculos. Inicie sesi\u00f3n o cree una cuenta de forma gratuita para continuar leyendo. Al ingresar su correo electr\u00f3nico y presionar continuar, usted acepta los t\u00e9rminos de uso y la pol\u00edtica de privacidad de Fox News, que incluye nuestro aviso de &hellip;<\/p>\n","protected":false},"author":1,"featured_media":22116,"comment_status":"open","ping_status":"open","sticky":false,"template":"","format":"standard","meta":{"fifu_image_url":"https:\/\/static.foxnews.com\/foxnews.com\/content\/uploads\/2025\/04\/daniel-lifshitz-2.jpg","fifu_image_alt":"","footnotes":""},"categories":[13],"tags":[],"class_list":["post-22114","post","type-post","status-publish","format-standard","has-post-thumbnail","","category-mundo"],"_links":{"self":[{"href":"https:\/\/noticiasveraces.com\/index.php?rest_route=\/wp\/v2\/posts\/22114","targetHints":{"allow":["GET"]}}],"collection":[{"href":"https:\/\/noticiasveraces.com\/index.php?rest_route=\/wp\/v2\/posts"}],"about":[{"href":"https:\/\/noticiasveraces.com\/index.php?rest_route=\/wp\/v2\/types\/post"}],"author":[{"embeddable":true,"href":"https:\/\/noticiasveraces.com\/index.php?rest_route=\/wp\/v2\/users\/1"}],"replies":[{"embeddable":true,"href":"https:\/\/noticiasveraces.com\/index.php?rest_route=%2Fwp%2Fv2%2Fcomments&post=22114"}],"version-history":[{"count":0,"href":"https:\/\/noticiasveraces.com\/index.php?rest_route=\/wp\/v2\/posts\/22114\/revisions"}],"wp:featuredmedia":[{"embeddable":true,"href":"https:\/\/noticiasveraces.com\/index.php?rest_route=\/wp\/v2\/media\/22116"}],"wp:attachment":[{"href":"https:\/\/noticiasveraces.com\/index.php?rest_route=%2Fwp%2Fv2%2Fmedia&parent=22114"}],"wp:term":[{"taxonomy":"category","embeddable":true,"href":"https:\/\/noticiasveraces.com\/index.php?rest_route=%2Fwp%2Fv2%2Fcategories&post=22114"},{"taxonomy":"post_tag","embeddable":true,"href":"https:\/\/noticiasveraces.com\/index.php?rest_route=%2Fwp%2Fv2%2Ftags&post=22114"}],"curies":[{"name":"wp","href":"https:\/\/api.w.org\/{rel}","templated":true}]}}