{"id":22109,"date":"2025-04-08T19:00:27","date_gmt":"2025-04-08T23:00:27","guid":{"rendered":"https:\/\/noticiasveraces.com\/?p=22109"},"modified":"2025-04-08T19:00:27","modified_gmt":"2025-04-08T23:00:27","slug":"conservadores-y-socialdemocratas-llegan-a-acuerdo-dw-08-04-2025","status":"publish","type":"post","link":"https:\/\/noticiasveraces.com\/?p=22109","title":{"rendered":"conservadores y socialdem\u00f3cratas llegan a acuerdo \u2013 DW \u2013 08\/04\/2025"},"content":{"rendered":"<p> \n<\/p>\n<div>\n<p>Seg\u00fan informaron la televisi\u00f3n &#8216;NTV&#8217; y la edici\u00f3n digital de la revista &#8216;Focus&#8217;, que citaron fuentes cercanas a las partes negociadoras, el bloque ganador de esos comicios, formado por la Uni\u00f3n Cristianodem\u00f3crata (CDU) y la Uni\u00f3n Socialcristiana (CSU), y el Partido Socialdem\u00f3crata de Alemania (SPD) acordaron este martes (08.04.2025) un texto para guiar la acci\u00f3n del pr\u00f3ximo Gobierno germano.<\/p>\n<p>Los detalles del acuerdo, alcanzado por el presidente de la CDU, Friedrich Merz; el primer ministro de Baviera y l\u00edder de la CSU, Markus S\u00f6der, y la copresidenta del SPD, Saskia Esken, ser\u00e1n presentados el mi\u00e9rcoles en rueda de prensa a las 10.00 GMT, seg\u00fan precis\u00f3 &#8216;Focus&#8217;.<\/p>\n<p>&#8216;NTV&#8217; describi\u00f3 un clima de negociaci\u00f3n en el que los conservadores se mostraron apresurados por alcanzar un resultado cuanto antes este martes, mientras que los socialdem\u00f3cratas hubieran querido negociar un d\u00eda m\u00e1s.<\/p>\n<p>Antes de la rueda de prensa del mi\u00e9rcoles, a\u00fan faltaban por realizar los \u00faltimos ajustes al texto acordado, presentado en esa televisi\u00f3n como un \u00abacuerdo fundamental\u00bb para levantar una coalici\u00f3n de gobierno.<\/p>\n<p>El texto podr\u00eda ultimarse el mismo d\u00eda de presentaci\u00f3n del resultado de mes y medio de negociaci\u00f3n, de la que trascendi\u00f3, entre otras cosas, el deseo de los conservadores de tomar medidas como reducir los impuestos y la burocracia para animar a la econom\u00eda, seg\u00fan &#8216;NTV&#8217;.<\/p>\n<p><strong>Dos a\u00f1os en recesi\u00f3n<\/strong><\/p>\n<p>Alemania, la mayor econom\u00eda de la UE y la tercera a nivel mundial, acumula dos a\u00f1os en recesi\u00f3n, pues el PIB germano se contrajo en 2023 un 0,3 % y en 2024 un 0,2 %.<\/p>\n<p>Sobre las partes negociadoras pesaba la urgencia desatada por la situaci\u00f3n en los mercados internacionales despu\u00e9s de que el presidente estadounidense, Donald Trump, anunciara en lo que llam\u00f3 \u00abD\u00eda de la Liberaci\u00f3n\u00bb la imposici\u00f3n de aranceles internacionales, que para la Uni\u00f3n Europea (UE) son del 20 %.<\/p>\n<p>Merz y su bloque conservador acud\u00edan en la que se consideraba la semana clave para las negociaciones con el SPD bajo presi\u00f3n demosc\u00f3pica, pues la CDU\/CSU aparec\u00eda en sondeos recientes igualada en t\u00e9rminos de intenci\u00f3n de voto a la ultraderechista Alternativa para Alemania (AfD).<\/p>\n<p>Un reciente sondeo del instituto INSA llegaba a situar a CDU\/CSU y AfD con un 24 % ambos.<\/p>\n<p>El bloque conservador gan\u00f3 las pasadas elecciones generales alemanas, con un 28,6 % de los votos, por delante de AfD (20,8 %), SPD (16,4 %), Los Verdes (11,6 %) y La Izquierda (8,8 %).<\/p>\n<p>CT (EFE, NTV)<\/p>\n<\/div>\n\n","protected":false},"excerpt":{"rendered":"<p>Seg\u00fan informaron la televisi\u00f3n &#8216;NTV&#8217; y la edici\u00f3n digital de la revista &#8216;Focus&#8217;, que citaron fuentes cercanas a las partes negociadoras, el bloque ganador de esos comicios, formado por la Uni\u00f3n Cristianodem\u00f3crata (CDU) y la Uni\u00f3n Socialcristiana (CSU), y el Partido Socialdem\u00f3crata de Alemania (SPD) acordaron este martes (08.04.2025) un texto para guiar la acci\u00f3n &hellip;<\/p>\n","protected":false},"author":1,"featured_media":22110,"comment_status":"open","ping_status":"open","sticky":false,"template":"","format":"standard","meta":{"fifu_image_url":"https:\/\/static.dw.com\/image\/72087377_6.jpg","fifu_image_alt":"","footnotes":""},"categories":[13],"tags":[],"class_list":["post-22109","post","type-post","status-publish","format-standard","has-post-thumbnail","","category-mundo"],"_links":{"self":[{"href":"https:\/\/noticiasveraces.com\/index.php?rest_route=\/wp\/v2\/posts\/22109","targetHints":{"allow":["GET"]}}],"collection":[{"href":"https:\/\/noticiasveraces.com\/index.php?rest_route=\/wp\/v2\/posts"}],"about":[{"href":"https:\/\/noticiasveraces.com\/index.php?rest_route=\/wp\/v2\/types\/post"}],"author":[{"embeddable":true,"href":"https:\/\/noticiasveraces.com\/index.php?rest_route=\/wp\/v2\/users\/1"}],"replies":[{"embeddable":true,"href":"https:\/\/noticiasveraces.com\/index.php?rest_route=%2Fwp%2Fv2%2Fcomments&post=22109"}],"version-history":[{"count":0,"href":"https:\/\/noticiasveraces.com\/index.php?rest_route=\/wp\/v2\/posts\/22109\/revisions"}],"wp:featuredmedia":[{"embeddable":true,"href":"https:\/\/noticiasveraces.com\/index.php?rest_route=\/wp\/v2\/media\/22110"}],"wp:attachment":[{"href":"https:\/\/noticiasveraces.com\/index.php?rest_route=%2Fwp%2Fv2%2Fmedia&parent=22109"}],"wp:term":[{"taxonomy":"category","embeddable":true,"href":"https:\/\/noticiasveraces.com\/index.php?rest_route=%2Fwp%2Fv2%2Fcategories&post=22109"},{"taxonomy":"post_tag","embeddable":true,"href":"https:\/\/noticiasveraces.com\/index.php?rest_route=%2Fwp%2Fv2%2Ftags&post=22109"}],"curies":[{"name":"wp","href":"https:\/\/api.w.org\/{rel}","templated":true}]}}