{"id":22102,"date":"2025-04-08T15:56:27","date_gmt":"2025-04-08T19:56:27","guid":{"rendered":"https:\/\/noticiasveraces.com\/?p=22102"},"modified":"2025-04-08T15:56:27","modified_gmt":"2025-04-08T19:56:27","slug":"esta-el-premio-world-press-photo-infiltrado-por-rusia-dw-08-04-2025","status":"publish","type":"post","link":"https:\/\/noticiasveraces.com\/?p=22102","title":{"rendered":"\u00bfEst\u00e1 el premio World Press Photo infiltrado por Rusia? \u2013 DW \u2013 08\/04\/2025"},"content":{"rendered":"<p> \n<\/p>\n<div>\n<p>Cuando el 27 de marzo se public\u00f3 la lista de los primeros ganadores del World Press Photo Award 2025, se produjo una protesta. La raz\u00f3n principal fue que, entre los ganadores, se encontraba Mija\u00edl Tereshenko, uno de los reporteros m\u00e1s destacados de la agencia de noticias estatal rusa TASS.<\/p>\n<p>Tereshenko fotografi\u00f3 protestas masivas en Georgia por encargo de su empleador. En otras secciones del concurso, tambi\u00e9n hab\u00eda\u00a0im\u00e1genes de Rusia y Ucrania\u00a0, cuyo mensaje se interpret\u00f3 como pol\u00e9mico. Algunas voces hablaron de\u00a0falta de sensibilidad del jurado, de irresponsabilidad e incluso de posible influencia de la propaganda rusa.<\/p>\n<h2>El mundo en im\u00e1genes<\/h2>\n<p>El Premio World Press Photo lo concede desde 1955 la fundaci\u00f3n del mismo nombre y otorga 5.000 euros, pero es, ante todo, una cuesti\u00f3n de honor. Cualquiera puede presentarse\u00a0y, en 2025, el jurado recibi\u00f3 exactamente 59.320 im\u00e1genes de 3.778 fot\u00f3grafos de 141 pa\u00edses.<\/p>\n<p>\u00abNo excluimos a fot\u00f3grafos de ning\u00fan pa\u00eds\u201d, dice el comunicado de la Fundaci\u00f3n. \u00abSomos conscientes de la realidad de la propaganda estatal, pero creemos que los fot\u00f3grafos que trabajan en pa\u00edses con poca libertad de prensa tambi\u00e9n pueden crear obras significativas\u00bb.<\/p>\n<p>La avalancha de im\u00e1genes es examinada por jurados de expertos de seis regiones. La primera ronda es an\u00f3nima. \u00abAs\u00ed nos aseguramos de que las obras que pasen a la siguiente vuelta\u00a0sean seleccionadas \u00fanicamente por su calidad visual\u201d, explica la fundaci\u00f3n.<\/p>\n<p>A partir de la segunda ronda, se conoce\u00a0el nombre de los autores, y en la cuarta, la final, tambi\u00e9n se entrega informaci\u00f3n sobre \u00abla motivaci\u00f3n, el tipo de proyecto (si es un\u00a0encargo o un proyecto personal) y el financiamiento\u201d.<\/p>\n<p>Como cada a\u00f1o, hay algunas fotos l\u00edricas e intimistas. Pero, por encima de todo, son los conflictos y tragedias del mundo los que los fotoperiodistas enfocan con sus c\u00e1maras.<\/p>\n<figure class=\"placeholder-image master_landscape big\"><img data-format=\"MASTER_LANDSCAPE\" data-id=\"72048330\" data-url=\"https:\/\/static.dw.com\/image\/72048330_${formatId}.jpg\" data-aspect-ratio=\"16\/9\" alt=\"La fotograf\u00eda de una peque\u00f1a ni\u00f1a y su reacci\u00f3n en medio de la guerra en Ucrania, es otra de las fotos premiadas. \" style=\"padding-bottom: 56.25%; height: 0; max-height: 0;\"\/><figcaption class=\"img-caption\">La peque\u00f1a Anhelina sufre ataques de p\u00e1nico tras huir de su pueblo en Ucrania: \u00abM\u00e1s all\u00e1 de las trincheras\u00bb es el t\u00edtulo de esta imagen de Florian Bachmeier.<small class=\"copyright\">Imagen: Florian Bachmeier<\/small><\/figcaption><\/figure>\n<h2>El caso de Tereshenko<\/h2>\n<p>Por la regi\u00f3n europea en la categor\u00eda \u00abHistoria\u201d gan\u00f3 el fot\u00f3grafo moscovita Mija\u00edl Tereshenko, conocido por sus im\u00e1genes expresivas y dr\u00e1sticas, y que trabaja desde 2017 para TASS.<\/p>\n<p>Tereshenko lleva informando desde el este de Ucrania desde 2015, incluso como corresponsal para las fuerzas armadas rusas. Tereshenko estuvo presente durante el asalto a Mari\u00fapol, que\u00a0en una entrevista calific\u00f3 de \u00abliberaci\u00f3n\u201d, en la jerga de la propaganda rusa.<\/p>\n<p>En esta ocasi\u00f3n, Tereshenko no viajaba por el frente ucraniano-ruso, sino por Georgia. All\u00ed document\u00f3 los enfrentamientos entre los georgianos, en su mayor\u00eda j\u00f3venes proeuropeos, y la Polic\u00eda. Sus im\u00e1genes admiten diversas interpretaciones. En vista de que Rusia intenta por todos los medios presentar a Georgia como antigua rep\u00fablica de la Uni\u00f3n Sovi\u00e9tica, se plantea la cuesti\u00f3n de si un corresponsal de TASS es la persona ideal para un reportaje sobre el conflicto en Georgia.<\/p>\n<p>\u00abPara m\u00ed, son sobre todo im\u00e1genes fuertes\u201d, comenta\u00a0a DW un respetado fot\u00f3grafo b\u00e1varo de paisajes, que formaba parte del jurado del concurso y no desea ser nombrado. \u00abLo especial\u00a0de las buenas fotos es,\u00a0precisamente, que se emancipan del autor y hablan por s\u00ed mismas\u00bb.<\/p>\n<p>La historiadora de arte ucraniana Lyudmila Bereznitsky lo ve de otro modo. \u00abEs como homenajear a Leni Riefenstahl por sus magn\u00edficas im\u00e1genes ol\u00edmpicas en plena Segunda Guerra Mundial\u00bb, se atreve a comparar.<\/p>\n<figure class=\"placeholder-image master_landscape big\"><img data-format=\"MASTER_LANDSCAPE\" data-id=\"72165562\" data-url=\"https:\/\/static.dw.com\/image\/72165562_${formatId}.jpg\" data-aspect-ratio=\"16\/9\" alt=\"Fotograf\u00eda de un soldado ucraniano herido sobre una mesa mientras sus compa\u00f1eros intentan salvarlo. \" style=\"padding-bottom: 56.25%; height: 0; max-height: 0;\"\/><figcaption class=\"img-caption\">En primera l\u00ednea: \u00abThe New York Times\u00bb se enorgullece del trabajo de su reportera Nanna Heitmann.<small class=\"copyright\">Imagen: Nanna Heitmann, Magnum Photos, para The New York Times<\/small><\/figcaption><\/figure>\n<p>En un comunicado, el jurado del World Press Photo afirma que se toma en serio las cr\u00edticas y quejas sobre la independencia period\u00edstica de Mija\u00edl Tereshenko y que las revisar\u00e1 \u00abde acuerdo con el proceso descrito en nuestros procedimientos. Hasta que se complete esta revisi\u00f3n, mantenemos la decisi\u00f3n del jurado de premiar su proyecto &#8216;Protestas en Georgia&#8217;\u00a0y animamos a que vean este trabajo\u00bb.<\/p>\n<p>Por otro lado, se han premiado otras dos fotos. Una muestra a una ni\u00f1a traumatizada por la guerra, la otra a un soldado herido. Las obras son de la fot\u00f3grafa alemana Nanna Heitmann y de su colega Florian Bachmeier. Seg\u00fan el jurado, la combinaci\u00f3n de ambas fotograf\u00edas ofrece una \u00abvisi\u00f3n m\u00e1s profunda y matizada de un conflicto con consecuencias mundiales de gran alcance\u201d. <\/p>\n<p><span data-slot-id=\"Article_InContent-1\" class=\"rich-text-ad\"\/><\/p>\n<h2>\u00abEn alg\u00fan momento, solo quedan estereotipos\u00bb<\/h2>\n<p>La concesi\u00f3n del premio a la fotoartista Aliona Kardash, procedente de Siberia y residente en Alemania desde 2017, tambi\u00e9n ha sido criticada. Con su serie \u00abHuele a humo en casa\u201d, esta mujer de 34 a\u00f1os ofrece una observaci\u00f3n a largo plazo de su propia familia en el interior de Rusia, un retrato preciso y dist\u00f3pico de su patria. <\/p>\n<p>La serie se cre\u00f3 como reflexi\u00f3n personal sobre la invasi\u00f3n a Ucrania por parte su pa\u00eds, explica Aliona Kardash en entrevista a DW. El t\u00edtulo es, a la vez, un homenaje al dulce olor de las estufas de le\u00f1a en invierno y una se\u00f1al de advertencia, como decir &#8216;s\u00ed, algo est\u00e1 ardiendo en Rusia&#8217;. Kardash ve la fotograf\u00eda como una oportunidad. \u00abDe lo contrario, pierdes todo sentimiento por el pa\u00eds. Llega un momento en que s\u00f3lo quedan estereotipos\u00bb.<\/p>\n<p>(MN\/MS)<\/p>\n<\/p>\n<\/div>\n\n","protected":false},"excerpt":{"rendered":"<p>Cuando el 27 de marzo se public\u00f3 la lista de los primeros ganadores del World Press Photo Award 2025, se produjo una protesta. La raz\u00f3n principal fue que, entre los ganadores, se encontraba Mija\u00edl Tereshenko, uno de los reporteros m\u00e1s destacados de la agencia de noticias estatal rusa TASS. Tereshenko fotografi\u00f3 protestas masivas en Georgia &hellip;<\/p>\n","protected":false},"author":1,"featured_media":22103,"comment_status":"open","ping_status":"open","sticky":false,"template":"","format":"standard","meta":{"fifu_image_url":"https:\/\/static.dw.com\/image\/72165592_6.jpg","fifu_image_alt":"","footnotes":""},"categories":[13],"tags":[],"class_list":["post-22102","post","type-post","status-publish","format-standard","has-post-thumbnail","","category-mundo"],"_links":{"self":[{"href":"https:\/\/noticiasveraces.com\/index.php?rest_route=\/wp\/v2\/posts\/22102","targetHints":{"allow":["GET"]}}],"collection":[{"href":"https:\/\/noticiasveraces.com\/index.php?rest_route=\/wp\/v2\/posts"}],"about":[{"href":"https:\/\/noticiasveraces.com\/index.php?rest_route=\/wp\/v2\/types\/post"}],"author":[{"embeddable":true,"href":"https:\/\/noticiasveraces.com\/index.php?rest_route=\/wp\/v2\/users\/1"}],"replies":[{"embeddable":true,"href":"https:\/\/noticiasveraces.com\/index.php?rest_route=%2Fwp%2Fv2%2Fcomments&post=22102"}],"version-history":[{"count":0,"href":"https:\/\/noticiasveraces.com\/index.php?rest_route=\/wp\/v2\/posts\/22102\/revisions"}],"wp:featuredmedia":[{"embeddable":true,"href":"https:\/\/noticiasveraces.com\/index.php?rest_route=\/wp\/v2\/media\/22103"}],"wp:attachment":[{"href":"https:\/\/noticiasveraces.com\/index.php?rest_route=%2Fwp%2Fv2%2Fmedia&parent=22102"}],"wp:term":[{"taxonomy":"category","embeddable":true,"href":"https:\/\/noticiasveraces.com\/index.php?rest_route=%2Fwp%2Fv2%2Fcategories&post=22102"},{"taxonomy":"post_tag","embeddable":true,"href":"https:\/\/noticiasveraces.com\/index.php?rest_route=%2Fwp%2Fv2%2Ftags&post=22102"}],"curies":[{"name":"wp","href":"https:\/\/api.w.org\/{rel}","templated":true}]}}