{"id":22091,"date":"2025-04-08T13:53:41","date_gmt":"2025-04-08T17:53:41","guid":{"rendered":"https:\/\/noticiasveraces.com\/?p=22091"},"modified":"2025-04-08T13:53:41","modified_gmt":"2025-04-08T17:53:41","slug":"aspira-macron-a-liderar-una-nueva-europa-dw-08-04-2025","status":"publish","type":"post","link":"https:\/\/noticiasveraces.com\/?p=22091","title":{"rendered":"\u00bfAspira Macron a liderar una nueva Europa? \u2013 DW \u2013 08\/04\/2025"},"content":{"rendered":"<p> \n<\/p>\n<div>\n<p>Durante a\u00f1os, Alemania fue vista como el faro de Europa: ten\u00eda\u00a0poder pol\u00edtico y econ\u00f3mico, y una figura como Angela Merkel, reconocida tanto en el continente como a nivel internacional.<\/p>\n<p>Tras su retiro, el\u00a0Gobierno que sucedi\u00f3 a Merkel, relativamente inestable y\u00a0liderado por el socialdem\u00f3crata Olaf Scholz, as\u00ed como\u00a0la dif\u00edcil gesti\u00f3n de la crisis econ\u00f3mica provocada por la pandemia de COVID-19, hicieron que el brillo europeo de Alemania se desvaneciera.<\/p>\n<p>Al otro lado de la frontera, Emmanuel Macron \u2014quien tampoco est\u00e1 exento de batallas pol\u00edticas internas\u2014 ha emergido como el l\u00edder nacional m\u00e1s importante de Europa, en medio de los sobresaltos globales generados por la segunda administraci\u00f3n Trumpy su actitud hostil hacia los aliados europeos tradicionales.<\/p>\n<p><span data-slot-id=\"Article_InContent-1\" class=\"rich-text-ad\"\/><\/p>\n<h2>El nuevo rostro del liderazgo europeo<\/h2>\n<p>Alemania sigue sin un Gobierno formal, aunque se espera el regreso de una \u00abgran coalici\u00f3n\u00bb liderada por \u00a0Friedrich Merz y su uni\u00f3n democristiana\u00a0CDU\/CSU\u00a0con los socialdem\u00f3cratas como socios menores.<\/p>\n<p>Mientras estos partidos tradicionales se encuentran negociando los t\u00e9rminos de su alianza pol\u00edtica, la econom\u00eda m\u00e1s poderosa de Europa est\u00e1 bajo un Gobierno provisional, justo cuando Trump impone una nueva oleada de aranceles y contin\u00faa el conflicto entre Ucrania y Rusia.<\/p>\n<p>Macron, uno de los l\u00edderes m\u00e1s reconocibles a nivel mundial, ha elevado su perfil en medio de estas turbulencias, combinando su rol como presidente de Francia con el de embajador informal de Europa.<\/p>\n<p>\u00abTiene un mensaje europeo y est\u00e1 coordinado, pero al final sigue siendo el presidente de Francia\u201d, afirma Gesine Weber, investigadora del German Marshall Fund especializada en seguridad europea.\u00a0\u00abAmbos papeles est\u00e1n entrelazados, porque la mayor\u00eda de los intereses europeos tambi\u00e9n son intereses franceses, y viceversa.\u201d<\/p>\n<p>Con el debate sobre el aumento del gasto en defensa y propuestas para una defensa europea com\u00fan, Macron incluso ha sugerido ampliar el escudo nuclear franc\u00e9s, algo que incomoda a Mosc\u00fa.<\/p>\n<p>En otras \u00e1reas de pol\u00edtica exterior, Macron intenta promover los intereses europeos bajo una \u00f3ptica francesa.\u00a0\u00abEuropa se ha vuelto muy francesa en los \u00faltimos cinco a\u00f1os\u201d, se\u00f1ala Weber.<\/p>\n<p>Tras un inicio lento, Macron ha tomado el liderazgo en temas clave como la guerra en Ucrania y la respuesta europea a los nuevos aranceles de EE. UU. Su relaci\u00f3n previa con Donald Trump, desde el primer mandato del estadounidense, le otorga una posici\u00f3n \u00fanica para entablar di\u00e1logo.<\/p>\n<p>\u00abFue el primer jefe de Estado o de Gobierno europeo en lograr \u2014o restablecer\u2014 una relaci\u00f3n con Trump\u201d, a\u00f1ade Weber.<\/p>\n<figure class=\"placeholder-image master_landscape big\"><img data-format=\"MASTER_LANDSCAPE\" data-id=\"72060896\" data-url=\"https:\/\/static.dw.com\/image\/72060896_${formatId}.jpg\" data-aspect-ratio=\"16\/9\" alt=\"Los l\u00edderes europeos posan para una foto de grupo, con un foco que ilumina el rostro del presidente franc\u00e9s Emmanuel Macron.\" style=\"padding-bottom: 56.25%; height: 0; max-height: 0;\"\/><figcaption class=\"img-caption\">\u00abEuropa se ha vuelto muy francesa en los \u00faltimos cinco a\u00f1os\u00bb, \u00a0dice la experta Gesine Weber. <small class=\"copyright\">Imagen: Ludovic Marin\/Pool\/AFP\/Getty Images<\/small><\/figcaption><\/figure>\n<h2>El momento Macron se agota<\/h2>\n<p>Macron es un presidente en sus \u00faltimos a\u00f1os de mandato, ya que la Constituci\u00f3n francesa limita la presidencia a dos per\u00edodos consecutivos. Las pr\u00f3ximas elecciones est\u00e1n\u00a0previstas para 2027, por lo que solo le quedan\u00a0dos a\u00f1os para concretar su visi\u00f3n para Francia y Europa.<\/p>\n<p>Jacob Ross, investigador en Relaciones Franco-Alemanas del Consejo Alem\u00e1n de Relaciones Exteriores (DGAP), sostiene que Francia est\u00e1 bien posicionada para liderar Europa en este momento convulso.<\/p>\n<p>\u00abIntelectualmente, al menos, los franceses est\u00e1n en una excelente posici\u00f3n para asumir el liderazgo\u201d, afirma.\u00a0Ross destaca la postura tradicional francesa de pensar su papel \u2014y el de Europa\u2014 de manera aut\u00f3noma, sin depender del enfoque estadounidense.<\/p>\n<p>\u00abLo que s\u00ed es seguro es que la din\u00e1mica franco-alemana seguir\u00e1 siendo fuerte, al menos durante los pr\u00f3ximos dos a\u00f1os\u201d, se\u00f1ala Ross.\u00a0\u00abLos franceses saben que la postura proeuropea de Macron estar\u00e1 en riesgo despu\u00e9s de 2027, as\u00ed que intentar\u00e1n presionar a Alemania para avanzar en decisiones clave antes de que termine su mandato.\u201d<\/p>\n<p>(GG\/MS)<\/p>\n<\/div>\n\n","protected":false},"excerpt":{"rendered":"<p>Durante a\u00f1os, Alemania fue vista como el faro de Europa: ten\u00eda\u00a0poder pol\u00edtico y econ\u00f3mico, y una figura como Angela Merkel, reconocida tanto en el continente como a nivel internacional. Tras su retiro, el\u00a0Gobierno que sucedi\u00f3 a Merkel, relativamente inestable y\u00a0liderado por el socialdem\u00f3crata Olaf Scholz, as\u00ed como\u00a0la dif\u00edcil gesti\u00f3n de la crisis econ\u00f3mica provocada por &hellip;<\/p>\n","protected":false},"author":1,"featured_media":22092,"comment_status":"open","ping_status":"open","sticky":false,"template":"","format":"standard","meta":{"fifu_image_url":"https:\/\/static.dw.com\/image\/71667716_6.jpg","fifu_image_alt":"","footnotes":""},"categories":[13],"tags":[],"class_list":["post-22091","post","type-post","status-publish","format-standard","has-post-thumbnail","","category-mundo"],"_links":{"self":[{"href":"https:\/\/noticiasveraces.com\/index.php?rest_route=\/wp\/v2\/posts\/22091","targetHints":{"allow":["GET"]}}],"collection":[{"href":"https:\/\/noticiasveraces.com\/index.php?rest_route=\/wp\/v2\/posts"}],"about":[{"href":"https:\/\/noticiasveraces.com\/index.php?rest_route=\/wp\/v2\/types\/post"}],"author":[{"embeddable":true,"href":"https:\/\/noticiasveraces.com\/index.php?rest_route=\/wp\/v2\/users\/1"}],"replies":[{"embeddable":true,"href":"https:\/\/noticiasveraces.com\/index.php?rest_route=%2Fwp%2Fv2%2Fcomments&post=22091"}],"version-history":[{"count":0,"href":"https:\/\/noticiasveraces.com\/index.php?rest_route=\/wp\/v2\/posts\/22091\/revisions"}],"wp:featuredmedia":[{"embeddable":true,"href":"https:\/\/noticiasveraces.com\/index.php?rest_route=\/wp\/v2\/media\/22092"}],"wp:attachment":[{"href":"https:\/\/noticiasveraces.com\/index.php?rest_route=%2Fwp%2Fv2%2Fmedia&parent=22091"}],"wp:term":[{"taxonomy":"category","embeddable":true,"href":"https:\/\/noticiasveraces.com\/index.php?rest_route=%2Fwp%2Fv2%2Fcategories&post=22091"},{"taxonomy":"post_tag","embeddable":true,"href":"https:\/\/noticiasveraces.com\/index.php?rest_route=%2Fwp%2Fv2%2Ftags&post=22091"}],"curies":[{"name":"wp","href":"https:\/\/api.w.org\/{rel}","templated":true}]}}