{"id":22073,"date":"2025-04-08T12:50:17","date_gmt":"2025-04-08T16:50:17","guid":{"rendered":"https:\/\/noticiasveraces.com\/?p=22073"},"modified":"2025-04-08T12:50:17","modified_gmt":"2025-04-08T16:50:17","slug":"el-papa-francisco-sigue-su-convalecencia-en-santa-marta-dw-08-04-2025","status":"publish","type":"post","link":"https:\/\/noticiasveraces.com\/?p=22073","title":{"rendered":"El papa Francisco sigue su convalecencia en Santa Marta \u2013 DW \u2013 08\/04\/2025"},"content":{"rendered":"<p> \n<\/p>\n<div>\n<p>El papa Francisco contin\u00faa su convalecencia en su residencia en el Vaticano, en la\u00a0Casa Santa Marta, despu\u00e9s de la grave infecci\u00f3n respiratoria que le oblig\u00f3 a estar hospitalizado 38 d\u00edas, pero ya recibe visitas y ayer, lunes (7.04.2025) se reuni\u00f3 con al secretario de Estado, el cardenal Pietro Parolin.<\/p>\n<p>La situaci\u00f3n del papa, de 88 a\u00f1os, es estable, y contin\u00faa las leves mejoras tanto en la respiraci\u00f3n como en la voz \u00abc\u00f3mo se pudo ver este domingo\u00bb, inform\u00f3 este martes la oficina de prensa del Vaticano.<\/p>\n<p>Respecto al total aislamiento anterior, ha empezado poco a poco a tener algunos encuentros y recibi\u00f3 la visita este lunes de Parolin, quien ya le hab\u00eda visitado durante su hospitalizaci\u00f3n en dos ocasiones.<\/p>\n<p>Francisco reapareci\u00f3 este domingo tras la misa del Jubileo de los enfermos ante los fieles en la Plaza de San Pedro tras dos semanas de su salida del hospital e incluso salud\u00f3 algunos enfermos y fieles.<\/p>\n<figure class=\"placeholder-image master_landscape big\"><img data-format=\"MASTER_LANDSCAPE\" data-id=\"72158890\" data-url=\"https:\/\/static.dw.com\/image\/72158890_${formatId}.jpg\" data-aspect-ratio=\"16\/9\" alt=\"El papa Francisco, en silla de ruedas, en la Plaza de San Pedro.\" style=\"padding-bottom: 56.25%; height: 0; max-height: 0;\"\/><figcaption class=\"img-caption\">El papa Francisco en la Plaza de San Pedro, en su primera aparici\u00f3n p\u00fablica luego de abandonar el hospital. (6.04.2025).<small class=\"copyright\">Imagen: Andrew Medichini\/AP Photo\/Picture Alliance<\/small><\/figcaption><\/figure>\n<p>El papa apareci\u00f3 por sorpresa llevado en la silla de ruedas que ya usaba en el pasado por sus problemas de movilidad, recibiendo ox\u00edgeno a trav\u00e9s de unas c\u00e1nulas nasales y dese\u00f3 una buen domingo a los fieles.<\/p>\n<p>Tambi\u00e9n se inform\u00f3 que atraves\u00f3 la Puerta Santa de la bas\u00edlica abierta en ocasi\u00f3n del Jubileo.<\/p>\n<p>A pesar de su aparici\u00f3n este domingo, la oficina de prensa del Vaticano afirm\u00f3 que respecto a los pr\u00f3ximos eventos y los ritos de la Semana Santa no hay nada previsto.<\/p>\n<p>Se evaluar\u00e1 \u00abmomento por momento\u00bb, por lo que no se excluyen \u00absorpresas\u00bb como la del domingo, explic\u00f3 la fuente.<\/p>\n<p>Las jornadas del papa contin\u00faan con la fisioterapia respiratoria y motora y el tratamiento farmacol\u00f3gico, as\u00ed como sigue trabajando y esta en contacto con los dicasterios de los que recibe la documentaci\u00f3n, as\u00ed como ha continuado con sus llamadas a la parroquia cat\u00f3lica en Gaza.<\/p>\n<p>CP (Efe, Vatican News)<\/p>\n<\/div>\n\n","protected":false},"excerpt":{"rendered":"<p>El papa Francisco contin\u00faa su convalecencia en su residencia en el Vaticano, en la\u00a0Casa Santa Marta, despu\u00e9s de la grave infecci\u00f3n respiratoria que le oblig\u00f3 a estar hospitalizado 38 d\u00edas, pero ya recibe visitas y ayer, lunes (7.04.2025) se reuni\u00f3 con al secretario de Estado, el cardenal Pietro Parolin. La situaci\u00f3n del papa, de 88 &hellip;<\/p>\n","protected":false},"author":1,"featured_media":22074,"comment_status":"open","ping_status":"open","sticky":false,"template":"","format":"standard","meta":{"fifu_image_url":"https:\/\/static.dw.com\/image\/72158910_6.jpg","fifu_image_alt":"","footnotes":""},"categories":[13],"tags":[],"class_list":["post-22073","post","type-post","status-publish","format-standard","has-post-thumbnail","","category-mundo"],"_links":{"self":[{"href":"https:\/\/noticiasveraces.com\/index.php?rest_route=\/wp\/v2\/posts\/22073","targetHints":{"allow":["GET"]}}],"collection":[{"href":"https:\/\/noticiasveraces.com\/index.php?rest_route=\/wp\/v2\/posts"}],"about":[{"href":"https:\/\/noticiasveraces.com\/index.php?rest_route=\/wp\/v2\/types\/post"}],"author":[{"embeddable":true,"href":"https:\/\/noticiasveraces.com\/index.php?rest_route=\/wp\/v2\/users\/1"}],"replies":[{"embeddable":true,"href":"https:\/\/noticiasveraces.com\/index.php?rest_route=%2Fwp%2Fv2%2Fcomments&post=22073"}],"version-history":[{"count":0,"href":"https:\/\/noticiasveraces.com\/index.php?rest_route=\/wp\/v2\/posts\/22073\/revisions"}],"wp:featuredmedia":[{"embeddable":true,"href":"https:\/\/noticiasveraces.com\/index.php?rest_route=\/wp\/v2\/media\/22074"}],"wp:attachment":[{"href":"https:\/\/noticiasveraces.com\/index.php?rest_route=%2Fwp%2Fv2%2Fmedia&parent=22073"}],"wp:term":[{"taxonomy":"category","embeddable":true,"href":"https:\/\/noticiasveraces.com\/index.php?rest_route=%2Fwp%2Fv2%2Fcategories&post=22073"},{"taxonomy":"post_tag","embeddable":true,"href":"https:\/\/noticiasveraces.com\/index.php?rest_route=%2Fwp%2Fv2%2Ftags&post=22073"}],"curies":[{"name":"wp","href":"https:\/\/api.w.org\/{rel}","templated":true}]}}