{"id":22069,"date":"2025-04-08T11:49:26","date_gmt":"2025-04-08T15:49:26","guid":{"rendered":"https:\/\/noticiasveraces.com\/?p=22069"},"modified":"2025-04-08T11:49:26","modified_gmt":"2025-04-08T15:49:26","slug":"ucrania-afirma-capturar-a-2-ciudadanos-chinos-que-luchan-por-rusia","status":"publish","type":"post","link":"https:\/\/noticiasveraces.com\/?p=22069","title":{"rendered":"Ucrania afirma capturar a 2 ciudadanos chinos que luchan por Rusia"},"content":{"rendered":"<p> \n<\/p>\n<div>\n<p class=\"speakable\">El presidente ucraniano, Volodymyr Zelenskyy, afirma que sus fuerzas capturaron a dos nacionales chinos que luchan en Ucrania esta semana.<\/p>\n<p class=\"speakable\">Zelenskyy hizo el anuncio con un video en Telegram, mostrando im\u00e1genes de un prisionero de guerra claramente preocupado.<\/p>\n<p>\u00abNuestro ej\u00e9rcito captur\u00f3 a dos ciudadanos chinos que lucharon en el ej\u00e9rcito ruso\u00bb, dice Zelenskyy en el video. \u00abEsto sucedi\u00f3 en el territorio de Ucrania, en la regi\u00f3n de Donetsk\u00bb.<\/p>\n<p>\u00abHay documentos de estos prisioneros, tarjetas bancarias, datos personales. Tenemos informaci\u00f3n de que hay significativamente m\u00e1s ciudadanos chinos en las unidades del ocupante que dos\u00bb, agreg\u00f3.<\/p>\n<p><strong><u>Estados Unidos sabr\u00e1 en &#8216;cuesti\u00f3n de semanas&#8217; si Rusia se toma en serio la paz o el uso de &#8216;t\u00e1ctica de retraso&#8217;: Rubio<\/u><\/strong><\/p>\n<div class=\"image-ct inline\">\n<div class=\"m\"><picture><source media=\"(max-width: 767px)\" srcset=\"https:\/\/a57.foxnews.com\/static.foxnews.com\/foxnews.com\/content\/uploads\/2023\/12\/343\/192\/Zelenskyy.jpg?ve=1&amp;tl=1, https:\/\/a57.foxnews.com\/static.foxnews.com\/foxnews.com\/content\/uploads\/2023\/12\/686\/384\/Zelenskyy.jpg?ve=1&amp;tl=1 2x\" height=\"192\" width=\"343\"><source media=\"(min-width: 768px) and (max-width: 1023px)\" srcset=\"https:\/\/a57.foxnews.com\/static.foxnews.com\/foxnews.com\/content\/uploads\/2023\/12\/672\/378\/Zelenskyy.jpg?ve=1&amp;tl=1, https:\/\/a57.foxnews.com\/static.foxnews.com\/foxnews.com\/content\/uploads\/2023\/12\/1344\/756\/Zelenskyy.jpg?ve=1&amp;tl=1 2x\" height=\"378\" width=\"672\"><source media=\"(min-width: 1024px) and (max-width: 1279px)\" srcset=\"https:\/\/a57.foxnews.com\/static.foxnews.com\/foxnews.com\/content\/uploads\/2023\/12\/931\/523\/Zelenskyy.jpg?ve=1&amp;tl=1, https:\/\/a57.foxnews.com\/static.foxnews.com\/foxnews.com\/content\/uploads\/2023\/12\/1862\/1046\/Zelenskyy.jpg?ve=1&amp;tl=1 2x\" height=\"523\" width=\"931\"><source media=\"(min-width: 1280px)\" srcset=\"https:\/\/a57.foxnews.com\/static.foxnews.com\/foxnews.com\/content\/uploads\/2023\/12\/720\/405\/Zelenskyy.jpg?ve=1&amp;tl=1, https:\/\/a57.foxnews.com\/static.foxnews.com\/foxnews.com\/content\/uploads\/2023\/12\/1440\/810\/Zelenskyy.jpg?ve=1&amp;tl=1 2x\" height=\"405\" width=\"720\"><img loading=\"lazy\" decoding=\"async\" src=\"https:\/\/a57.foxnews.com\/static.foxnews.com\/foxnews.com\/content\/uploads\/2023\/12\/1200\/675\/Zelenskyy.jpg?ve=1&amp;tl=1\" alt=\"Presidente ucraniano Volodymyr Zelenskyy\" width=\"1200\" height=\"675\"\/><\/source><\/source><\/source><\/source><\/picture><\/div>\n<div class=\"info\">\n<div class=\"caption\">\n<p><span>El presidente ucraniano, Volodymyr Zelenskyy, dice que sus fuerzas capturaron a dos ciudadanos chinos que hab\u00edan estado luchando junto a las fuerzas rusas en Ucrania.<\/span> <span>(Foto\/Felipe Dana)<\/span><\/p>\n<\/div>\n<\/div>\n<\/div>\n<p>\u00abActualmente estamos aclarando todos los hechos\u00bb, continu\u00f3. \u00abLa inteligencia, la SBU y las unidades relevantes de las Fuerzas Armadas est\u00e1n trabajando. He instruido al Ministro de Asuntos Exteriores de Ucrania para que se comuniquen de inmediato con Beijing y descubra c\u00f3mo China va a reaccionar ante esto\u00bb.<\/p>\n<p><strong><u>El enviado especial designado de Trump para Ucrania y Rusia establece un horario m\u00e1s largo que las &#8217;24 horas &#8216;para poner fin a la guerra<\/u><\/strong><\/p>\n<p>\u00abLa participaci\u00f3n de Rusia, directa o indirectamente, en esta guerra en Europa es una clara se\u00f1al de que Putin va a hacer cualquier cosa, excepto que termine la guerra. Est\u00e1 buscando una manera de continuar luchando. Esto requiere una reacci\u00f3n de Estados Unidos, Europa y todos en el mundo que quieren la paz\u00bb.<\/p>\n<div class=\"image-ct inline\">\n<div class=\"m\"><picture><source media=\"(max-width: 767px)\" srcset=\"https:\/\/a57.foxnews.com\/static.foxnews.com\/foxnews.com\/content\/uploads\/2025\/03\/343\/192\/ukraine-war.png?ve=1&amp;tl=1, https:\/\/a57.foxnews.com\/static.foxnews.com\/foxnews.com\/content\/uploads\/2025\/03\/686\/384\/ukraine-war.png?ve=1&amp;tl=1 2x\" height=\"192\" width=\"343\"><source media=\"(min-width: 768px) and (max-width: 1023px)\" srcset=\"https:\/\/a57.foxnews.com\/static.foxnews.com\/foxnews.com\/content\/uploads\/2025\/03\/672\/378\/ukraine-war.png?ve=1&amp;tl=1, https:\/\/a57.foxnews.com\/static.foxnews.com\/foxnews.com\/content\/uploads\/2025\/03\/1344\/756\/ukraine-war.png?ve=1&amp;tl=1 2x\" height=\"378\" width=\"672\"><source media=\"(min-width: 1024px) and (max-width: 1279px)\" srcset=\"https:\/\/a57.foxnews.com\/static.foxnews.com\/foxnews.com\/content\/uploads\/2025\/03\/931\/523\/ukraine-war.png?ve=1&amp;tl=1, https:\/\/a57.foxnews.com\/static.foxnews.com\/foxnews.com\/content\/uploads\/2025\/03\/1862\/1046\/ukraine-war.png?ve=1&amp;tl=1 2x\" height=\"523\" width=\"931\"><source media=\"(min-width: 1280px)\" srcset=\"https:\/\/a57.foxnews.com\/static.foxnews.com\/foxnews.com\/content\/uploads\/2025\/03\/720\/405\/ukraine-war.png?ve=1&amp;tl=1, https:\/\/a57.foxnews.com\/static.foxnews.com\/foxnews.com\/content\/uploads\/2025\/03\/1440\/810\/ukraine-war.png?ve=1&amp;tl=1 2x\" height=\"405\" width=\"720\"><img loading=\"lazy\" decoding=\"async\" src=\"https:\/\/a57.foxnews.com\/static.foxnews.com\/foxnews.com\/content\/uploads\/2025\/03\/1200\/675\/ukraine-war.png?ve=1&amp;tl=1\" alt=\"Soldado ucraniano en artiller\u00eda DS3\" width=\"1200\" height=\"675\"\/><\/source><\/source><\/source><\/source><\/picture><\/div>\n<div class=\"info\">\n<div class=\"caption\">\n<p><span>Un soldado ucraniano sale de la caba\u00f1a de la artiller\u00eda DS3 en direcci\u00f3n a Niu York, Ucrania, el 5 de marzo de 2025.<\/span> <span>(Diego Herrera Carcedo\/Anadolu via Getty Images)<\/span><\/p>\n<\/div>\n<\/div>\n<\/div>\n<p>El incidente se produce despu\u00e9s de que las fuerzas ucranianas capturaron a dos soldados norcoreanos que luchan junto a Rusia en enero.<\/p>\n<p>Servicio Nacional de Inteligencia de Corea del Sur (NIS) <u>Le dijo a la AFP<\/u> Ha \u00abconfirmado que el ej\u00e9rcito ucraniano captur\u00f3 a dos soldados norcoreanos el 9 de enero en el campo de batalla de Kursk en Rusia\u00bb.<\/p>\n<div class=\"image-ct inline\">\n<div class=\"m\"><picture><source media=\"(max-width: 767px)\" srcset=\"https:\/\/a57.foxnews.com\/static.foxnews.com\/foxnews.com\/content\/uploads\/2025\/01\/343\/192\/noko-prisoner-in-ukraine-2.jpg?ve=1&amp;tl=1, https:\/\/a57.foxnews.com\/static.foxnews.com\/foxnews.com\/content\/uploads\/2025\/01\/686\/384\/noko-prisoner-in-ukraine-2.jpg?ve=1&amp;tl=1 2x\" height=\"192\" width=\"343\"><source media=\"(min-width: 768px) and (max-width: 1023px)\" srcset=\"https:\/\/a57.foxnews.com\/static.foxnews.com\/foxnews.com\/content\/uploads\/2025\/01\/672\/378\/noko-prisoner-in-ukraine-2.jpg?ve=1&amp;tl=1, https:\/\/a57.foxnews.com\/static.foxnews.com\/foxnews.com\/content\/uploads\/2025\/01\/1344\/756\/noko-prisoner-in-ukraine-2.jpg?ve=1&amp;tl=1 2x\" height=\"378\" width=\"672\"><source media=\"(min-width: 1024px) and (max-width: 1279px)\" srcset=\"https:\/\/a57.foxnews.com\/static.foxnews.com\/foxnews.com\/content\/uploads\/2025\/01\/931\/523\/noko-prisoner-in-ukraine-2.jpg?ve=1&amp;tl=1, https:\/\/a57.foxnews.com\/static.foxnews.com\/foxnews.com\/content\/uploads\/2025\/01\/1862\/1046\/noko-prisoner-in-ukraine-2.jpg?ve=1&amp;tl=1 2x\" height=\"523\" width=\"931\"><source media=\"(min-width: 1280px)\" srcset=\"https:\/\/a57.foxnews.com\/static.foxnews.com\/foxnews.com\/content\/uploads\/2025\/01\/720\/405\/noko-prisoner-in-ukraine-2.jpg?ve=1&amp;tl=1, https:\/\/a57.foxnews.com\/static.foxnews.com\/foxnews.com\/content\/uploads\/2025\/01\/1440\/810\/noko-prisoner-in-ukraine-2.jpg?ve=1&amp;tl=1 2x\" height=\"405\" width=\"720\"><img loading=\"lazy\" decoding=\"async\" src=\"https:\/\/a57.foxnews.com\/static.foxnews.com\/foxnews.com\/content\/uploads\/2025\/01\/1200\/675\/noko-prisoner-in-ukraine-2.jpg?ve=1&amp;tl=1\" alt=\"Soldado norcoreano sentado en la cama\" width=\"1200\" height=\"675\"\/><\/source><\/source><\/source><\/source><\/picture><\/div>\n<div class=\"info\">\n<div class=\"caption\">\n<p><span>En esta foto no verificada compartida por el ej\u00e9rcito ucraniano, un soldado capturado que se cree que es norcoreano es visto sentado en una cama dentro de una celda.<\/span> <span>(Ucrania Military Follet)<\/span><\/p>\n<\/div>\n<\/div>\n<\/div>\n<p><strong><u>Haga clic aqu\u00ed para obtener la aplicaci\u00f3n Fox News<\/u><\/strong><\/p>\n<p>El ej\u00e9rcito de Ucrania dice que los soldados norcoreanos est\u00e1n equipados con uniformes militares rusos y llevan identificaciones militares falsas en sus bolsillos, un esquema que Andrii Yusov, portavoz de la agencia de inteligencia militar de Ucrania, dice que podr\u00eda significar Mosc\u00fa y \u00absus representantes en la ONU pueden negar los hechos\u00bb.<\/p>\n<p> <!----> <!----><\/div>\n\n","protected":false},"excerpt":{"rendered":"<p>El presidente ucraniano, Volodymyr Zelenskyy, afirma que sus fuerzas capturaron a dos nacionales chinos que luchan en Ucrania esta semana. Zelenskyy hizo el anuncio con un video en Telegram, mostrando im\u00e1genes de un prisionero de guerra claramente preocupado. \u00abNuestro ej\u00e9rcito captur\u00f3 a dos ciudadanos chinos que lucharon en el ej\u00e9rcito ruso\u00bb, dice Zelenskyy en el &hellip;<\/p>\n","protected":false},"author":1,"featured_media":22071,"comment_status":"open","ping_status":"open","sticky":false,"template":"","format":"standard","meta":{"fifu_image_url":"https:\/\/static.foxnews.com\/foxnews.com\/content\/uploads\/2023\/12\/Zelenskyy.jpg","fifu_image_alt":"","footnotes":""},"categories":[13],"tags":[],"class_list":["post-22069","post","type-post","status-publish","format-standard","has-post-thumbnail","","category-mundo"],"_links":{"self":[{"href":"https:\/\/noticiasveraces.com\/index.php?rest_route=\/wp\/v2\/posts\/22069","targetHints":{"allow":["GET"]}}],"collection":[{"href":"https:\/\/noticiasveraces.com\/index.php?rest_route=\/wp\/v2\/posts"}],"about":[{"href":"https:\/\/noticiasveraces.com\/index.php?rest_route=\/wp\/v2\/types\/post"}],"author":[{"embeddable":true,"href":"https:\/\/noticiasveraces.com\/index.php?rest_route=\/wp\/v2\/users\/1"}],"replies":[{"embeddable":true,"href":"https:\/\/noticiasveraces.com\/index.php?rest_route=%2Fwp%2Fv2%2Fcomments&post=22069"}],"version-history":[{"count":0,"href":"https:\/\/noticiasveraces.com\/index.php?rest_route=\/wp\/v2\/posts\/22069\/revisions"}],"wp:featuredmedia":[{"embeddable":true,"href":"https:\/\/noticiasveraces.com\/index.php?rest_route=\/wp\/v2\/media\/22071"}],"wp:attachment":[{"href":"https:\/\/noticiasveraces.com\/index.php?rest_route=%2Fwp%2Fv2%2Fmedia&parent=22069"}],"wp:term":[{"taxonomy":"category","embeddable":true,"href":"https:\/\/noticiasveraces.com\/index.php?rest_route=%2Fwp%2Fv2%2Fcategories&post=22069"},{"taxonomy":"post_tag","embeddable":true,"href":"https:\/\/noticiasveraces.com\/index.php?rest_route=%2Fwp%2Fv2%2Ftags&post=22069"}],"curies":[{"name":"wp","href":"https:\/\/api.w.org\/{rel}","templated":true}]}}