{"id":22067,"date":"2025-04-08T10:48:08","date_gmt":"2025-04-08T14:48:08","guid":{"rendered":"https:\/\/noticiasveraces.com\/?p=22067"},"modified":"2025-04-08T10:48:08","modified_gmt":"2025-04-08T14:48:08","slug":"bruselas-presentaria-la-semana-proxima-respuesta-a-aranceles-dw-08-04-2025","status":"publish","type":"post","link":"https:\/\/noticiasveraces.com\/?p=22067","title":{"rendered":"Bruselas presentar\u00eda la semana pr\u00f3xima respuesta a aranceles \u2013 DW \u2013 08\/04\/2025"},"content":{"rendered":"<p> \n<\/p>\n<div>\n<p>La Comisi\u00f3n Europea (CE) adelant\u00f3 este martes (8.04.2025) que la pr\u00f3xima semana tiene previsto presentar su plan de respuesta a los aranceles\u00a0que Estados Unidos denomina \u00abrec\u00edprocos\u00bb y tambi\u00e9n a los que ha establecido Washington\u00a0para los veh\u00edculos.<\/p>\n<p>\u00abTambi\u00e9n a principios de la pr\u00f3xima semana, como la segunda fase de nuestra respuesta a los aranceles de Estados Unidos, esta vez sobre los coches y los rec\u00edprocos, b\u00e1sicamente presentaremos nuestro plan del mismo modo que hicimos con el acero y el aluminio\u00bb, declar\u00f3 el portavoz de la CE Olof Gill durante la rueda de prensa diaria de la instituci\u00f3n.<\/p>\n<p>En ese sentido, indic\u00f3 que la Comisi\u00f3n Europea explicar\u00e1 \u00abcu\u00e1l es la hoja de ruta\u00bb.<\/p>\n<p>\u00abDespu\u00e9s consultamos con los Estados miembros, consultamos con la industria, antes de presentar las medidas finales que despu\u00e9s propondremos a los Estados miembros que voten\u00bb, coment\u00f3.<\/p>\n<p>Tambi\u00e9n record\u00f3 que los Estados miembros votar\u00e1n ma\u00f1ana las contramedidas que el Ejecutivo comunitario ha propuesto para responder a los aranceles que Washington ha impuesto al acero y al aluminio.<\/p>\n<p>Precis\u00f3 que si este pr\u00f3ximo mi\u00e9rcoles los pa\u00edses de la UE dan el mandato a la Comisi\u00f3n de avanzar con esas medidas de respuesta a los grav\u00e1menes al acero y el aluminio, espera que se apliquen a principios de la pr\u00f3xima semana.<\/p>\n<p>Gill recalc\u00f3 este martes que la CE est\u00e1 esperando a que Estados Unidos se implique \u00abde una manera significativa\u00bb en la negociaci\u00f3n sobre los aranceles que ha impuesto Washington, y asegur\u00f3 que la respuesta de Bruselas a los grav\u00e1menes es \u00abgradual, calmada, calibrada y espec\u00edfica\u00bb.<\/p>\n<p>\u00abEstamos esperando a nuestros hom\u00f3logos estadounidenses para que se impliquen de manera significativa\u00bb, declar\u00f3 el portavoz.<\/p>\n<p>Insisti\u00f3 en que la CE quiere negociar con Estados Unidos para evitar los aranceles.<\/p>\n<p>\u00abEstamos intentando evitar los aranceles, no provocamos la situaci\u00f3n, estamos intentando arreglarla, as\u00ed que hemos preparado nuestra respuesta en primera instancia a los aranceles de Estados Unidos sobre el acero y el aluminio. Esa respuesta la votan los Estados miembros ma\u00f1ana y entrar\u00e1 en vigor la pr\u00f3xima semana si nos dan un mandato para aplicarla\u00bb, coment\u00f3.<\/p>\n<p>\u00abDespu\u00e9s miraremos a nuestra respuesta en relaci\u00f3n con los aranceles estadounidenses a las importaciones de coches y los denominados aranceles rec\u00edprocos. As\u00ed que nuestra respuesta es gradual, calmada, calibrada y espec\u00edfica\u00bb, agreg\u00f3. <\/p>\n<p>CP (EFE, AFP)<\/p>\n<\/div>\n\n","protected":false},"excerpt":{"rendered":"<p>La Comisi\u00f3n Europea (CE) adelant\u00f3 este martes (8.04.2025) que la pr\u00f3xima semana tiene previsto presentar su plan de respuesta a los aranceles\u00a0que Estados Unidos denomina \u00abrec\u00edprocos\u00bb y tambi\u00e9n a los que ha establecido Washington\u00a0para los veh\u00edculos. \u00abTambi\u00e9n a principios de la pr\u00f3xima semana, como la segunda fase de nuestra respuesta a los aranceles de Estados &hellip;<\/p>\n","protected":false},"author":1,"featured_media":22068,"comment_status":"open","ping_status":"open","sticky":false,"template":"","format":"standard","meta":{"fifu_image_url":"https:\/\/static.dw.com\/image\/72165846_6.jpg","fifu_image_alt":"","footnotes":""},"categories":[13],"tags":[],"class_list":["post-22067","post","type-post","status-publish","format-standard","has-post-thumbnail","","category-mundo"],"_links":{"self":[{"href":"https:\/\/noticiasveraces.com\/index.php?rest_route=\/wp\/v2\/posts\/22067","targetHints":{"allow":["GET"]}}],"collection":[{"href":"https:\/\/noticiasveraces.com\/index.php?rest_route=\/wp\/v2\/posts"}],"about":[{"href":"https:\/\/noticiasveraces.com\/index.php?rest_route=\/wp\/v2\/types\/post"}],"author":[{"embeddable":true,"href":"https:\/\/noticiasveraces.com\/index.php?rest_route=\/wp\/v2\/users\/1"}],"replies":[{"embeddable":true,"href":"https:\/\/noticiasveraces.com\/index.php?rest_route=%2Fwp%2Fv2%2Fcomments&post=22067"}],"version-history":[{"count":0,"href":"https:\/\/noticiasveraces.com\/index.php?rest_route=\/wp\/v2\/posts\/22067\/revisions"}],"wp:featuredmedia":[{"embeddable":true,"href":"https:\/\/noticiasveraces.com\/index.php?rest_route=\/wp\/v2\/media\/22068"}],"wp:attachment":[{"href":"https:\/\/noticiasveraces.com\/index.php?rest_route=%2Fwp%2Fv2%2Fmedia&parent=22067"}],"wp:term":[{"taxonomy":"category","embeddable":true,"href":"https:\/\/noticiasveraces.com\/index.php?rest_route=%2Fwp%2Fv2%2Fcategories&post=22067"},{"taxonomy":"post_tag","embeddable":true,"href":"https:\/\/noticiasveraces.com\/index.php?rest_route=%2Fwp%2Fv2%2Ftags&post=22067"}],"curies":[{"name":"wp","href":"https:\/\/api.w.org\/{rel}","templated":true}]}}