{"id":22065,"date":"2025-04-08T09:45:13","date_gmt":"2025-04-08T13:45:13","guid":{"rendered":"https:\/\/noticiasveraces.com\/?p=22065"},"modified":"2025-04-08T09:45:13","modified_gmt":"2025-04-08T13:45:13","slug":"el-impacto-en-paises-andinos-dw-08-04-2025","status":"publish","type":"post","link":"https:\/\/noticiasveraces.com\/?p=22065","title":{"rendered":"el impacto en pa\u00edses andinos \u2013 DW \u2013 08\/04\/2025"},"content":{"rendered":"<p> \n<\/p>\n<div>\n<p>\u00abEl acuerdo comercial entre la Uni\u00f3n Europea\u00a0y los pa\u00edses andinos lleva ya el suficiente tiempo en vigor como para evaluar sus impactos\u201d, dice a DW Alesssa Hartmann, investigadora de la organizaci\u00f3n alemana PowerShift<svg xmlns=\"http:\/\/www.w3.org\/2000\/svg\" width=\"20\" height=\"20\" viewbox=\"0 0 20 20\"><path d=\"M11.5 3.5 11.5 4.233C14.342 4.233 15.167 4.245 15.167 4.258L8.984 10.467 10.033 11.516C14.826 6.725 16.228 5.333 16.242 5.333L16.267 9 17.733 9 17.733 2.767 11.5 2.767 11.5 3.5M2.267 11 2.267 17.233 16.733 17.233 16.733 12 15.267 12 15.25 15.75 9.5 15.75 3.75 15.75 3.75 6.25 9.5 6.233 9.5 4.767 2.267 4.767 2.267 11 \"\/><\/svg>.  <\/p>\n<p>En un estudio sobre su\u00a0impacto ambiental, del que Hartmann es coautora,\u00a0se recuerda una de sus ideas de base:\u00a0incrementar el comercio y el crecimiento econ\u00f3mico subiendo el list\u00f3n de est\u00e1ndares ambientales y sociales. Esa era la idea.<\/p>\n<p>Una d\u00e9cada despu\u00e9s\u00a0de que entrara el vigor el acuerdo Uni\u00f3n Europea-Colombia-Per\u00fa (2013), y luego tambi\u00e9n Ecuador (2017), es posible enfrentar el papel a la realidad. Y, si bien ciertas exportaciones de los pa\u00edses andinos hacia Europa han sido estelares -carb\u00f3n, oro, cobre, aceite de palma, aguacate y bananos encabezan la lista-, el impacto en las reservas de agua para uso local, en la deforestaci\u00f3n, en el acaparamiento de tierras y en el uso de pesticidas no deja el balance de sostenibilidad que se avizoraba.<\/p>\n<p>Antes de entrar en detalles, \u00bfpor qu\u00e9 este estudio, que cuestiona un acuerdo\u00a0justo en plena guerra arancelaria, cuando los frenos a los flujos comerciales amenazan con hacer mucho da\u00f1o?<\/p>\n<p>\u00abPrecisamente porque, en este momento, la UE est\u00e1 presionando por los acuerdos con los pa\u00edses del Mercosur y por la modernizaci\u00f3n\u00a0 del acuerdo con M\u00e9xico, nos parece importante mostrar las paralelas y las advertencias que pueden salir del tratado con los pa\u00edses andinos. Hay que decir que, si ciertas <em>productos b\u00e1sicos<\/em> da\u00f1inas para el medio ambiente tienen cuotas en ese tratado, en el del Mercosur, productos de alto impacto ambiental como la soja no tienen ninguna restricci\u00f3n\u201d, explica Alessa Hartmann. <\/p>\n<p>Que los productos de los pa\u00edses andinos est\u00e1n m\u00e1s presentes en el mercado europeo es f\u00e1cil de comprobar: basta una mirada a las grandes superficies para detectar aguacates, camarones y bananos de esos pa\u00edses a precios que sirven de anzuelo para el consumidor europeo.<\/p>\n<p>\u00abEl precio que se paga aqu\u00ed por esos productos no tiene nada que ver con su costo ambiental y social en los pa\u00edses productores\u201d, apunta al respecto Alessa Hartmann. Dejando de lado la pol\u00e9mica de lo imprescindible que, seg\u00fan toda versi\u00f3n oficial, son los metales para la transici\u00f3n energ\u00e9tica, \u00bfcu\u00e1n imprescindibles son el aguacate y el camar\u00f3n para la dieta europea? \u00abEfectivamente, son art\u00edculos prescindibles, m\u00e1s a\u00fan teniendo en cuenta el precio que el medio ambiente paga por ellos en los pa\u00edses productores\u201d, subraya la especialista de PowerShift.<\/p>\n<p><span data-slot-id=\"Article_InContent-1\" class=\"rich-text-ad\"\/><\/p>\n<h2>Para muestra, el camar\u00f3n<\/h2>\n<p>\u00abAntes del tratado de libre comercio, los camarones de Ecuador se beneficiaban de un acceso preferencial al mercado europeo\u201d, se afirma en el estudio<svg xmlns=\"http:\/\/www.w3.org\/2000\/svg\" width=\"20\" height=\"20\" viewbox=\"0 0 20 20\"><path d=\"M11.5 3.5 11.5 4.233C14.342 4.233 15.167 4.245 15.167 4.258L8.984 10.467 10.033 11.516C14.826 6.725 16.228 5.333 16.242 5.333L16.267 9 17.733 9 17.733 2.767 11.5 2.767 11.5 3.5M2.267 11 2.267 17.233 16.733 17.233 16.733 12 15.267 12 15.25 15.75 9.5 15.75 3.75 15.75 3.75 6.25 9.5 6.233 9.5 4.767 2.267 4.767 2.267 11 \"\/><\/svg>. La eliminaci\u00f3n de las cuotas a partir del 2017 ha llevado a un incremento de su importaci\u00f3n de 92 mil toneladas (2017) a 181 mil toneladas (2024).<\/p>\n<p>Cabe recordar que, para 2020, la Coordinaci\u00f3n Nacional para la Defensa de los Manglares ya hablaba de una p\u00e9rdida del 70 por ciento\u00a0de los manglares del litoral del pa\u00eds por causa de la industria camaronera, que produc\u00eda en ese h\u00e1bitat de agua salada.<\/p>\n<p>\u00abDesde el 2010, ha habido un incremento acelerado de la producci\u00f3n de camar\u00f3n para la exportaci\u00f3n. Pero la verdadera fiebre se desat\u00f3 hace siete a\u00f1os con el acuerdo comercial con la UE\u201d, cuenta a DW, desde Ecuador, un defensor del derecho a la soberan\u00eda alimentaria, que prefiere mantenerse en el anonimato.<\/p>\n<p>\u00abLa siembra y el cultivo del camar\u00f3n se hac\u00edan, efectivamente, talando manglares en los m\u00e1rgenes del mar. Ahora se hace en tierras altas que, tradicionalmente, producen arroz y que, por nuestra Constituci\u00f3n, deber\u00edan estar protegidas y destinadas a la soberan\u00eda alimentaria. Por otro lado, las aguas del drenado de las piscinas de acuicultura, con alto contenido qu\u00edmico y agrot\u00f3xico, afecta corriente abajo a los cultivos campesinos, a su agua, a sus animales\u201d, dice el especialista local. Un vistazo a la web de FIAN (Food First International Action Network), organizaci\u00f3n asesora de Naciones Unidas, da una idea de los conflictos actuales.<\/p>\n<h2>\u00bfRelaci\u00f3n entre el aguacate y los minerales? <\/h2>\n<p>\u00abAprovechando la narrativa de la transici\u00f3n verde y energ\u00e9tica, y de la necesidad de sustituir exportaciones f\u00f3siles, desde el 2018 comenzaron a llegar las empresas de aguacates a Colombia\u201d, dice a DW Christian Torres, coordinador del \u00e1rea del conflictos mineros de Censat\u00a0Agua Viva<svg xmlns=\"http:\/\/www.w3.org\/2000\/svg\" width=\"20\" height=\"20\" viewbox=\"0 0 20 20\"><path d=\"M11.5 3.5 11.5 4.233C14.342 4.233 15.167 4.245 15.167 4.258L8.984 10.467 10.033 11.516C14.826 6.725 16.228 5.333 16.242 5.333L16.267 9 17.733 9 17.733 2.767 11.5 2.767 11.5 3.5M2.267 11 2.267 17.233 16.733 17.233 16.733 12 15.267 12 15.25 15.75 9.5 15.75 3.75 15.75 3.75 6.25 9.5 6.233 9.5 4.767 2.267 4.767 2.267 11 \"\/><\/svg>  de Colombia.<\/p>\n<blockquote class=\"tweet embed\" data-id=\"1882440747288559740\"\/>\n<p>Esta declaraci\u00f3n coincide con los datos del estudio de Powershift: entre el 2018 y el 2022, en Quind\u00edo, la mayor regi\u00f3n aguacatera de Colombia, la producci\u00f3n creci\u00f3 en un\u00a039 por ciento. El problema es que no se trata del cultivo tradicional, sino del monocultivo de una clase espec\u00edfica de aguacate para la exportaci\u00f3n, el aguacate Hass,\u00a0que desplaza otras variedades, que concentra el agua y que requiere inusitadas cantidades de pesticidas.<\/p>\n<p> El especialista de Censat\u00a0Agua Viva va un paso m\u00e1s all\u00e1 y combina la fiebre del\u00a0 aguacate con la tendencia extractivista actual, en aras de la transici\u00f3n energ\u00e9tica. \u00abPara la extracci\u00f3n minera hay zonas donde se ha conseguido que las empresas no tengan licencia medio ambiental. No obstante, para la producci\u00f3n de aguacate, en aras de la necesidad de diversificar, se permite cambiar el uso del suelo: de selva tropical a agronegocio\u201d, afirma Christian Torres. <\/p>\n<h2>Instrumentos de di\u00e1logo en el acuerdo<\/h2>\n<p>Hay que recordar, con todo, que ese acuerdo comercial, como otros firmados con la Uni\u00f3n Europea, tienen instancias de di\u00e1logo y revisi\u00f3n de\u00a0 sus impactos. Pero, al parecer, una cosa est\u00e1 en el papel y otra en su implementaci\u00f3n.<\/p>\n<p>El estudio de\u00a0PowerShift\u00a0refleja poca transparencia y ausencia de\u00a0especialistas de la sociedad civil en momentos clave de decisi\u00f3n, por ejemplo, cuando se trata de cambios en los tratados.  <\/p>\n<p>As\u00ed las cosas, \u00abla experiencia del acuerdo con los pa\u00edses andinos puede allanar el camino para los siguientes con Mercosur y M\u00e9xico, para hacerlo mejor\u201d, concluye Alessa Hartmann. <\/p>\n<p>(EM)<\/p>\n<\/p>\n<\/div>\n\n","protected":false},"excerpt":{"rendered":"<p>\u00abEl acuerdo comercial entre la Uni\u00f3n Europea\u00a0y los pa\u00edses andinos lleva ya el suficiente tiempo en vigor como para evaluar sus impactos\u201d, dice a DW Alesssa Hartmann, investigadora de la organizaci\u00f3n alemana PowerShift. En un estudio sobre su\u00a0impacto ambiental, del que Hartmann es coautora,\u00a0se recuerda una de sus ideas de base:\u00a0incrementar el comercio y el &hellip;<\/p>\n","protected":false},"author":1,"featured_media":22066,"comment_status":"open","ping_status":"open","sticky":false,"template":"","format":"standard","meta":{"fifu_image_url":"https:\/\/static.dw.com\/image\/58781902_6.jpg","fifu_image_alt":"","footnotes":""},"categories":[13],"tags":[],"class_list":["post-22065","post","type-post","status-publish","format-standard","has-post-thumbnail","","category-mundo"],"_links":{"self":[{"href":"https:\/\/noticiasveraces.com\/index.php?rest_route=\/wp\/v2\/posts\/22065","targetHints":{"allow":["GET"]}}],"collection":[{"href":"https:\/\/noticiasveraces.com\/index.php?rest_route=\/wp\/v2\/posts"}],"about":[{"href":"https:\/\/noticiasveraces.com\/index.php?rest_route=\/wp\/v2\/types\/post"}],"author":[{"embeddable":true,"href":"https:\/\/noticiasveraces.com\/index.php?rest_route=\/wp\/v2\/users\/1"}],"replies":[{"embeddable":true,"href":"https:\/\/noticiasveraces.com\/index.php?rest_route=%2Fwp%2Fv2%2Fcomments&post=22065"}],"version-history":[{"count":0,"href":"https:\/\/noticiasveraces.com\/index.php?rest_route=\/wp\/v2\/posts\/22065\/revisions"}],"wp:featuredmedia":[{"embeddable":true,"href":"https:\/\/noticiasveraces.com\/index.php?rest_route=\/wp\/v2\/media\/22066"}],"wp:attachment":[{"href":"https:\/\/noticiasveraces.com\/index.php?rest_route=%2Fwp%2Fv2%2Fmedia&parent=22065"}],"wp:term":[{"taxonomy":"category","embeddable":true,"href":"https:\/\/noticiasveraces.com\/index.php?rest_route=%2Fwp%2Fv2%2Fcategories&post=22065"},{"taxonomy":"post_tag","embeddable":true,"href":"https:\/\/noticiasveraces.com\/index.php?rest_route=%2Fwp%2Fv2%2Ftags&post=22065"}],"curies":[{"name":"wp","href":"https:\/\/api.w.org\/{rel}","templated":true}]}}