{"id":22010,"date":"2025-04-08T00:32:24","date_gmt":"2025-04-08T04:32:24","guid":{"rendered":"https:\/\/noticiasveraces.com\/?p=22010"},"modified":"2025-04-08T00:32:24","modified_gmt":"2025-04-08T04:32:24","slug":"temperatura-mundial-llego-cerca-de-altas-historicas-en-marzo-dw-08-04-2025","status":"publish","type":"post","link":"https:\/\/noticiasveraces.com\/?p=22010","title":{"rendered":"Temperatura mundial lleg\u00f3 cerca de altas hist\u00f3ricas en marzo \u2013 DW \u2013 08\/04\/2025"},"content":{"rendered":"<p> \n<\/p>\n<div>\n<p>Las temperaturas mundiales se mantuvieron en niveles hist\u00f3ricamente altos, al prolongar una ola planetaria de calor de casi dos a\u00f1os y alcanzar el extremo superior de las previsiones cient\u00edficas sobre el calentamiento global, inform\u00f3 este martes (08.04.2025) el organismo europeo de monitoreo.<\/p>\n<p>En Europa, fue el mes de marzo m\u00e1s c\u00e1lido que se ha registrado, seg\u00fan el bolet\u00edn mensual del observatorio clim\u00e1tico Cop\u00e9rnico.<\/p>\n<p>A nivel planetario fue el segundo marzo m\u00e1s caliente en los registros de Cop\u00e9rnico, lo que sustenta una cadena mensual de calor r\u00e9cord o casi r\u00e9cord iniciada en julio de 2023.<\/p>\n<p>Desde entonces, cada mes ha sido al menos 1,5\u00baC m\u00e1s c\u00e1lido que antes de la revoluci\u00f3n industrial, cuando la humanidad comenz\u00f3 a quemar cantidades masivas de carb\u00f3n, petr\u00f3leo y gas.<\/p>\n<p>Marzo estuvo 1,6\u00baC encima de la era preindustrial, prolongando un clima tan extremo que los cient\u00edficos a\u00fan intentan hallar una explicaci\u00f3n.<\/p>\n<p>\u00abQue todav\u00eda estemos 1,6\u00baC encima de la era preindustrial es realmente notable\u00bb, expres\u00f3 Friederike Otto, experta del Instituto Grantham de Cambio Clim\u00e1tico del Imperial College de Londres. <\/p>\n<h2>Cambio clim\u00e1ticoglobal h<\/h2>\n<p>\u00abEstamos firmemente en manos del cambio clim\u00e1tico provocado por humanos\u00bb, declar\u00f3 a AFP.<\/p>\n<p>Los cient\u00edficos advierten que cada fracci\u00f3n de grado de calentamiento global aumenta la intensidad y frecuencia de los eventos clim\u00e1ticos extremos, como olas de calor, fuertes lluvias y sequ\u00edas.<\/p>\n<p>El calor mundial llev\u00f3 a 2023 y 2024 a ser los a\u00f1os m\u00e1s c\u00e1lidos que se han registrado.<\/p>\n<p>El monitor de la Uni\u00f3n Europea utiliza miles de millones de mediciones de sat\u00e9lites, barcos, aviones y estaciones clim\u00e1ticas para hacer sus c\u00e1lculos.<\/p>\n<p>Sus registros datan de 1940, pero otras fuentes de informaci\u00f3n clim\u00e1tica permiten a los cient\u00edficos ampliar sus conclusiones con el uso de evidencia de mucho antes.<\/p>\n<p>Los cient\u00edficos afirman que el per\u00edodo actual podr\u00eda ser el m\u00e1s caluroso en la Tierra en los \u00faltimos 125.000 a\u00f1os.<\/p>\n<p>Mg (AFP, Reuters)<\/p>\n<\/p>\n<\/div>\n\n","protected":false},"excerpt":{"rendered":"<p>Las temperaturas mundiales se mantuvieron en niveles hist\u00f3ricamente altos, al prolongar una ola planetaria de calor de casi dos a\u00f1os y alcanzar el extremo superior de las previsiones cient\u00edficas sobre el calentamiento global, inform\u00f3 este martes (08.04.2025) el organismo europeo de monitoreo. En Europa, fue el mes de marzo m\u00e1s c\u00e1lido que se ha registrado, &hellip;<\/p>\n","protected":false},"author":1,"featured_media":22011,"comment_status":"open","ping_status":"open","sticky":false,"template":"","format":"standard","meta":{"fifu_image_url":"https:\/\/static.dw.com\/image\/71849215_6.jpg","fifu_image_alt":"","footnotes":""},"categories":[13],"tags":[],"class_list":["post-22010","post","type-post","status-publish","format-standard","has-post-thumbnail","","category-mundo"],"_links":{"self":[{"href":"https:\/\/noticiasveraces.com\/index.php?rest_route=\/wp\/v2\/posts\/22010","targetHints":{"allow":["GET"]}}],"collection":[{"href":"https:\/\/noticiasveraces.com\/index.php?rest_route=\/wp\/v2\/posts"}],"about":[{"href":"https:\/\/noticiasveraces.com\/index.php?rest_route=\/wp\/v2\/types\/post"}],"author":[{"embeddable":true,"href":"https:\/\/noticiasveraces.com\/index.php?rest_route=\/wp\/v2\/users\/1"}],"replies":[{"embeddable":true,"href":"https:\/\/noticiasveraces.com\/index.php?rest_route=%2Fwp%2Fv2%2Fcomments&post=22010"}],"version-history":[{"count":0,"href":"https:\/\/noticiasveraces.com\/index.php?rest_route=\/wp\/v2\/posts\/22010\/revisions"}],"wp:featuredmedia":[{"embeddable":true,"href":"https:\/\/noticiasveraces.com\/index.php?rest_route=\/wp\/v2\/media\/22011"}],"wp:attachment":[{"href":"https:\/\/noticiasveraces.com\/index.php?rest_route=%2Fwp%2Fv2%2Fmedia&parent=22010"}],"wp:term":[{"taxonomy":"category","embeddable":true,"href":"https:\/\/noticiasveraces.com\/index.php?rest_route=%2Fwp%2Fv2%2Fcategories&post=22010"},{"taxonomy":"post_tag","embeddable":true,"href":"https:\/\/noticiasveraces.com\/index.php?rest_route=%2Fwp%2Fv2%2Ftags&post=22010"}],"curies":[{"name":"wp","href":"https:\/\/api.w.org\/{rel}","templated":true}]}}