{"id":21980,"date":"2025-04-07T20:07:28","date_gmt":"2025-04-08T00:07:28","guid":{"rendered":"https:\/\/noticiasveraces.com\/?p=21980"},"modified":"2025-04-07T20:07:28","modified_gmt":"2025-04-08T00:07:28","slug":"cannavaro-y-su-ultimo-adios-a-jorge-bolano-descansa-en-paz","status":"publish","type":"post","link":"https:\/\/noticiasveraces.com\/?p=21980","title":{"rendered":"Cannavaro y su \u00faltimo adi\u00f3s a Jorge Bola\u00f1o: \u2018Descansa en paz&#8230;\u2019"},"content":{"rendered":"<p> \n<br \/><img decoding=\"async\" src=\"https:\/\/www.futbolred.com\/files\/article_graphic\/uploads\/2025\/04\/07\/67f450e370c9a.jpeg\" \/><\/p>\n<header>\n<h3>\n<p>                Curiosidades de f\u00fatbol<br \/>\n            <\/h3>\n<h1>\n<p>            Cannavaro y su \u00faltimo adi\u00f3s a Jorge Bola\u00f1o: \u2018Descansa en paz&#8230;\u2019<br \/>\n        <\/h1>\n<address>\n            <a>Andres Julian Abril Gomez<br \/>\n        <\/address>\n<p>            07 de abril 2025 , 05:25 p.\u00a0m.<\/p>\n<\/header>\n<p>El Bal\u00f3n de Oro en 2006 reaccion\u00f3 al fallecimiento del futbolista colombiano.<\/p>\n<p>La muerte de <b>Jorge Bola\u00f1o<\/b> ha impactado no solo al f\u00fatbol colombiano sino tambi\u00e9n en el resto del mundo. El exfutbolista falleci\u00f3 en C\u00facuta el pasado domingo tras una fiesta familiar a causa de un infarto fulminante.  <\/p>\n<p>La noticia del fallecimiento del exjugador lleg\u00f3 a Europa durante las primeras horas de este lunes y fueron varios los mensajes de excompa\u00f1eros como fue el caso de Gianluigi Buffon y de varios clubes italianos por los que jug\u00f3. <\/p>\n<p>  \u201cJorge fue un inolvidable amigo y compa\u00f1ero de equipo, un b\u00e1sico en un vestuario de extraordinarios campeones&#8230;Recuerdo con cari\u00f1o su amistad y humanidad que lo convirti\u00f3 en un ejemplo para todos. Siempre te llevaremos con nosotros, descansa en paz amigo\u201d, dijo el legendario arquero italiano en sus redes sociales.<\/p>\n<p>A estos mensajes se le sum\u00f3 en las \u00faltimas horas el de <b>Fabio Cannavaro<\/b>Bal\u00f3n de Oro y campe\u00f3n del mundo con Italia en 2006 quien comparti\u00f3 una foto en la que est\u00e1 con Bola\u00f1o en un partido del Parma, equipo en el que coincidieron.  <\/p>\n<p>\u201cDescansa en paz, Bola. Un honor fue compartir contigo\u201d fue el emotivo mensaje del zaguero que pas\u00f3 por clubes como Juventus, Real Madrid, Parma, Inter, Napoli y Al Ahli.<\/p>\n<p>Cannavaro y Bola\u00f1o estuvieron como compa\u00f1eros en Parma durante tres campa\u00f1as, pero luego en 2002 el italiano fue vendido al Inter mientras que el colombiano fue cedido a Sampdoria. Ambos ganaron la Copa de Italia.<\/p>\n\n","protected":false},"excerpt":{"rendered":"<p>Curiosidades de f\u00fatbol Cannavaro y su \u00faltimo adi\u00f3s a Jorge Bola\u00f1o: \u2018Descansa en paz&#8230;\u2019 Andres Julian Abril Gomez 07 de abril 2025 , 05:25 p.\u00a0m. El Bal\u00f3n de Oro en 2006 reaccion\u00f3 al fallecimiento del futbolista colombiano. La muerte de Jorge Bola\u00f1o ha impactado no solo al f\u00fatbol colombiano sino tambi\u00e9n en el resto del &hellip;<\/p>\n","protected":false},"author":1,"featured_media":21982,"comment_status":"open","ping_status":"open","sticky":false,"template":"","format":"standard","meta":{"fifu_image_url":"https:\/\/www.futbolred.com\/files\/og_thumbnail\/uploads\/2025\/04\/07\/67f450e370c9a.jpeg","fifu_image_alt":"","footnotes":""},"categories":[6],"tags":[],"class_list":["post-21980","post","type-post","status-publish","format-standard","has-post-thumbnail","","category-deportes"],"_links":{"self":[{"href":"https:\/\/noticiasveraces.com\/index.php?rest_route=\/wp\/v2\/posts\/21980","targetHints":{"allow":["GET"]}}],"collection":[{"href":"https:\/\/noticiasveraces.com\/index.php?rest_route=\/wp\/v2\/posts"}],"about":[{"href":"https:\/\/noticiasveraces.com\/index.php?rest_route=\/wp\/v2\/types\/post"}],"author":[{"embeddable":true,"href":"https:\/\/noticiasveraces.com\/index.php?rest_route=\/wp\/v2\/users\/1"}],"replies":[{"embeddable":true,"href":"https:\/\/noticiasveraces.com\/index.php?rest_route=%2Fwp%2Fv2%2Fcomments&post=21980"}],"version-history":[{"count":0,"href":"https:\/\/noticiasveraces.com\/index.php?rest_route=\/wp\/v2\/posts\/21980\/revisions"}],"wp:featuredmedia":[{"embeddable":true,"href":"https:\/\/noticiasveraces.com\/index.php?rest_route=\/wp\/v2\/media\/21982"}],"wp:attachment":[{"href":"https:\/\/noticiasveraces.com\/index.php?rest_route=%2Fwp%2Fv2%2Fmedia&parent=21980"}],"wp:term":[{"taxonomy":"category","embeddable":true,"href":"https:\/\/noticiasveraces.com\/index.php?rest_route=%2Fwp%2Fv2%2Fcategories&post=21980"},{"taxonomy":"post_tag","embeddable":true,"href":"https:\/\/noticiasveraces.com\/index.php?rest_route=%2Fwp%2Fv2%2Ftags&post=21980"}],"curies":[{"name":"wp","href":"https:\/\/api.w.org\/{rel}","templated":true}]}}