{"id":21961,"date":"2025-04-07T14:20:08","date_gmt":"2025-04-07T18:20:08","guid":{"rendered":"https:\/\/noticiasveraces.com\/?p=21961"},"modified":"2025-04-07T14:20:08","modified_gmt":"2025-04-07T18:20:08","slug":"80-anos-del-asesinato-de-dietrich-bonhoeffer-por-los-nazis-dw-07-04-2025","status":"publish","type":"post","link":"https:\/\/noticiasveraces.com\/?p=21961","title":{"rendered":"80 a\u00f1os del asesinato de Dietrich Bonhoeffer por los nazis \u2013 DW \u2013 07\/04\/2025"},"content":{"rendered":"<p> \n<\/p>\n<div>\n<p>En la ma\u00f1ana del 9 de abril de 1945, a Dietrich Bonhoeffer lo sacaron de su celda en el campo de concentraci\u00f3n de Flossenb\u00fcrg, en Baviera, para ser ejecutado. Apenas unas horas antes, el pastor protestante hab\u00eda estado orando con sus compa\u00f1eros de prisi\u00f3n.<\/p>\n<p>Su \u00faltima frase registrada fue: \u00abEste es el final; para m\u00ed, el comienzo de la vida\u00bb. Fue ahorcado justo un mes antes del colapso definitivo de la dictadura nacionalsocialista en la Segunda Guerra Mundial.<\/p>\n<h2>Venerado, pero tambi\u00e9n utilizado<\/h2>\n<p>Bonhoeffer se opuso al r\u00e9gimen\u00a0de Adolf Hitler no con armas, sino con palabras, hechos y una fe firme: de predicador se convirti\u00f3 en conspirador.<\/p>\n<p>Su obra y persona son\u00a0veneradas, interpretadas y apropiadas en todo el mundo por te\u00f3logos liberales, activistas de derechos humanos, dem\u00f3cratas, activistas de izquierda, conservadores, pero tambi\u00e9n por ultraderechistas, te\u00f3ricos de la conspiraci\u00f3n y partidarios nacionalistas cristianos del presidente estadounidense, Donald Trump.<\/p>\n<p>Pero \u00bfpor qu\u00e9 lo invocan grupos tan diferentes? \u00bfQu\u00e9 defend\u00eda realmente Bonhoeffer con su pensamiento y su mensaje?<\/p>\n<p>Dietrich Bonhoeffer naci\u00f3 en Breslau en 1906, hijo de una familia rica e intelectual. Decidi\u00f3 estudiar teolog\u00eda. En EE. UU., en 1930\/31, se familiariz\u00f3 con el movimiento por los derechos civiles de los afroamericanos y se dio cuenta de que la fe no era s\u00f3lo una convicci\u00f3n personal, sino que\u00a0tambi\u00e9n consist\u00eda en oponerse activamente a\u00a0las injusticias.<\/p>\n<p>\u00abBonhoeffer estaba convencido de que los cristianos compartimos la responsabilidad no solo sobre nosotros mismos, sino tambi\u00e9n sobre los dem\u00e1s y el mundo, (\u2026) especialmente hacia los m\u00e1s d\u00e9biles\u201d, explica a DW\u00a0el profesor Florian H\u00f6hne, primer presidente de la secci\u00f3n alemana de la Sociedad Internacional Bonhoeffer (IBG).<\/p>\n<p><span data-slot-id=\"Article_InContent-1\" class=\"rich-text-ad\"\/><\/p>\n<h2>De te\u00f3logo a luchador de la resistencia<\/h2>\n<p>De regreso en Alemania, Bonhoeffer observ\u00f3 c\u00f3mo la Iglesia se adaptaba al Estado nazi, pastores y cl\u00e9rigos juraban lealtad a Hitler. Bonhoeffer se uni\u00f3 a la \u00abIglesia Confesante\u00bb, un movimiento de oposici\u00f3n\u00a0de los cristianos protestantes. Fue fundada en 1934 como reacci\u00f3n a los esfuerzos de los nazis para controlar la Iglesia protestante,<\/p>\n<p>Con el tiempo se convirti\u00f3 en parte de una conspiraci\u00f3n contra Hitler. A partir de 1939, trabaj\u00f3 para la agencia de contraespionaje del Ej\u00e9rcito alem\u00e1n y, en secreto, fue\u00a0intermediario de la resistencia.<\/p>\n<h2>Planes para derrocar a Hitler y esperanza de paz<\/h2>\n<p>Bonhoeffer asumi\u00f3 dos papeles en la resistencia: \u00abUtiliz\u00f3 sus contactos con iglesias cristianas y comunidades religiosas en el extranjero para intercambiar informaci\u00f3n y que los aliados conocieran\u00a0los planes golpistas. Y negociar opciones para el per\u00edodo posterior, para recibir una se\u00f1al de los aliados de que aprobaban esos planes golpistas y no simplemente continuar\u00edan la guerra despu\u00e9s, que estaban dispuestos a negociar la paz\u201d, explica\u00a0H\u00f6hne. Su segunda tarea era \u00abactuar como pastor de sus conspiradores y asesorarlos en conflictos de conciencia\u00bb.<\/p>\n<p>Pero las conexiones de Bonhoeffer con la resistencia fueron descubiertas\u00a0y\u00a0la Gestapo lo arrest\u00f3\u00a0el 5 de abril de 1943. Estuvo\u00a0dos a\u00f1os en prisi\u00f3n, sin juicio regular, hasta su ejecuci\u00f3n. All\u00ed escribi\u00f3 textos teol\u00f3gicos y sociopol\u00edticos.<\/p>\n<figure class=\"placeholder-image master_landscape right\"><img data-format=\"MASTER_LANDSCAPE\" data-id=\"72117195\" data-url=\"https:\/\/static.dw.com\/image\/72117195_${formatId}.jpg\" data-aspect-ratio=\"16\/9\" alt=\"Placa conmemorativa en un campo de concentraci\u00f3n.\" style=\"padding-bottom: 56.25%; height: 0; max-height: 0;\"\/><figcaption class=\"img-caption\">Lugar conmemorativo del campo de concentraci\u00f3n Flossenb\u00fcrg, en Baviera, donde ejectuaron a Bonhoeffer.<small class=\"copyright\">Imagen: Armin Weigel\/DPA\/Picture Alliance<\/small><\/figcaption><\/figure>\n<h2>Un patrimonio con m\u00faltiples facetas<\/h2>\n<p>Despu\u00e9s de la guerra, Bonhoeffer se convirti\u00f3 en un \u00edcono, modelo de fe, de no darse por vencido, de actuar. Muchos de sus libros se convirtieron en \u00e9xito de ventas internacionales, e incluso se film\u00f3 una pel\u00edcula sobre su vida.<\/p>\n<p>Pero mientras los te\u00f3logos liberales, los dem\u00f3cratas y los activistas de derechos humanos lo celebran como un luchador por la justicia social y la responsabilidad cristiana, los c\u00edrculos conservadores de ultraderecha y los nacionalistas cristianos, sobre todo, en Estados Unidos, lo veneran\u00a0como un pionero contra un Estado supuestamente extralimitado. Los nacionalistas cristianos ven a su naci\u00f3n como elegida por Dios y quieren imponer pol\u00edticamente su visi\u00f3n muy conservadora de los valores cristianos.<\/p>\n<p>Sobre todo, para los partidarios de Trump, Bonhoeffer es un s\u00edmbolo de rebeli\u00f3n contra el llamado Estado profundo: la idea de que existe una estructura de poder secreta detr\u00e1s de un gobierno oficial, que controla la pol\u00edtica y la sociedad. Algunos establecen paralelismos entre su lucha contra Hitler y su propia oposici\u00f3n al aborto, los derechos LGBTQ o las regulaciones de vacunaci\u00f3n.<\/p>\n<h2>Descendientes se resisten a la apropiaci\u00f3n de Bonhoeffer<\/h2>\n<p>Te\u00f3logos de EE.UU. y Alemania, descendientes de Bonhoeffer y la Sociedad Internacional Bonhoeffer (IBG) se oponen firmemente a esta apropiaci\u00f3n. En una carta abierta de octubre de 2024, el IBG denunci\u00f3 que la vida y la obra de Bonhoeffer estaban siendo utilizadas cada vez m\u00e1s, especialmente por los nacionalistas cristianos, para legitimar la violencia pol\u00edtica.<\/p>\n<p>\u00abBonhoeffer era un pacifista cristiano, que s\u00f3lo consideraba la posibilidad de la violencia tras una lucha intensa. Pero su pensamiento estaba marcado por la b\u00fasqueda de la paz y la cuesti\u00f3n de qu\u00e9 une a los cristianos m\u00e1s all\u00e1 de las fronteras nacionales\u201d, subray\u00f3 H\u00f6hne.<\/p>\n<p>H\u00f6hne considera que la influencia de Bonhoeffer tiene sus ra\u00edces en su fascinante biograf\u00eda, que inspira m\u00e1s all\u00e1 de las fronteras pol\u00edticas, teol\u00f3gicas e ideol\u00f3gicas, sobre todo, porque defendi\u00f3 sus convicciones con su vida.<\/p>\n<p>(RMR\/MS)<\/p>\n<\/p>\n<\/div>\n\n","protected":false},"excerpt":{"rendered":"<p>En la ma\u00f1ana del 9 de abril de 1945, a Dietrich Bonhoeffer lo sacaron de su celda en el campo de concentraci\u00f3n de Flossenb\u00fcrg, en Baviera, para ser ejecutado. Apenas unas horas antes, el pastor protestante hab\u00eda estado orando con sus compa\u00f1eros de prisi\u00f3n. Su \u00faltima frase registrada fue: \u00abEste es el final; para m\u00ed, &hellip;<\/p>\n","protected":false},"author":1,"featured_media":21962,"comment_status":"open","ping_status":"open","sticky":false,"template":"","format":"standard","meta":{"fifu_image_url":"https:\/\/static.dw.com\/image\/72117115_6.jpg","fifu_image_alt":"","footnotes":""},"categories":[13],"tags":[],"class_list":["post-21961","post","type-post","status-publish","format-standard","has-post-thumbnail","","category-mundo"],"_links":{"self":[{"href":"https:\/\/noticiasveraces.com\/index.php?rest_route=\/wp\/v2\/posts\/21961","targetHints":{"allow":["GET"]}}],"collection":[{"href":"https:\/\/noticiasveraces.com\/index.php?rest_route=\/wp\/v2\/posts"}],"about":[{"href":"https:\/\/noticiasveraces.com\/index.php?rest_route=\/wp\/v2\/types\/post"}],"author":[{"embeddable":true,"href":"https:\/\/noticiasveraces.com\/index.php?rest_route=\/wp\/v2\/users\/1"}],"replies":[{"embeddable":true,"href":"https:\/\/noticiasveraces.com\/index.php?rest_route=%2Fwp%2Fv2%2Fcomments&post=21961"}],"version-history":[{"count":0,"href":"https:\/\/noticiasveraces.com\/index.php?rest_route=\/wp\/v2\/posts\/21961\/revisions"}],"wp:featuredmedia":[{"embeddable":true,"href":"https:\/\/noticiasveraces.com\/index.php?rest_route=\/wp\/v2\/media\/21962"}],"wp:attachment":[{"href":"https:\/\/noticiasveraces.com\/index.php?rest_route=%2Fwp%2Fv2%2Fmedia&parent=21961"}],"wp:term":[{"taxonomy":"category","embeddable":true,"href":"https:\/\/noticiasveraces.com\/index.php?rest_route=%2Fwp%2Fv2%2Fcategories&post=21961"},{"taxonomy":"post_tag","embeddable":true,"href":"https:\/\/noticiasveraces.com\/index.php?rest_route=%2Fwp%2Fv2%2Ftags&post=21961"}],"curies":[{"name":"wp","href":"https:\/\/api.w.org\/{rel}","templated":true}]}}