{"id":21959,"date":"2025-04-07T14:06:02","date_gmt":"2025-04-07T18:06:02","guid":{"rendered":"https:\/\/noticiasveraces.com\/?p=21959"},"modified":"2025-04-07T14:06:02","modified_gmt":"2025-04-07T18:06:02","slug":"los-3-peores-jugadores-de-independiente-medellin-ante-junior-segun-hinchas-curiosidades-de-futbol","status":"publish","type":"post","link":"https:\/\/noticiasveraces.com\/?p=21959","title":{"rendered":"Los 3 peores jugadores de Independiente Medell\u00edn ante Junior, seg\u00fan hinchas | Curiosidades de f\u00fatbol"},"content":{"rendered":"<p> \n<\/p>\n<div id=\"cuerpoArticulo\">\n<p class=\"texto intro\" id=\"p241400-m727-726-728\"><b>Independiente Medell\u00edn no puede levantar cabeza<\/b> y, esta vez, perdi\u00f3 su invicto ante Junior de Barranquilla en condici\u00f3n de visitante por la fecha 12 de la Liga BetPlay 2025-I. Luego de haber estado varias semanas puntero, el DIM acumula 4 empates y 1 derrota en sus \u00faltimos partidos y cay\u00f3 al s\u00e9ptimo lugar de la tabla. La derrota ante Junior gener\u00f3 mucho revuelo entre los hinchas, quienes <b>se mostraron furiosos en redes sociales<\/b>.<\/p>\n<p class=\"texto contenido-parrafo-articulo\" id=\"p241400-m745-2-746\">Uno de los principales apuntados de la derrota <b>fue el arquero, Washington Aguerre<\/b>. \u201cMuchas gracias Aguerre hijo de put* malparid*. Por boc\u00f3n te pas\u00f3 eso gran malparid*. En vez de ponerte a provocar al rival, conc\u00e9ntrate en lo tuyo hijo de put*. Ahora estamos m\u00e1s afuera que adentro por tu culpa gonorre*\u201d, \u201cGracias Aguerre por los 3 puntos para los corronchos inba\u00f1ables\u201d, \u201c\u00bfEntonces Aguerre ahora anda apostando en contra del DIM?\u201d, fueron algunos comentarios.<\/p>\n<div id=\"p241400-m751-3-752\" class=\"\">\n<blockquote class=\"twitter-tweet\">\n<p lang=\"es\" dir=\"ltr\">Muchas gracias Aguerre hijo de puta malparido. Por bocon te paso eso gran malparido. En vez de ponerte a provocar al rival, conc\u00e9ntrate en lo tuyo hijodeputa. Ahora estamos m\u00e1s afuera que adentro por tu culpa gonorrea<\/p>\n<p>&#8211; Freddy Rojo de Xirepre (@Freddy9791611) <a href=\"https:\/\/twitter.com\/FreddyA9791611\/status\/1909056406981845129?ref_src=twsrc%5Etfw\">7 de abril de 2025<\/a><\/p><\/blockquote><\/div>\n<div class=\"fotografia caja-articulo\" id=\"p241400-m757-4-758\">\n<div class=\"imagen-cuerpo-bk\">\n<figure itemscope=\"\" itemtype=\"https:\/\/schema.org\/ImageObject\" itemprop=\"image\" id=\"m762-761-763\" class=\"foto-galeria-articulo imagen-articulo foto-texto-articulo-galeria\"><img decoding=\"async\" alt=\"Washington Aguerre\" src=\"data:image\/png;base64,iVBORw0KGgoAAAANSUhEUgAAAAEAAAABCAQAAAC1HAwCAAAAC0lEQVR42mP8\/x0AAvsB+DlKarAAAAAASUVORK5CYII=\" style=\" display: inline;\" data-original=\"\/files\/article_content\/files\/crop\/uploads\/2025\/04\/07\/67f3f9b6bf4ed.r_1744042590342.0-61-1024-829.png\"\/><\/figure>\n<\/div>\n<div class=\"figcaption-cuerpo-bk credito-image-bk\"><figcaption class=\"foto-info\">\n<div class=\"titulo-foto-bk\">\n<p id=\"m769-1-770\" class=\"titulo pie-de-foto\">Aguerre fue el jugador m\u00e1s criticado del DIM.<\/p>\n<\/div>\n<p class=\"credito\">\n                            <span class=\"linea pre_credito\">Foto:<\/span><\/p>\n<p>                        <span id=\"m775-2-776\" class=\"autor\">Instagram\/@Washiaguerre<\/span><\/p>\n<\/figcaption><\/div>\n<\/p><\/div>\n<p class=\"texto contenido-parrafo-articulo\" id=\"p241400-m783-5-784\"><b>Otro de los futbolistas criticados por los fan\u00e1ticos del DIM fue Mender Garc\u00eda<\/b>. \u201c\u00bfMender est\u00e1 jugando? Hoy era el partido del polaco\u201d, \u201cMender Garcia tiene el incre\u00edble talento de jugar en varias posiciones y en todas hacerlo mal\u201d, \u201cDespierten al t\u00e9cnico que jugar con Mender es jugar con uno menos\u201d, \u201cMender manco hijueput*\u201d, fueron ciertos descargos de los aficionados en contra del delantero.<\/p>\n<div id=\"p241400-m789-6-790\" class=\"\">\n<blockquote class=\"twitter-tweet\">\n<p lang=\"es\" dir=\"ltr\">Mender Garcia tiene el incre\u00edble talento de jugar en varias posiciones y en todas hacerlo mal.<\/p>\n<p>&#8211; De Chill (@dayronmarin1) <a href=\"https:\/\/twitter.com\/DayronMarin1\/status\/1909037205001040188?ref_src=twsrc%5Etfw\">7 de abril de 2025<\/a><\/p><\/blockquote><\/div>\n<p class=\"texto contenido-parrafo-articulo\" id=\"p241400-m840-8-841\">Finalmente, <b>los hinchas tambi\u00e9n mostraron su enojo ante Baldomero Perlaza<\/b>mediocampista del DIM. \u201cSaquen a Baldomero y ya con eso el equipo jugar\u00e1 mejor, no importa quien entre, cualquiera es mejor que ese \u00e1rbol\u201d, \u201cJugamos con tres jugadores menos as\u00ed es muy duro. Baldomero es intrascendente\u201d, \u201cEse hijueput* de Baldomero no gana un bal\u00f3n en el medio, no entrega un bal\u00f3n bien. Frena las jugadas jugando para atr\u00e1s siempre, estoy podrido de verlo arrastrarse en la cancha\u201d, sentenciaron los hinchas.<\/p>\n<div id=\"p241400-m846-9-847\" class=\"\">\n<blockquote class=\"twitter-tweet\">\n<p lang=\"es\" dir=\"ltr\">Saquen a Baldomero y ya con eso el equipo jugar\u00e1 mejor, no importa quien entre, cualquiera es mejor que ese \u00e1rbol.<\/p>\n<p>\u2014 Diego David Ochoa (@Diego_David8) <a href=\"https:\/\/twitter.com\/Diego_David8\/status\/1909038039529107967?ref_src=twsrc%5Etfw\">7 de abril de 2025<\/a><\/p><\/blockquote><\/div>\n<p>                                                    <span class=\"articulo-subtitulo subtitulo2 espacio-contenido\" id=\"p241400-m852-10-853\">\u00bfCu\u00e1ndo volver\u00e1 a jugar Independiente Medell\u00edn por la Liga BetPlay 2025-I?<br \/><\/span><\/p>\n<p class=\"texto contenido-parrafo-articulo\" id=\"p241400-m858-11-859\">El DIM tendr\u00e1 \u2018fecha libre\u2019 en la jornada 13 del FPC, ya que su choque ante Deportes Tolima fue aplazado. Sin embargo, <b>volver\u00e1 a ver acci\u00f3n el lunes 14 de abril cuando visite a Independiente Santa Fe en Bogot\u00e1<\/b>por la fecha 14 de la Liga BetPlay 2025-I. Medell\u00edn buscar\u00e1 volver a sumar de a 3, para no quedarse fuera de los 8 equipos que clasifican a los Cuadrangulares.<\/p>\n<\/p><\/div>\n<p><script async src=\"https:\/\/platform.twitter.com\/widgets.js\" charset=\"utf-8\"><\/script><br \/>\n<br \/>\n","protected":false},"excerpt":{"rendered":"<p>Independiente Medell\u00edn no puede levantar cabeza y, esta vez, perdi\u00f3 su invicto ante Junior de Barranquilla en condici\u00f3n de visitante por la fecha 12 de la Liga BetPlay 2025-I. Luego de haber estado varias semanas puntero, el DIM acumula 4 empates y 1 derrota en sus \u00faltimos partidos y cay\u00f3 al s\u00e9ptimo lugar de la &hellip;<\/p>\n","protected":false},"author":1,"featured_media":21960,"comment_status":"open","ping_status":"open","sticky":false,"template":"","format":"standard","meta":{"fifu_image_url":"https:\/\/www.futbolred.com\/files\/og_thumbnail\/uploads\/2025\/04\/06\/67f31fbec719f.jpeg","fifu_image_alt":"","footnotes":""},"categories":[6],"tags":[],"class_list":["post-21959","post","type-post","status-publish","format-standard","has-post-thumbnail","","category-deportes"],"_links":{"self":[{"href":"https:\/\/noticiasveraces.com\/index.php?rest_route=\/wp\/v2\/posts\/21959","targetHints":{"allow":["GET"]}}],"collection":[{"href":"https:\/\/noticiasveraces.com\/index.php?rest_route=\/wp\/v2\/posts"}],"about":[{"href":"https:\/\/noticiasveraces.com\/index.php?rest_route=\/wp\/v2\/types\/post"}],"author":[{"embeddable":true,"href":"https:\/\/noticiasveraces.com\/index.php?rest_route=\/wp\/v2\/users\/1"}],"replies":[{"embeddable":true,"href":"https:\/\/noticiasveraces.com\/index.php?rest_route=%2Fwp%2Fv2%2Fcomments&post=21959"}],"version-history":[{"count":0,"href":"https:\/\/noticiasveraces.com\/index.php?rest_route=\/wp\/v2\/posts\/21959\/revisions"}],"wp:featuredmedia":[{"embeddable":true,"href":"https:\/\/noticiasveraces.com\/index.php?rest_route=\/wp\/v2\/media\/21960"}],"wp:attachment":[{"href":"https:\/\/noticiasveraces.com\/index.php?rest_route=%2Fwp%2Fv2%2Fmedia&parent=21959"}],"wp:term":[{"taxonomy":"category","embeddable":true,"href":"https:\/\/noticiasveraces.com\/index.php?rest_route=%2Fwp%2Fv2%2Fcategories&post=21959"},{"taxonomy":"post_tag","embeddable":true,"href":"https:\/\/noticiasveraces.com\/index.php?rest_route=%2Fwp%2Fv2%2Ftags&post=21959"}],"curies":[{"name":"wp","href":"https:\/\/api.w.org\/{rel}","templated":true}]}}