{"id":21957,"date":"2025-04-07T13:59:40","date_gmt":"2025-04-07T17:59:40","guid":{"rendered":"https:\/\/noticiasveraces.com\/?p=21957"},"modified":"2025-04-07T13:59:40","modified_gmt":"2025-04-07T17:59:40","slug":"un-invierno-cuantico-amenaza-a-europa-segun-un-estudio-sobre-una-tecnologia-mas-disruptiva-que-la-digital-tecnologia","status":"publish","type":"post","link":"https:\/\/noticiasveraces.com\/?p=21957","title":{"rendered":"Un \u201cinvierno cu\u00e1ntico\u201d amenaza a Europa, seg\u00fan un estudio sobre una tecnolog\u00eda m\u00e1s disruptiva que la digital | Tecnolog\u00eda"},"content":{"rendered":"<p> \n<\/p>\n<div data-dtm-region=\"articulo_cuerpo\">\n<p class=\"\">Espa\u00f1a y el resto de la Uni\u00f3n Europea se enfrentan a la amenaza de un \u201cinvierno cu\u00e1ntico\u201d. Considerada como la tecnolog\u00eda m\u00e1s disruptiva, con un \u201cimpacto mayor que la digital\u201d, la ciencia que estudia la estructura microsc\u00f3pica de la materia y sus propiedades renquea por los pa\u00edses de la UE mientras Estados Unidos y China lideran ya aplicaciones de esta f\u00edsica. La fragmentaci\u00f3n regulatoria, la escasez de inversi\u00f3n privada y la falta de una estrategia unificada amenazan al continente europeo con volver a perder el tren de la innovaci\u00f3n. Son algunas de las conclusiones del informe <i>Tecnolog\u00edas cu\u00e1nticas: c\u00f3mo apostar y acertar desde Espa\u00f1a y la UE<\/i><i>, <\/i>elaborado por el Real Instituto Elcano y Tecnalia como llamada de atenci\u00f3n. \u201cLa revoluci\u00f3n cu\u00e1ntica no es una opci\u00f3n, es un imperativo estrat\u00e9gico\u201d, concluye el trabajo.<\/p>\n<p class=\"\">La mec\u00e1nica cu\u00e1ntica naci\u00f3 en Europa a principios del pasado siglo intentando explicar fen\u00f3menos a los que la f\u00edsica cl\u00e1sica no pod\u00eda responder. Max Planck, Albert Einstein, Werner Heisenberg, Erwin Schr\u00f6dinger y Niels Bohr construyeron los cimientos de la ciencia que puede explicar la naturaleza, pero el resto del edificio cu\u00e1ntico lo han construido otros, principalmente Estados Unidos y China, con dos modelos diferentes: privado el primero y p\u00fablico el segundo.<\/p>\n<p class=\"\">De esta forma, Europa ha vuelto a dejar en manos ajenas el desarrollo de la ciencia que, seg\u00fan el informe, \u201ctiene el potencial de transformar sectores clave como la ciberseguridad, la industria, la salud y la defensa\u201d.<\/p>\n<p class=\"\">Es la raz\u00f3n para esa amenaza de \u201cinvierno\u201d del que advierte el an\u00e1lisis. \u201cNo aprovechamos con la suficiente velocidad el impacto de las tecnolog\u00edas\u201d, advierte \u00cd\u00f1igo Arizaga, director de NEXT \u2013 Quantum Technologies en Tecnalia y coautor del informe. \u201cAl final\u201d, a\u00f1ade Judith Arnal, investigadora principal para Asuntos Econ\u00f3micos del Real Instituto Elcano y tambi\u00e9n firmante del trabajo, \u201cel crecimiento econ\u00f3mico va a depender, fundamentalmente, de ganancias de productividad y estas las van a aportar, sobre todo, las nuevas tecnolog\u00edas. Esto explica que est\u00e9n en el centro de las tensiones geopol\u00edticas\u201d.<\/p>\n<figure class=\"a_m a_m-h \"><span class=\"_db a_m_w\"><img alt=\"Judith Arnal, investigadora principal para Asuntos Econ\u00f3micos del Real Instituto Elcano.\" decoding=\"auto\" class=\"_re lazyload a_m-h\" height=\"355\" srcset=\"https:\/\/imagenes.elpais.com\/resizer\/v2\/KXFCAIRV2NC5NP65ZTMGQHA3IA.jpg?auth=9843f139feef5ffcf6cd9b70e1dc6375f898de4f8392114e97bc10493b36e821&amp;width=414 414w,https:\/\/imagenes.elpais.com\/resizer\/v2\/KXFCAIRV2NC5NP65ZTMGQHA3IA.jpg?auth=9843f139feef5ffcf6cd9b70e1dc6375f898de4f8392114e97bc10493b36e821&amp;width=828 640w,https:\/\/imagenes.elpais.com\/resizer\/v2\/KXFCAIRV2NC5NP65ZTMGQHA3IA.jpg?auth=9843f139feef5ffcf6cd9b70e1dc6375f898de4f8392114e97bc10493b36e821&amp;width=980 1000w,https:\/\/imagenes.elpais.com\/resizer\/v2\/KXFCAIRV2NC5NP65ZTMGQHA3IA.jpg?auth=9843f139feef5ffcf6cd9b70e1dc6375f898de4f8392114e97bc10493b36e821&amp;width=1960 1960w\" width=\"414\" sizes=\"auto, (min-width:1199px) 1155px,(min-width:1001px) calc(100vw - 44px),(min-width:768px) 767px, 100vw\" src=\"https:\/\/imagenes.elpais.com\/resizer\/v2\/KXFCAIRV2NC5NP65ZTMGQHA3IA.jpg?auth=9843f139feef5ffcf6cd9b70e1dc6375f898de4f8392114e97bc10493b36e821&amp;width=414\" loading=\"lazy\"\/><\/span><figcaption class=\"a_m_p\" aria-hidden=\"true\"><span>Judith Arnal, investigadora principal para Asuntos Econ\u00f3micos del Real Instituto Elcano.<\/span><span class=\"a_m_m\">Rie<\/span><\/figcaption><\/figure>\n<p class=\"\">Pero no todo est\u00e1 perdido, el trabajo del Instituto Elcano y Tecnalia, aunque admite el liderazgo norteamericano y chino en computaci\u00f3n y comunicaciones, defiende que a\u00fan hay margen para recuperar soberan\u00eda estrat\u00e9gica en este campo, en especial en chips cu\u00e1nticos (procesadores) y sensores, que exigen una alta especializaci\u00f3n, presentan menor competencia global y son claves para sectores como la biotecnolog\u00eda y la defensa.<\/p>\n<p class=\"\">El camino para rectificar la senda actual es dif\u00edcil porque supone superar las limitaciones que han llevado a Europa a esta situaci\u00f3n de dependencia: la falta de coordinaci\u00f3n p\u00fablico-privada, la deficiente transferencia de conocimiento, la dispersi\u00f3n o fragmentaci\u00f3n de iniciativas y la debilidad de los ecosistemas industriales viables.<\/p>\n<p class=\"\">En este sentido, el trabajo propone \u201cuna apuesta clara y concentrada para invertir en infraestructuras cient\u00edfico-tecnol\u00f3gicas, incentivar la financiaci\u00f3n privada e impulsar iniciativas como Quantum Spain y el PERTE Chip, en Espa\u00f1a, o la Quantum Act y la Plataforma STEP en el conjunto de Europa\u201d.<\/p>\n<p class=\"\">Aunque el foco medi\u00e1tico lo recibe la computaci\u00f3n cu\u00e1ntica, a pesar de que Arizaga advierte de que \u201ctodav\u00eda le va le va a costar alg\u00fan tiempo llegar a problemas en una escala real\u201d, el campo es muy amplio e incluye, adem\u00e1s de esta, la simulaci\u00f3n, las comunicaciones, la ciberseguridad y la <i>sensorico<\/i> y metrolog\u00eda (uso de estados cu\u00e1nticos en part\u00edculas subat\u00f3micas para medir y detectar fen\u00f3menos con una precisi\u00f3n que va m\u00e1s all\u00e1 de lo que permite la tecnolog\u00eda convencional). Cada sector atiende a diferentes desaf\u00edos y necesidades.<\/p>\n<p class=\"\">En juego no solo est\u00e1 la independencia europea en tecnolog\u00edas estrat\u00e9gicas, sino tambi\u00e9n un mercado que podr\u00eda aportar, seg\u00fan el informe, hasta 850.000 millones de euros a la econom\u00eda en las pr\u00f3ximas d\u00e9cadas en aplicaciones industriales, financieras, de investigaci\u00f3n cient\u00edfica, tecnol\u00f3gicas (en combinaci\u00f3n con la inteligencia artificial) y ciberseguridad.<\/p>\n<figure class=\"a_m a_m-h \"><span class=\"_db a_m_w _pr lb_btn\"><img alt=\"\u00cd\u00f1igo Arizaga, director de NEXT \u2013 Quantum Technologies en Tecnalia\" decoding=\"auto\" class=\"_re lazyload a_m-h\" height=\"276\" srcset=\"https:\/\/imagenes.elpais.com\/resizer\/v2\/3HFSYJT2EZHQDK6A23VRSFNRDU.jpg?auth=0c47b7c2cd0cc651dfaafa7a232036cc435e46e4c26169e0e1bedd911c9eef0f&amp;width=414 414w,https:\/\/imagenes.elpais.com\/resizer\/v2\/3HFSYJT2EZHQDK6A23VRSFNRDU.jpg?auth=0c47b7c2cd0cc651dfaafa7a232036cc435e46e4c26169e0e1bedd911c9eef0f&amp;width=828 640w,https:\/\/imagenes.elpais.com\/resizer\/v2\/3HFSYJT2EZHQDK6A23VRSFNRDU.jpg?auth=0c47b7c2cd0cc651dfaafa7a232036cc435e46e4c26169e0e1bedd911c9eef0f&amp;width=980 1000w,https:\/\/imagenes.elpais.com\/resizer\/v2\/3HFSYJT2EZHQDK6A23VRSFNRDU.jpg?auth=0c47b7c2cd0cc651dfaafa7a232036cc435e46e4c26169e0e1bedd911c9eef0f&amp;width=1960 1960w\" width=\"414\" sizes=\"auto, (min-width:1199px) 1155px,(min-width:1001px) calc(100vw - 44px),(min-width:768px) 767px, 100vw\" src=\"https:\/\/imagenes.elpais.com\/resizer\/v2\/3HFSYJT2EZHQDK6A23VRSFNRDU.jpg?auth=0c47b7c2cd0cc651dfaafa7a232036cc435e46e4c26169e0e1bedd911c9eef0f&amp;width=414\" loading=\"lazy\"\/><svg aria-hidden=\"true\" class=\"icon_multimedia_ampliar | _pa a_m_i a_m_i-a _dn\" viewbox=\"0 0 40 40\"><use xlink:href=\"#svg-ampliar\"\/><\/svg><\/span><figcaption class=\"a_m_p\" aria-hidden=\"true\"><span>\u00cd\u00f1igo Arizaga, director de NEXT \u2013 Quantum Technologies en Tecnalia<\/span><span class=\"a_m_m\">JAVIER LARREA<\/span><\/figcaption><\/figure>\n<p class=\"\">\u201cHay una oportunidad econ\u00f3mica importante y hay que hacer cosas para aprovecharla, pero, adem\u00e1s, y esto es importante en s\u00ed mismo, detr\u00e1s hay implicaciones relacionadas con la seguridad digital, con la soberan\u00eda en seguridad, que estamos obligados a mantener\u201d, resume Arizaga.<\/p>\n<p class=\"\">Para cosechar en el campo cu\u00e1ntico, China lidera el gasto p\u00fablico con un total de 15.300 millones de euros desde 2021 y hasta el pr\u00f3ximo 2027. Europa es la segunda regi\u00f3n en este tipo de inversi\u00f3n (10.900 millones de euros). \u201cPero lo hacemos mal, de una manera absolutamente fragmentada. Tenemos que hacer apuestas muy claras, muy decididas y muy concentradas\u201d, lamenta Arnal. Estados Unidos supera a ambas potencias, pero el peso, por encima del 80%, recae en empresas privadas. Se incluyen en el grupo de grandes inversores Reino Unido, Canad\u00e1, India, Jap\u00f3n y Corea del Sur.<\/p>\n<p class=\"\">La pujanza inversora contrasta con la aportaci\u00f3n europea en investigaci\u00f3n. Aunque Estados Unidos mantiene el liderazgo de patentes (con una media de 5.000 patentes por a\u00f1o), la UE mantiene una cifra similar y aporta el 24,3% de investigaciones relevantes en materia cu\u00e1ntica, un punto por delante de China y siete puntos m\u00e1s que el pa\u00eds norteamericano. De esta forma, Europa sigue aportando las bases de los desarrollos y materia gris que aprovechan otros. Grandes figuras espa\u00f1olas de la f\u00edsica y la computaci\u00f3n cu\u00e1ntica, como Dar\u00edo Gil (ex directivo de IBM y ahora en el Gobierno de EE UU), Sergio Boixo (Google) o Ant\u00eda Lamas (Amazon Web Services), han desarrollado su carrera fuera de su pa\u00eds.<\/p>\n<aside class=\"a_ei\">\n<header class=\"a_ei_h _db\">M\u00e1s informaci\u00f3n<\/header>\n<\/aside>\n<p class=\"\">En Espa\u00f1a destaca el eje norte, formado por Galicia, Pa\u00eds Vasco y Catalu\u00f1a, con centros especializados en f\u00edsica cu\u00e1ntica y con infraestructuras destacadas, Madrid y las iniciativas p\u00fablicas como Quantum Spain, con una inversi\u00f3n de 60 millones de euros, el Plan Complementario de Comunicaci\u00f3n Cu\u00e1ntica (73,5 millones de euros) y el PERTE Aeroespacial (125 millones de euros).<\/p>\n<p class=\"\">Estas iniciativas deber\u00edan situar al pa\u00eds en una buena posici\u00f3n para subirse al tren, pero carecen de financiaci\u00f3n privada robusta, coordinaci\u00f3n y capacidad de transferir las investigaciones a aplicaciones. \u201cQue cada regi\u00f3n\u201d, explica la investigadora de Elcano, \u201cquiera ser polo de atracci\u00f3n en materia cu\u00e1ntica es muy humano y una conducta muy pol\u00edtica, pero esto requiere la suficiente masa cr\u00edtica para que vayamos coordinados en el \u00e1mbito estatal y de la Uni\u00f3n Europea. Si no, desde un punto de vista estrictamente econ\u00f3mico, no vamos a poder explotar econom\u00edas de escala y cualquier cosa que hagamos va a ser much\u00edsimo m\u00e1s costosa\u201d. \u201cEstamos cada uno disparando con balines en una direcci\u00f3n\u201d, a\u00f1ade Arizaga, quien pone de ejemplo el efecto de la inversi\u00f3n china, vinculada a una estrategia \u00fanica, con la europea, similar en cantidad, pero no en resultados.<\/p>\n<p class=\"\">El momento es el adecuado para revertir la situaci\u00f3n, seg\u00fan advierte Arnal: \u201cSe est\u00e1 planteando aumentar much\u00edsimo la inversi\u00f3n en defensa; vamos a intentar que sea lo m\u00e1s tractora posible para nuestro tejido industrial y tecnol\u00f3gico\u201d.<\/p>\n<p class=\"\">Esta tracci\u00f3n se explica en las posibles aplicaciones complementarias a desarrollos vinculados a la defensa. Arizaga pone de ejemplo los usos de tecnolog\u00eda cu\u00e1ntica en diagn\u00f3stico precoz, en resonancia magn\u00e9tica nuclear o en detecci\u00f3n de contaminantes. Tambi\u00e9n destaca la magnetometr\u00eda, que permite determinar con precisi\u00f3n una ubicaci\u00f3n o un objeto sin cobertura satelital.<\/p>\n<p class=\"\">\u201cSe habla mucho de digitalizar la industria y nosotros lo que pedimos es industrializar la digitalizaci\u00f3n, tener una verdadera pol\u00edtica de Estado y europea para todo lo digital\u201d, enfatiza Arnal.<\/p>\n<p class=\"\">\u201cYa hemos perdido el tren de internet, pero en tecnolog\u00edas cu\u00e1nticas puede ser diferente, sobre todo, porque lo que estamos proponiendo nosotros no es c\u00f3mo subirnos a un tren que ya lleva mucho tiempo en marcha, sino c\u00f3mo ponernos a la cabeza. En tecnolog\u00edas cu\u00e1nticas tenemos la oportunidad\u201d, concluye la investigadora de Elcano.<\/p>\n<\/div>\n\n","protected":false},"excerpt":{"rendered":"<p>Espa\u00f1a y el resto de la Uni\u00f3n Europea se enfrentan a la amenaza de un \u201cinvierno cu\u00e1ntico\u201d. Considerada como la tecnolog\u00eda m\u00e1s disruptiva, con un \u201cimpacto mayor que la digital\u201d, la ciencia que estudia la estructura microsc\u00f3pica de la materia y sus propiedades renquea por los pa\u00edses de la UE mientras Estados Unidos y China &hellip;<\/p>\n","protected":false},"author":1,"featured_media":21958,"comment_status":"open","ping_status":"open","sticky":false,"template":"","format":"standard","meta":{"fifu_image_url":"https:\/\/imagenes.elpais.com\/resizer\/v2\/66PVR3LXTBEAXHBWSEKGD2JRHM.jpg?auth=6fd0f44eed76f4c7353ded5db2ba497b743b90667204111ed4108236576b05f6&width=1200","fifu_image_alt":"","footnotes":""},"categories":[2],"tags":[],"class_list":["post-21957","post","type-post","status-publish","format-standard","has-post-thumbnail","","category-tecnologia"],"_links":{"self":[{"href":"https:\/\/noticiasveraces.com\/index.php?rest_route=\/wp\/v2\/posts\/21957","targetHints":{"allow":["GET"]}}],"collection":[{"href":"https:\/\/noticiasveraces.com\/index.php?rest_route=\/wp\/v2\/posts"}],"about":[{"href":"https:\/\/noticiasveraces.com\/index.php?rest_route=\/wp\/v2\/types\/post"}],"author":[{"embeddable":true,"href":"https:\/\/noticiasveraces.com\/index.php?rest_route=\/wp\/v2\/users\/1"}],"replies":[{"embeddable":true,"href":"https:\/\/noticiasveraces.com\/index.php?rest_route=%2Fwp%2Fv2%2Fcomments&post=21957"}],"version-history":[{"count":0,"href":"https:\/\/noticiasveraces.com\/index.php?rest_route=\/wp\/v2\/posts\/21957\/revisions"}],"wp:featuredmedia":[{"embeddable":true,"href":"https:\/\/noticiasveraces.com\/index.php?rest_route=\/wp\/v2\/media\/21958"}],"wp:attachment":[{"href":"https:\/\/noticiasveraces.com\/index.php?rest_route=%2Fwp%2Fv2%2Fmedia&parent=21957"}],"wp:term":[{"taxonomy":"category","embeddable":true,"href":"https:\/\/noticiasveraces.com\/index.php?rest_route=%2Fwp%2Fv2%2Fcategories&post=21957"},{"taxonomy":"post_tag","embeddable":true,"href":"https:\/\/noticiasveraces.com\/index.php?rest_route=%2Fwp%2Fv2%2Ftags&post=21957"}],"curies":[{"name":"wp","href":"https:\/\/api.w.org\/{rel}","templated":true}]}}