{"id":21949,"date":"2025-04-07T13:44:46","date_gmt":"2025-04-07T17:44:46","guid":{"rendered":"https:\/\/noticiasveraces.com\/?p=21949"},"modified":"2025-04-07T13:44:46","modified_gmt":"2025-04-07T17:44:46","slug":"los-jueces-rip-trump-administracion-para-tacticas-de-litigios","status":"publish","type":"post","link":"https:\/\/noticiasveraces.com\/?p=21949","title":{"rendered":"Los jueces Rip Trump Administraci\u00f3n para t\u00e1cticas de litigios"},"content":{"rendered":"<p> \n<br \/><img decoding=\"async\" src=\"https:\/\/media-cldnry.s-nbcnews.com\/image\/upload\/t_fit_1500w\/rockcms\/2025-03\/250318-james-boasberg-mn-1450-7442dd.jpg\" \/><\/p>\n<div>\n<p class=\"body-graf\">Los jueces mostraron cierta frustraci\u00f3n esta semana con la forma en que la administraci\u00f3n Trump se ha defendido en la corte, y uno dijo que parec\u00eda haber usado t\u00e1cticas de \u00abmala fe\u00bb, otro acus\u00e1ndolo de usar argumentos \u00abfalsos\u00bb y un tercero que dec\u00eda que estaba haciendo afirmaciones \u00abinexactas\u00bb.<\/p>\n<p class=\"body-graf\">Uno de los jueces, el juez de distrito de los Estados Unidos, James Boasberg, sugiri\u00f3 que podr\u00eda retener los procedimientos de desacato para que el gobierno explique no cumplir con sus \u00f3rdenes.<\/p>\n<p class=\"body-graf\">En un caso separado pero relacionado, un juez federal en Maryland orden\u00f3 el viernes al gobierno que devolviera un deportivo que reconoci\u00f3 fue enviado accidentalmente a una notoria megajail en El Salvador.<\/p>\n<p class=\"body-graf\">La semana termin\u00f3 con una gran victoria para la administraci\u00f3n, cuando la Corte Suprema le permiti\u00f3 finalizar las subvenciones del Departamento de Educaci\u00f3n que un tribunal inferior hab\u00eda restaurado. Fue la primera vez durante la segunda administraci\u00f3n del presidente Donald Trump que la Corte Suprema se puso del lado de \u00e9l.<\/p>\n<p class=\"body-graf\">Aqu\u00ed hay un vistazo a algunos de los mayores desarrollos legales de la semana:<\/p>\n<h2 class=\"body-heading\">&#8216;El gobierno actu\u00f3 de mala fe&#8217;<\/h2>\n<p class=\"body-graf\">En una audiencia el jueves, Boasberg exigi\u00f3 respuestas detalladas sobre el incumplimiento de la administraci\u00f3n para cumplir con su orden detener las deportaciones bajo la invocaci\u00f3n de Trump de la Ley de Enemigos Alien Raramente utilizados.<\/p>\n<p class=\"body-graf\">No los consigui\u00f3.<\/p>\n<p class=\"body-graf\">Despu\u00e9s de que el fiscal general adjunto adjunto de Inmigraci\u00f3n Drew Ensign le dijo \u00abEs nuestra posici\u00f3n que las acciones del gobierno cumplieron\u00bb con sus dos \u00f3rdenes de restricci\u00f3n que proh\u00edben al presunto a los miembros de pandillas venezolanas que sal\u00edan del pa\u00eds el 15 de marzo, el juez dej\u00f3 que su frustraci\u00f3n se mostrara.<\/p>\n<p class=\"body-graf\">\u00abEst\u00e1 bien. Entonces me parece que existe una buena probabilidad de que eso no sea correcto y, de hecho, que el gobierno actu\u00f3 de mala fe durante todo ese d\u00eda\u00bb, dijo Boasberg.<\/p>\n<p class=\"body-graf\">\u00abSi realmente creyeras que todo lo que hiciste ese d\u00eda era legal y podr\u00eda sobrevivir a un desaf\u00edo judicial, no puedo creer que alguna vez hubieras operado de la manera en que lo hiciste\u00bb, agreg\u00f3.<\/p>\n<p class=\"body-graf\">Tambi\u00e9n hizo referencia a la deportaci\u00f3n de un hombre de Maryland que la administraci\u00f3n reconoci\u00f3 fue enviado por error a El Salvador.<\/p>\n<p class=\"body-graf\">\u00abEntonces, lo que estaba dispuesto a hacer tratando de hacer esto lo m\u00e1s r\u00e1pido posible y evitar que el tribunal fuera ordenado era arriesgarse a poner a las personas en esos aviones que no deber\u00edan haber estado en los aviones en primer lugar\u00bb, dijo Boasberg m\u00e1s tarde en la audiencia.<\/p>\n<p class=\"body-graf\">El juez se\u00f1al\u00f3 que Trump hab\u00eda firmado el AEA el viernes 14 de marzo, pero no lo hizo p\u00fablico hasta el s\u00e1bado por la tarde, cuando los preparativos para enviar a los deportados a una prisi\u00f3n en El Salvador ya estaban en marcha.<\/p>\n<p class=\"body-graf\">Sugiri\u00f3 que el momento era intencional, por lo que los deportados podr\u00edan ser \u00abretirados del pa\u00eds antes de que fuera posible desafiarlo legalmente\u00bb.<\/p>\n<p class=\"body-graf\">Ensign dijo: \u00abNo tengo ninguna informaci\u00f3n sobre eso\u00bb.<\/p>\n<p class=\"body-graf\">Los abogados de los demandantes, que niegan que sean miembros de la pandilla, se enteraron de la orden ejecutiva el 14 de marzo y presentaron una demanda durante la noche para bloquear las deportaciones. Boasberg orden\u00f3 una audiencia de emergencia para ese s\u00e1bado por la tarde.<\/p>\n<p class=\"body-graf\">Durante esa audiencia, el juez orden\u00f3 que cualquier deportaci\u00f3n bajo el AEA se detuviera temporalmente, y orden\u00f3 que cualquier vuelo que estaba en marcha fuera devuelto al Alf\u00e9raso de los Estados Unidos, dijo en ese momento que no estaba al tanto de ninguna, una posici\u00f3n que reiter\u00f3 el jueves.<\/p>\n<p class=\"body-graf\">\u00abNo ten\u00eda conocimiento de mi cliente que era el caso\u00bb, dijo Ensign, y \u00abhice esfuerzos diligentes para obtener esa informaci\u00f3n\u00bb del Departamento de Seguridad Nacional y del Departamento de Estado.<\/p>\n<p class=\"body-graf\">M\u00e1s tarde se revel\u00f3 que dos de estos vuelos estaban en el aire en ese momento. El gobierno se ha negado a divulgar detalles sobre el momento exacto, etiquet\u00e1ndolo como un \u00absecreto del estado\u00bb. Los abogados del Departamento de Justicia afirmaron que los vuelos estaban fuera del espacio a\u00e9reo estadounidense en ese momento y, por lo tanto, no ten\u00edan que regresar.<\/p>\n<p class=\"body-graf\">Boasberg presion\u00f3 a Ensign sobre qui\u00e9n tom\u00f3 la decisi\u00f3n de no cambiar los aviones. \u00abNo lo s\u00e9\u00bb, respondi\u00f3 Ensign.<\/p>\n<p class=\"body-graf\">\u00abCiertamente estoy interesado en descubrirlo porque a medida que avanzamos con posibles procedimientos de desacato, eso puede ser relevante\u00bb, dijo el juez.<\/p>\n<p class=\"body-graf\">Dijo que probablemente emitir\u00e1 una orden sobre si hay una causa probable para encontrar al gobierno en desprecio la pr\u00f3xima semana.<\/p>\n<p class=\"body-graf\">En una conferencia de prensa no relacionada el viernes, se le pregunt\u00f3 a la Fiscal\u00eda General de los Estados Unidos Pam Bondi si \u00abestuvo involucrada en la decisi\u00f3n de desafiar\u00bb la orden de Boasberg.<\/p>\n<p class=\"body-graf\">\u00abNo creo que nadie haya desafiado una orden de un juez. Eso est\u00e1 pendiente en la corte en este momento\u00bb, dijo.<\/p>\n<p class=\"body-graf\">El martes, las partes regresar\u00e1n antes de Boasberg para argumentos sobre el centro del tema en el caso, si la administraci\u00f3n Trump deber\u00eda ser ordenada indefinidamente de deportar a los presuntos miembros de Tren de Aragua bajo el AEA.<\/p>\n<p class=\"body-graf\">La administraci\u00f3n ya apel\u00f3 su orden de restricci\u00f3n actual a la Corte Suprema de los Estados Unidos, alegando que infringe los poderes del presidente.<\/p>\n<h2 class=\"body-heading\">Juez reglas a favor del hombre de Maryland deportado a El Salvador<\/h2>\n<p class=\"body-graf\">La jueza de distrito de los Estados Unidos, Paula Xinis, orden\u00f3 el viernes que Kilmar Abrego Garc\u00eda, que es un residente legal de Maryland, fue devuelto a los Estados Unidos el lunes despu\u00e9s de que un abogado del Departamento de Justicia reconoci\u00f3 que no deber\u00eda haber sido enviado a El Salvador.<\/p>\n<p class=\"body-graf\">Un juez de inmigraci\u00f3n hab\u00eda prohibido espec\u00edficamente a Garc\u00eda, a quien el gobierno alega que es un miembro de la pandilla MS-13, de ser enviado a El Salvador en 2019, encontrando que \u00abes m\u00e1s probable que sea perseguido\u00bb all\u00ed.<\/p>\n<p class=\"body-graf\">Xinis le pregunt\u00f3 al abogado del Departamento de Justicia, Erez Reuveni, por qu\u00e9 la administraci\u00f3n no pudo pedirle a El Salvador que devolviera Garc\u00eda. Reuveni dijo que le hab\u00eda preguntado a su cliente lo mismo y, \u00abTodav\u00eda no he recibido una respuesta que me parezca satisfactoria\u00bb.<\/p>\n<p class=\"body-graf\">Reuveni tambi\u00e9n dijo que no sab\u00eda por qu\u00e9 Garc\u00eda hab\u00eda sido arrestado, c\u00f3mo se determin\u00f3 que lo enviar\u00edan a El Salvador o cualquier detalle sobre el acuerdo de la administraci\u00f3n con la prisi\u00f3n all\u00ed.<\/p>\n<p class=\"body-graf\">\u00abEl gobierno tom\u00f3 una decisi\u00f3n aqu\u00ed para no producir evidencia\u00bb, dijo.<\/p>\n<h2 class=\"body-heading\">Argumentos &#8216;falsas&#8217; en un caso de California<\/h2>\n<p class=\"body-graf\">Un juez federal en California emiti\u00f3 el lunes una orden temporalmente que la administraci\u00f3n Trump ponga fin a un estatus protegido temporal para m\u00e1s de 350,000 nacionales venezolanos.<\/p>\n<p class=\"body-graf\">El juez de distrito de los Estados Unidos, Edward Chen, dijo que los demandantes en el caso pueden tener \u00e9xito con sus afirmaciones de que la decisi\u00f3n \u00absin precedentes\u00bb de la secretaria de Seguridad Nacional Kristi Noem de poner un fin temprano a sus protecciones de TPS, que les permiten vivir y trabajar en los Estados Unidos, \u00abno autorizada por la ley, arbitraria y capitosa y motivada por un \u00e1ngulo no conconstitucional\u00bb.<\/p>\n<p class=\"body-graf\">Noem hab\u00eda dirigido las protecciones de TPS, que hab\u00edan sido programadas para expirar a fines del pr\u00f3ximo a\u00f1o, para ser despedido el 7 de abril.<\/p>\n<p class=\"body-graf\">La administraci\u00f3n est\u00e1 apelando la decisi\u00f3n de Chen y le pidi\u00f3 por separado que permaneciera su propio fallo, argumentando en parte que poner fin a las protecciones no significa que sean deportados.<\/p>\n<p class=\"body-graf\">\u00ab[T]Hat es un argumento falso \u00ab, escribi\u00f3 Chen el viernes, rechazando la solicitud de la administraci\u00f3n de una estad\u00eda.<\/p>\n<p class=\"body-graf\">Se\u00f1al\u00f3 que durante una entrevista donde ella anunci\u00f3 la decisi\u00f3n, Noem dijo que \u00abla gente de este pa\u00eds quiere salir estas bolsas de tierra\u00bb.<\/p>\n<p class=\"body-graf\">Dijo que el \u00abpunto entero\u00bb de la decisi\u00f3n de terminaci\u00f3n temprana de Noem \u00abera permitir la eliminaci\u00f3n de los titulares de TPS venezolanos en un horario muy previo al horario establecido\u00bb por su predecesor, Alejandro Mayorkas.<\/p>\n<p class=\"body-graf\">\u00abTampoco el gobierno ha declarado que, si el tribunal permaneciera en su orden de aplazamiento, no avanzar\u00e1 de inmediato con la eliminaci\u00f3n de ning\u00fan titular de TPS venezolano\u00bb, agreg\u00f3 Chen.<\/p>\n<p class=\"body-graf\">Se\u00f1al\u00f3 el reconocimiento de la administraci\u00f3n en el caso de AEA que uno de los deportados no deber\u00eda haber sido eliminado como otra raz\u00f3n para no detener su fallo.<\/p>\n<p class=\"body-graf\">El \u00abgobierno deport\u00f3 err\u00f3neamente a un individuo, que tiene estatus legal para estar en los Estados Unidos, a El Salvador, pero esencialmente ha tomado la posici\u00f3n de que no puede hacer nada para abordar ese error\u00bb, escribi\u00f3 el juez, mostrando cualquier eliminaci\u00f3n en su caso \u00abprobablemente no podr\u00eda ser\u00bb deshacer \u00absi los demandantes finalmente prevalecen\u00bb.<\/p>\n<h2 class=\"body-heading\">Reclamos &#8216;inexactos&#8217;<\/h2>\n<p class=\"body-graf\">El Departamento de Justicia tambi\u00e9n busc\u00f3 una suspensi\u00f3n de un juez federal en Washington, DC, pidi\u00e9ndole que detenga su orden judicial preliminar, lo que proh\u00edbe a la administraci\u00f3n a cerrar la Oficina de Protecci\u00f3n Financiera del Consumidor.<\/p>\n<p class=\"body-graf\">La decisi\u00f3n del 28 de marzo de la jueza de distrito de EE. UU. Amy Berman Jackson, que otorga la orden judicial incluy\u00f3 algunas palabras duras para la administraci\u00f3n, encontrando sus afirmaciones que no estaba tratando de cerrar la agencia \u00abpoco confiable\u00bb.<\/p>\n<p class=\"body-graf\">El \u00abintento de und\u00e9cima hora del gobierno de sugerir inmediatamente antes de la audiencia que la orden de parada de trabajo no era realmente una orden de parada de trabajo en absoluto era tan falso que el tribunal se quede con poca confianza en que se puede confiar en la defensa para decir la verdad sobre cualquier cosa\u00bb, escribi\u00f3 Jackson entonces.<\/p>\n<p class=\"body-graf\">Estaba igualmente impresionado el jueves con sus argumentos para una suspensi\u00f3n de su pedido.<\/p>\n<p class=\"body-graf\">\u00ab[T]La descripci\u00f3n del heredero de la orden est\u00e1 en desacuerdo con los t\u00e9rminos de la orden, y su descripci\u00f3n del fallo que lo impuls\u00f3 tambi\u00e9n es inexacto \u00ab, escribi\u00f3, negando la solicitud.<\/p>\n<p class=\"body-graf\">Ese mismo d\u00eda, el 4to Tribunal de Apelaciones del Circuito de los Estados Unidos le otorg\u00f3 al gobierno una suspensi\u00f3n temporal parcial de la orden.<\/p>\n<p class=\"body-graf\">\u00abEl prop\u00f3sito de esta estad\u00eda administrativa es darle al tribunal una oportunidad suficiente para considerar la moci\u00f3n de emergencia para la estad\u00eda pendiente de apelaci\u00f3n y no debe interpretarse de ninguna manera como un fallo sobre los m\u00e9ritos de esa moci\u00f3n\u00bb, dijo el fallo.<\/p>\n<h2 class=\"body-heading\">Victoria suprema<\/h2>\n<p class=\"body-graf\">La Corte Suprema otorg\u00f3 a la administraci\u00f3n cierta alivio el viernes por la noche al permitirle rescindir subvenciones de educaci\u00f3n para la capacitaci\u00f3n docente que los funcionarios de la administraci\u00f3n consideran que violan la pol\u00edtica de Trump que se opone a los esfuerzos de diversidad, equidad e inclusi\u00f3n.<\/p>\n<p class=\"body-graf\">La decisi\u00f3n 5-4 bloque\u00f3 la decisi\u00f3n de un juez con sede en Massachusetts que encontr\u00f3 que la administraci\u00f3n no hab\u00eda seguido el proceso legal correcto para terminar las subvenciones.<\/p>\n<p class=\"endmark body-graf\">La apelaci\u00f3n fue una de las tres que la administraci\u00f3n present\u00f3 al Tribunal Superior con la semana pasada, incluido el caso de la Ley de Enemigos Alien.<\/p>\n<\/div>\n\n","protected":false},"excerpt":{"rendered":"<p>Los jueces mostraron cierta frustraci\u00f3n esta semana con la forma en que la administraci\u00f3n Trump se ha defendido en la corte, y uno dijo que parec\u00eda haber usado t\u00e1cticas de \u00abmala fe\u00bb, otro acus\u00e1ndolo de usar argumentos \u00abfalsos\u00bb y un tercero que dec\u00eda que estaba haciendo afirmaciones \u00abinexactas\u00bb. Uno de los jueces, el juez de &hellip;<\/p>\n","protected":false},"author":1,"featured_media":21951,"comment_status":"open","ping_status":"open","sticky":false,"template":"","format":"standard","meta":{"fifu_image_url":"https:\/\/media-cldnry.s-nbcnews.com\/image\/upload\/t_nbcnews-fp-1200-630,f_auto,q_auto:best\/rockcms\/2025-03\/250318-james-boasberg-mn-1450-7442dd.jpg","fifu_image_alt":"","footnotes":""},"categories":[4],"tags":[],"class_list":["post-21949","post","type-post","status-publish","format-standard","has-post-thumbnail","","category-historias-destacadas"],"_links":{"self":[{"href":"https:\/\/noticiasveraces.com\/index.php?rest_route=\/wp\/v2\/posts\/21949","targetHints":{"allow":["GET"]}}],"collection":[{"href":"https:\/\/noticiasveraces.com\/index.php?rest_route=\/wp\/v2\/posts"}],"about":[{"href":"https:\/\/noticiasveraces.com\/index.php?rest_route=\/wp\/v2\/types\/post"}],"author":[{"embeddable":true,"href":"https:\/\/noticiasveraces.com\/index.php?rest_route=\/wp\/v2\/users\/1"}],"replies":[{"embeddable":true,"href":"https:\/\/noticiasveraces.com\/index.php?rest_route=%2Fwp%2Fv2%2Fcomments&post=21949"}],"version-history":[{"count":0,"href":"https:\/\/noticiasveraces.com\/index.php?rest_route=\/wp\/v2\/posts\/21949\/revisions"}],"wp:featuredmedia":[{"embeddable":true,"href":"https:\/\/noticiasveraces.com\/index.php?rest_route=\/wp\/v2\/media\/21951"}],"wp:attachment":[{"href":"https:\/\/noticiasveraces.com\/index.php?rest_route=%2Fwp%2Fv2%2Fmedia&parent=21949"}],"wp:term":[{"taxonomy":"category","embeddable":true,"href":"https:\/\/noticiasveraces.com\/index.php?rest_route=%2Fwp%2Fv2%2Fcategories&post=21949"},{"taxonomy":"post_tag","embeddable":true,"href":"https:\/\/noticiasveraces.com\/index.php?rest_route=%2Fwp%2Fv2%2Ftags&post=21949"}],"curies":[{"name":"wp","href":"https:\/\/api.w.org\/{rel}","templated":true}]}}