{"id":21926,"date":"2025-04-07T10:15:49","date_gmt":"2025-04-07T14:15:49","guid":{"rendered":"https:\/\/noticiasveraces.com\/?p=21926"},"modified":"2025-04-07T10:15:49","modified_gmt":"2025-04-07T14:15:49","slug":"los-legisladores-del-reino-unido-acusados-de-planear-difundir-el-odio-anti-israel-bloqueados-por-la-entrada-de-israel","status":"publish","type":"post","link":"https:\/\/noticiasveraces.com\/?p=21926","title":{"rendered":"Los legisladores del Reino Unido acusados \u200b\u200bde planear \u00abdifundir el odio anti-Israel\u00bb bloqueados por la entrada de Israel"},"content":{"rendered":"<p> \n<\/p>\n<div>\n<div class=\"article-gating gated-overlay show-gate\">\n<div class=\"article-gating-wrapper\">\n<p>\u00danase a Fox News para acceder a este contenido<\/p>\n<p>Has alcanzado su n\u00famero m\u00e1ximo de art\u00edculos. Inicie sesi\u00f3n o cree una cuenta de forma gratuita para continuar leyendo.<\/p>\n<div class=\"article-gating-legal tablet-desktop\">Al ingresar su correo electr\u00f3nico y presionar continuar, usted acepta los t\u00e9rminos de uso y la pol\u00edtica de privacidad de Fox News, que incluye nuestro aviso de incentivo financiero.\n    <\/div>\n<p><span>Por favor, introduce una direcci\u00f3n de correo electr\u00f3nico v\u00e1lida.<\/span><\/p>\n<footer class=\"article-gating-footer\">\u00bfTiene problemas? Haga clic aqu\u00ed.<\/footer>\n<\/div>\n<\/div>\n<p class=\"speakable\">Israel ha negado la entrada a dos legisladores brit\u00e1nicos que fueron acusados \u200b\u200bde planear \u00abdifundir el odio anti-Israel\u00bb.<\/p>\n<p class=\"speakable\">Los dos miembros laboristas del Parlamento, Yuan Yang y Abtisam Mohamed, fueron detenidos brevemente durante el fin de semana y negaron la entrada a Israel porque supuestamente ten\u00edan planes de \u00abdocumentar las actividades de las fuerzas de seguridad y difundir el odio anti-Israel\u00bb, dijo la agencia de inmigraci\u00f3n de Israel a Sky News.<\/p>\n<p>Funcionarios israel\u00edes le dijeron a la salida que Yang y Mohamed estaban con dos asistentes en el viaje, quienes dijeron que iban a Israel \u00abcomo parte de una delegaci\u00f3n parlamentaria oficial\u00bb.<\/p>\n<p>Los funcionarios dijeron que los agentes de inmigraci\u00f3n no encontraron \u00abevidencia para apoyar el reclamo &#8230; viajaban como parte de una delegaci\u00f3n oficial\u00bb.<\/p>\n<p><strong>El brazo de comunicaciones globales de la ONU bajo fuego por el sesgo anti-Israel como los cr\u00edticos piden reformas<\/strong><\/p>\n<div class=\"image-ct inline\">\n<div class=\"m\"><picture><source media=\"(max-width: 767px)\" srcset=\"https:\/\/a57.foxnews.com\/static.foxnews.com\/foxnews.com\/content\/uploads\/2025\/04\/343\/192\/untitled-design-33.png?ve=1&amp;tl=1, https:\/\/a57.foxnews.com\/static.foxnews.com\/foxnews.com\/content\/uploads\/2025\/04\/686\/384\/untitled-design-33.png?ve=1&amp;tl=1 2x\" height=\"192\" width=\"343\"><source media=\"(min-width: 768px) and (max-width: 1023px)\" srcset=\"https:\/\/a57.foxnews.com\/static.foxnews.com\/foxnews.com\/content\/uploads\/2025\/04\/672\/378\/untitled-design-33.png?ve=1&amp;tl=1, https:\/\/a57.foxnews.com\/static.foxnews.com\/foxnews.com\/content\/uploads\/2025\/04\/1344\/756\/untitled-design-33.png?ve=1&amp;tl=1 2x\" height=\"378\" width=\"672\"><source media=\"(min-width: 1024px) and (max-width: 1279px)\" srcset=\"https:\/\/a57.foxnews.com\/static.foxnews.com\/foxnews.com\/content\/uploads\/2025\/04\/931\/523\/untitled-design-33.png?ve=1&amp;tl=1, https:\/\/a57.foxnews.com\/static.foxnews.com\/foxnews.com\/content\/uploads\/2025\/04\/1862\/1046\/untitled-design-33.png?ve=1&amp;tl=1 2x\" height=\"523\" width=\"931\"><source media=\"(min-width: 1280px)\" srcset=\"https:\/\/a57.foxnews.com\/static.foxnews.com\/foxnews.com\/content\/uploads\/2025\/04\/720\/405\/untitled-design-33.png?ve=1&amp;tl=1, https:\/\/a57.foxnews.com\/static.foxnews.com\/foxnews.com\/content\/uploads\/2025\/04\/1440\/810\/untitled-design-33.png?ve=1&amp;tl=1 2x\" height=\"405\" width=\"720\"><img loading=\"lazy\" decoding=\"async\" src=\"https:\/\/a57.foxnews.com\/static.foxnews.com\/foxnews.com\/content\/uploads\/2025\/04\/1200\/675\/untitled-design-33.png?ve=1&amp;tl=1\" alt=\"Los parlamentarios laborales Abtisam Mohamed, izquierda y Yuan Yang (derecha).\" width=\"1200\" height=\"675\"\/><\/source><\/source><\/source><\/source><\/picture><\/div>\n<div class=\"info\">\n<div class=\"caption\">\n<p><span>Esta combinaci\u00f3n de fotos sin fecha emitida por el Parlamento del Reino Unido muestra a los parlamentarios laboristas Abtisam Mohamed, a la izquierda, y a Yuan Yang, a quien se les neg\u00f3 la entrada a Israel.<\/span> <span>(Parlamento Roger Harris\/Reino Unido a trav\u00e9s de AP)<\/span><\/p>\n<\/div>\n<\/div>\n<\/div>\n<p>\u00abNing\u00fan pol\u00edtico o funcionarios del gobierno sab\u00eda que iban a venir\u00bb, agregaron los funcionarios israel\u00edes.<\/p>\n<p>El Consejo de Comprensi\u00f3n \u00e1rabe-brit\u00e1nica afirm\u00f3 que los legisladores eran parte de una delegaci\u00f3n organizada por el grupo y la ayuda m\u00e9dica para los palestinos.<\/p>\n<p>Mohamed y Yang publicaron en un comunicado a X que estaban \u00abasombrados\u00bb ante la decisi\u00f3n de las autoridades israel\u00edes.<\/p>\n<p>\u00abEs vital que los parlamentarios puedan presenciar, de primera mano, la situaci\u00f3n en el territorio palestino ocupado\u00bb, escribieron. \u00abSomos dos, fuera de decenas de parlamentarios, que han hablado en el Parlamento en los \u00faltimos meses en el conflicto de Israel-Palestina y la importancia de cumplir con el derecho internacional humanitario. Los parlamentarios deben sentirse libres de hablar sinceramente en la casa de los comunes, sin temor a ser atacados\u00bb.<\/p>\n<p>Durante un discurso del 2 de abril, Mohamed acus\u00f3 a Israel de limpieza \u00e9tnica.<\/p>\n<p><strong><u>El jefe de vigilancia de la ONU dice que UNRWA contrat\u00f3 a personas que \u00abapoyaban el terrorismo\u00bb<\/u><\/strong><\/p>\n<div class=\"image-ct inline\">\n<div class=\"m\"><picture><source media=\"(max-width: 767px)\" srcset=\"https:\/\/a57.foxnews.com\/static.foxnews.com\/foxnews.com\/content\/uploads\/2022\/08\/343\/192\/Israel-Palestine.jpg?ve=1&amp;tl=1, https:\/\/a57.foxnews.com\/static.foxnews.com\/foxnews.com\/content\/uploads\/2022\/08\/686\/384\/Israel-Palestine.jpg?ve=1&amp;tl=1 2x\" height=\"192\" width=\"343\"><source media=\"(min-width: 768px) and (max-width: 1023px)\" srcset=\"https:\/\/a57.foxnews.com\/static.foxnews.com\/foxnews.com\/content\/uploads\/2022\/08\/672\/378\/Israel-Palestine.jpg?ve=1&amp;tl=1, https:\/\/a57.foxnews.com\/static.foxnews.com\/foxnews.com\/content\/uploads\/2022\/08\/1344\/756\/Israel-Palestine.jpg?ve=1&amp;tl=1 2x\" height=\"378\" width=\"672\"><source media=\"(min-width: 1024px) and (max-width: 1279px)\" srcset=\"https:\/\/a57.foxnews.com\/static.foxnews.com\/foxnews.com\/content\/uploads\/2022\/08\/931\/523\/Israel-Palestine.jpg?ve=1&amp;tl=1, https:\/\/a57.foxnews.com\/static.foxnews.com\/foxnews.com\/content\/uploads\/2022\/08\/1862\/1046\/Israel-Palestine.jpg?ve=1&amp;tl=1 2x\" height=\"523\" width=\"931\"><source media=\"(min-width: 1280px)\" srcset=\"https:\/\/a57.foxnews.com\/static.foxnews.com\/foxnews.com\/content\/uploads\/2022\/08\/720\/405\/Israel-Palestine.jpg?ve=1&amp;tl=1, https:\/\/a57.foxnews.com\/static.foxnews.com\/foxnews.com\/content\/uploads\/2022\/08\/1440\/810\/Israel-Palestine.jpg?ve=1&amp;tl=1 2x\" height=\"405\" width=\"720\"><img loading=\"lazy\" decoding=\"async\" src=\"https:\/\/a57.foxnews.com\/static.foxnews.com\/foxnews.com\/content\/uploads\/2022\/08\/1200\/675\/Israel-Palestine.jpg?ve=1&amp;tl=1\" alt=\"Israel-Palestina\" width=\"1200\" height=\"675\"\/><\/source><\/source><\/source><\/source><\/picture><\/div>\n<div class=\"info\">\n<div class=\"caption\">\n<p><span>Los cohetes se lanzan desde la Franja de Gaza hacia Israel, en la ciudad de Gaza, el domingo 7 de agosto de 2022.<\/span> <span>(AP Photo\/Hatem Moussa)<\/span><\/p>\n<\/div>\n<\/div>\n<\/div>\n<p>\u00abEl 30 de marzo, el primer d\u00eda de Eid, los ataques israel\u00edes contra Gaza mataron a docenas de palestinos, lo que se suma al n\u00famero de muertos desde que Israel viol\u00f3 el acuerdo de alto el fuego. Israel ahora est\u00e1 en el proceso de promulgar el desplazamiento forzado m\u00e1s grande, ordenando cientos de miles de palestinos de Rafah. \u00bfC\u00f3mo este final no puede? \u00bfEs el objetivo la destrucci\u00f3n completa de Gaza? <\/p>\n<p>En agosto de 2019, los funcionarios israel\u00edes bloquearon representantes estadounidenses. <u>Imprudente<\/u>D-Mich., E Ilhan Omar, D-Minn., Al ingresar al pa\u00eds despu\u00e9s de la presi\u00f3n del presidente Donald Trump.<\/p>\n<p><strong><u>Haga clic aqu\u00ed para obtener la aplicaci\u00f3n Fox News<\/u><\/strong><\/p>\n<div class=\"image-ct inline\">\n<div class=\"m\"><picture><source media=\"(max-width: 767px)\" srcset=\"https:\/\/a57.foxnews.com\/static.foxnews.com\/foxnews.com\/content\/uploads\/2025\/04\/343\/192\/benjamin-netanyahu.jpg?ve=1&amp;tl=1, https:\/\/a57.foxnews.com\/static.foxnews.com\/foxnews.com\/content\/uploads\/2025\/04\/686\/384\/benjamin-netanyahu.jpg?ve=1&amp;tl=1 2x\" height=\"192\" width=\"343\"><source media=\"(min-width: 768px) and (max-width: 1023px)\" srcset=\"https:\/\/a57.foxnews.com\/static.foxnews.com\/foxnews.com\/content\/uploads\/2025\/04\/672\/378\/benjamin-netanyahu.jpg?ve=1&amp;tl=1, https:\/\/a57.foxnews.com\/static.foxnews.com\/foxnews.com\/content\/uploads\/2025\/04\/1344\/756\/benjamin-netanyahu.jpg?ve=1&amp;tl=1 2x\" height=\"378\" width=\"672\"><source media=\"(min-width: 1024px) and (max-width: 1279px)\" srcset=\"https:\/\/a57.foxnews.com\/static.foxnews.com\/foxnews.com\/content\/uploads\/2025\/04\/931\/523\/benjamin-netanyahu.jpg?ve=1&amp;tl=1, https:\/\/a57.foxnews.com\/static.foxnews.com\/foxnews.com\/content\/uploads\/2025\/04\/1862\/1046\/benjamin-netanyahu.jpg?ve=1&amp;tl=1 2x\" height=\"523\" width=\"931\"><source media=\"(min-width: 1280px)\" srcset=\"https:\/\/a57.foxnews.com\/static.foxnews.com\/foxnews.com\/content\/uploads\/2025\/04\/720\/405\/benjamin-netanyahu.jpg?ve=1&amp;tl=1, https:\/\/a57.foxnews.com\/static.foxnews.com\/foxnews.com\/content\/uploads\/2025\/04\/1440\/810\/benjamin-netanyahu.jpg?ve=1&amp;tl=1 2x\" height=\"405\" width=\"720\"><img loading=\"lazy\" decoding=\"async\" src=\"https:\/\/a57.foxnews.com\/static.foxnews.com\/foxnews.com\/content\/uploads\/2025\/04\/1200\/675\/benjamin-netanyahu.jpg?ve=1&amp;tl=1\" alt=\"Israel Primer Ministro Benjamin Netanyahu\" width=\"1200\" height=\"675\"\/><\/source><\/source><\/source><\/source><\/picture><\/div>\n<div class=\"info\">\n<div class=\"caption\">\n<p><span>En esta imagen hecha de un video publicado por la oficina de prensa del gobierno israel\u00ed, el primer ministro Benjamin Netanyahu da una declaraci\u00f3n el martes 18 de marzo de 2025 en Tel Aviv, Israel.<\/span> <span>(Oficina de prensa del gobierno israel\u00ed a trav\u00e9s de AP)<\/span><\/p>\n<\/div>\n<\/div>\n<\/div>\n<p>El primer ministro israel\u00ed, Benjamin Netanyahu, dijo en un comunicado en el momento que el itinerario de Talib y Omar \u00abrevel\u00f3 que planearon una visita cuyo \u00fanico objetivo es fortalecer el boicot contra nosotros y negar la legitimidad de Israel\u00bb.<\/p>\n<p><i>Brie Stimson de Fox News contribuy\u00f3 a este informe.<\/i><\/p>\n<\/div>\n\n","protected":false},"excerpt":{"rendered":"<p>\u00danase a Fox News para acceder a este contenido Has alcanzado su n\u00famero m\u00e1ximo de art\u00edculos. Inicie sesi\u00f3n o cree una cuenta de forma gratuita para continuar leyendo. Al ingresar su correo electr\u00f3nico y presionar continuar, usted acepta los t\u00e9rminos de uso y la pol\u00edtica de privacidad de Fox News, que incluye nuestro aviso de &hellip;<\/p>\n","protected":false},"author":1,"featured_media":21928,"comment_status":"open","ping_status":"open","sticky":false,"template":"","format":"standard","meta":{"fifu_image_url":"https:\/\/static.foxnews.com\/foxnews.com\/content\/uploads\/2025\/04\/untitled-design-33.png","fifu_image_alt":"","footnotes":""},"categories":[13],"tags":[],"class_list":["post-21926","post","type-post","status-publish","format-standard","has-post-thumbnail","","category-mundo"],"_links":{"self":[{"href":"https:\/\/noticiasveraces.com\/index.php?rest_route=\/wp\/v2\/posts\/21926","targetHints":{"allow":["GET"]}}],"collection":[{"href":"https:\/\/noticiasveraces.com\/index.php?rest_route=\/wp\/v2\/posts"}],"about":[{"href":"https:\/\/noticiasveraces.com\/index.php?rest_route=\/wp\/v2\/types\/post"}],"author":[{"embeddable":true,"href":"https:\/\/noticiasveraces.com\/index.php?rest_route=\/wp\/v2\/users\/1"}],"replies":[{"embeddable":true,"href":"https:\/\/noticiasveraces.com\/index.php?rest_route=%2Fwp%2Fv2%2Fcomments&post=21926"}],"version-history":[{"count":0,"href":"https:\/\/noticiasveraces.com\/index.php?rest_route=\/wp\/v2\/posts\/21926\/revisions"}],"wp:featuredmedia":[{"embeddable":true,"href":"https:\/\/noticiasveraces.com\/index.php?rest_route=\/wp\/v2\/media\/21928"}],"wp:attachment":[{"href":"https:\/\/noticiasveraces.com\/index.php?rest_route=%2Fwp%2Fv2%2Fmedia&parent=21926"}],"wp:term":[{"taxonomy":"category","embeddable":true,"href":"https:\/\/noticiasveraces.com\/index.php?rest_route=%2Fwp%2Fv2%2Fcategories&post=21926"},{"taxonomy":"post_tag","embeddable":true,"href":"https:\/\/noticiasveraces.com\/index.php?rest_route=%2Fwp%2Fv2%2Ftags&post=21926"}],"curies":[{"name":"wp","href":"https:\/\/api.w.org\/{rel}","templated":true}]}}