{"id":21920,"date":"2025-04-07T08:05:04","date_gmt":"2025-04-07T12:05:04","guid":{"rendered":"https:\/\/noticiasveraces.com\/?p=21920"},"modified":"2025-04-07T08:05:04","modified_gmt":"2025-04-07T12:05:04","slug":"quien-era-jorge-bolano-exjugador-de-seleccion-colombia-que-fallecio-a-sus-47-anos-curiosidades-de-futbol","status":"publish","type":"post","link":"https:\/\/noticiasveraces.com\/?p=21920","title":{"rendered":"\u00bfQui\u00e9n era Jorge Bola\u00f1o, exjugador de Selecci\u00f3n Colombia que falleci\u00f3 a sus 47 a\u00f1os? | Curiosidades de f\u00fatbol"},"content":{"rendered":"<p> \n<\/p>\n<div id=\"cuerpoArticulo\">\n<p class=\"texto intro\" id=\"p241368-m445-444-446\">Nacido en Santa Marta un 28 de abril de 1977, <b>Jorge Bola\u00f1o, se desempe\u00f1\u00f3 como centrocampista y desde su debut como jugador profesional en 1993<\/b>brill\u00f3 tanto en el f\u00fatbol colombiano, como a nivel internacional, m\u00e1s exactamente en Italia. <\/p>\n<p>Hijo de \u00d3scar Bola\u00f1o y hermano de Hugo Bola\u00f1o, ambos tambi\u00e9n jugadores profesionales, Jorge tuvo la oportunidad de jugar el Mundial de Francia 1998 y de la Copa Am\u00e9rica 1999. <\/p>\n<p class=\"texto contenido-parrafo-articulo\" id=\"p241368-m508-3-509\">Debut\u00f3 en 1993 vestido con la camiseta del Junior de Barranquilla, donde permaneci\u00f3 hasta 1999, cuando llegaron ofertas desde Italia.<\/p>\n<p>Entre tanto, su estreno con la &#8216;tricolor&#8217; se dio el 26 de octubre de 1995, durante un amistoso contra China.<\/p>\n<p>                                                    <span class=\"articulo-subtitulo subtitulo2 espacio-contenido\" id=\"p241368-m514-4-515\">Jorge Bola\u00f1os fue jugador de equipos como Junior, Parma o el Sampdoria<\/span><\/p>\n<div class=\"fotografia caja-articulo\" id=\"p241368-m520-5-521\">\n<div class=\"imagen-cuerpo-bk\">\n<figure itemscope=\"\" itemtype=\"https:\/\/schema.org\/ImageObject\" itemprop=\"image\" id=\"m525-524-526\" class=\"foto-galeria-articulo imagen-articulo foto-texto-articulo-galeria\"><img decoding=\"async\" alt=\"Jorge Bola\u00f1o\" src=\"data:image\/png;base64,iVBORw0KGgoAAAANSUhEUgAAAAEAAAABCAQAAAC1HAwCAAAAC0lEQVR42mP8\/x0AAvsB+DlKarAAAAAASUVORK5CYII=\" style=\" display: inline;\" data-original=\"\/files\/article_content\/uploads\/2025\/04\/06\/67f32839525ec.jpeg\"\/><meta itemprop=\"width\" content=\"600\"\/><meta itemprop=\"height\" content=\"450\"\/> <meta itemprop=\"url\" content=\"https:\/\/www.futbolred.com\/files\/article_content\/uploads\/2025\/04\/06\/67f32839525ec.jpeg\"\/><\/figure>\n<\/div>\n<div class=\"figcaption-cuerpo-bk credito-image-bk\"><figcaption class=\"foto-info\">\n<p class=\"credito\">\n                            <span class=\"linea pre_credito\">Foto:<\/span><\/p>\n<p>                        <span id=\"m538-2-539\" class=\"autor\">Tomado de @jorgebolano06<\/span><\/p>\n<\/figcaption><\/div>\n<\/p><\/div>\n<p class=\"texto contenido-parrafo-articulo\" id=\"p241368-m546-6-547\">Su primer equipo en territorio europeo fue el Parma, donde se consagr\u00f3 campe\u00f3n de la Copa Italia 2002. <\/p>\n<p>All\u00ed se mantuvo hasta la temporada 02\/03, pues fue transferido al Sampdoria y un a\u00f1o despu\u00e9s, represent\u00f3 al Lecce. Ya en el 2005 retorn\u00f3 al Parma y se mantuvo hasta el 2007. <\/p>\n<p>Su camino en Italia finaliz\u00f3 con el Modena y posteriormente, regres\u00f3 al f\u00fatbol colombiano en el 2010 para firmar su retiro con el C\u00facuta Deportivo en el 2012.<\/p>\n<p>                                                    <span class=\"articulo-subtitulo subtitulo2 espacio-contenido\" id=\"p241368-m552-7-553\">Perdi\u00f3 la vida a sus 47 a\u00f1os por un infarto<\/span><\/p>\n<div class=\"fotografia caja-articulo\" id=\"p241368-m558-8-559\">\n<div class=\"imagen-cuerpo-bk\">\n<figure itemscope=\"\" itemtype=\"https:\/\/schema.org\/ImageObject\" itemprop=\"image\" id=\"m563-562-564\" class=\"foto-galeria-articulo imagen-articulo foto-texto-articulo-galeria\"><img decoding=\"async\" alt=\"Jorge Bola\u00f1o en C\u00facuta Deportivo\" src=\"data:image\/png;base64,iVBORw0KGgoAAAANSUhEUgAAAAEAAAABCAQAAAC1HAwCAAAAC0lEQVR42mP8\/x0AAvsB+DlKarAAAAAASUVORK5CYII=\" style=\" display: inline;\" data-original=\"\/files\/article_content\/uploads\/2025\/04\/06\/67f32cb6a12b1.jpeg\"\/><meta itemprop=\"width\" content=\"600\"\/><meta itemprop=\"height\" content=\"450\"\/> <meta itemprop=\"url\" content=\"https:\/\/www.futbolred.com\/files\/article_content\/uploads\/2025\/04\/06\/67f32cb6a12b1.jpeg\"\/><\/figure>\n<\/div>\n<div class=\"figcaption-cuerpo-bk credito-image-bk\"><figcaption class=\"foto-info\">\n<div class=\"titulo-foto-bk\">\n<p id=\"m570-1-571\" class=\"titulo pie-de-foto\">Jorge Bola\u00f1o en C\u00facuta Deportivo<\/p>\n<\/div>\n<p class=\"credito\">\n                            <span class=\"linea pre_credito\">Foto:<\/span><\/p>\n<p>                        <span id=\"m576-2-577\" class=\"autor\">Archivo El Tiempo<\/span><\/p>\n<\/figcaption><\/div>\n<\/p><\/div>\n<p class=\"texto contenido-parrafo-articulo\" id=\"p241368-m584-9-585\"><b>Fue campe\u00f3n con Junior en 1993 y 1995, disput\u00f3 un partido del Mundial 98, tres en Copa Am\u00e9rica y otros cuatro m\u00e1s en la Copa Oro 2000.<\/b><\/p>\n<p>Disput\u00f3 m\u00e1s de 350 partidos oficiales, incluyendo juegos con la Selecci\u00f3n Colombia, que le abri\u00f3 sus puertas como asistente t\u00e9cnico de Juan Carlos Ram\u00edrez en la categor\u00eda Sub-17 entre el 2022 y 2024.<\/p>\n<p class=\"texto contenido-parrafo-articulo\" id=\"p241368-m596-11-597\">Adem\u00e1s, integr\u00f3 el cuerpo t\u00e9cnico del Uniaut\u00f3noma FC y se desempe\u00f1\u00f3 como entrenador del Real Frontera en la segunda divisi\u00f3n de Venezuela en el 2017.<\/p>\n<p>Con 47 a\u00f1os, Jorge Bola\u00f1os perdi\u00f3 la vida en C\u00facuta, este domingo 6 de abril, a ra\u00edz de un infarto mientras se encontraba en una fiesta, seg\u00fan las primeras versiones.<\/p>\n<\/p><\/div>\n\n","protected":false},"excerpt":{"rendered":"<p>Nacido en Santa Marta un 28 de abril de 1977, Jorge Bola\u00f1o, se desempe\u00f1\u00f3 como centrocampista y desde su debut como jugador profesional en 1993brill\u00f3 tanto en el f\u00fatbol colombiano, como a nivel internacional, m\u00e1s exactamente en Italia. Hijo de \u00d3scar Bola\u00f1o y hermano de Hugo Bola\u00f1o, ambos tambi\u00e9n jugadores profesionales, Jorge tuvo la oportunidad &hellip;<\/p>\n","protected":false},"author":1,"featured_media":21921,"comment_status":"open","ping_status":"open","sticky":false,"template":"","format":"standard","meta":{"fifu_image_url":"https:\/\/www.futbolred.com\/files\/og_thumbnail\/uploads\/2025\/04\/06\/67f32aca6c187.jpeg","fifu_image_alt":"","footnotes":""},"categories":[6],"tags":[],"class_list":["post-21920","post","type-post","status-publish","format-standard","has-post-thumbnail","","category-deportes"],"_links":{"self":[{"href":"https:\/\/noticiasveraces.com\/index.php?rest_route=\/wp\/v2\/posts\/21920","targetHints":{"allow":["GET"]}}],"collection":[{"href":"https:\/\/noticiasveraces.com\/index.php?rest_route=\/wp\/v2\/posts"}],"about":[{"href":"https:\/\/noticiasveraces.com\/index.php?rest_route=\/wp\/v2\/types\/post"}],"author":[{"embeddable":true,"href":"https:\/\/noticiasveraces.com\/index.php?rest_route=\/wp\/v2\/users\/1"}],"replies":[{"embeddable":true,"href":"https:\/\/noticiasveraces.com\/index.php?rest_route=%2Fwp%2Fv2%2Fcomments&post=21920"}],"version-history":[{"count":0,"href":"https:\/\/noticiasveraces.com\/index.php?rest_route=\/wp\/v2\/posts\/21920\/revisions"}],"wp:featuredmedia":[{"embeddable":true,"href":"https:\/\/noticiasveraces.com\/index.php?rest_route=\/wp\/v2\/media\/21921"}],"wp:attachment":[{"href":"https:\/\/noticiasveraces.com\/index.php?rest_route=%2Fwp%2Fv2%2Fmedia&parent=21920"}],"wp:term":[{"taxonomy":"category","embeddable":true,"href":"https:\/\/noticiasveraces.com\/index.php?rest_route=%2Fwp%2Fv2%2Fcategories&post=21920"},{"taxonomy":"post_tag","embeddable":true,"href":"https:\/\/noticiasveraces.com\/index.php?rest_route=%2Fwp%2Fv2%2Ftags&post=21920"}],"curies":[{"name":"wp","href":"https:\/\/api.w.org\/{rel}","templated":true}]}}