{"id":21910,"date":"2025-04-07T06:09:55","date_gmt":"2025-04-07T10:09:55","guid":{"rendered":"https:\/\/noticiasveraces.com\/?p=21910"},"modified":"2025-04-07T06:09:55","modified_gmt":"2025-04-07T10:09:55","slug":"trump-y-netanyahu-se-reuniran-en-la-casa-blanca-sobre-tarifas-guerra-de-gaza-e-iran","status":"publish","type":"post","link":"https:\/\/noticiasveraces.com\/?p=21910","title":{"rendered":"Trump y Netanyahu se reunir\u00e1n en la Casa Blanca sobre tarifas, guerra de Gaza e Ir\u00e1n"},"content":{"rendered":"<p> \n<\/p>\n<div>\n<p class=\"speakable\">Se espera que el primer ministro israel\u00ed, Benjamin Netanyahu, se re\u00fana el presidente Donald Trump en la Casa Blanca el lunes, con los aranceles globales recientemente impuestos de Washington para formar parte de sus conversaciones.<\/p>\n<p class=\"speakable\">\u00abEsta reuni\u00f3n llega en un momento cr\u00edtico en muchos temas clave: los esfuerzos para devolver a nuestros rehenes que Hamas, la inestabilidad en Siria y las amenazas planteadas por los representantes iran\u00edes\u00bb, dijo el embajador israel\u00ed en el Yechiel Leiter de Estados Unidos a Fox Digital.<\/p>\n<p>\u00abTambi\u00e9n se discutir\u00e1 la reciente implementaci\u00f3n de la pol\u00edtica arancelaria. As\u00ed como el primer ministro Netanyahu fue el primer l\u00edder mundial en visitar al presidente Trump en su segundo mandato en la Casa Blanca, ahora es el primer l\u00edder en reunirse con el presidente con respecto a la profundizaci\u00f3n de los lazos econ\u00f3micos y poner en orden las relaciones comerciales\u00bb, agreg\u00f3.<\/p>\n<p>Netanyahu se reuni\u00f3 por \u00faltima vez con Trump en Washington el 4 de febrero. <\/p>\n<p><strong>El primer ministro del Reino Unido admitir\u00e1 que &#8216;la globalizaci\u00f3n ha terminado&#8217; en respuesta a las tarifas de Trump: informe<\/strong><\/p>\n<div class=\"image-ct inline\">\n<div class=\"m\"><picture><source media=\"(max-width: 767px)\" srcset=\"https:\/\/a57.foxnews.com\/static.foxnews.com\/foxnews.com\/content\/uploads\/2025\/04\/343\/192\/trumptariffs.png?ve=1&amp;tl=1, https:\/\/a57.foxnews.com\/static.foxnews.com\/foxnews.com\/content\/uploads\/2025\/04\/686\/384\/trumptariffs.png?ve=1&amp;tl=1 2x\" height=\"192\" width=\"343\"><source media=\"(min-width: 768px) and (max-width: 1023px)\" srcset=\"https:\/\/a57.foxnews.com\/static.foxnews.com\/foxnews.com\/content\/uploads\/2025\/04\/672\/378\/trumptariffs.png?ve=1&amp;tl=1, https:\/\/a57.foxnews.com\/static.foxnews.com\/foxnews.com\/content\/uploads\/2025\/04\/1344\/756\/trumptariffs.png?ve=1&amp;tl=1 2x\" height=\"378\" width=\"672\"><source media=\"(min-width: 1024px) and (max-width: 1279px)\" srcset=\"https:\/\/a57.foxnews.com\/static.foxnews.com\/foxnews.com\/content\/uploads\/2025\/04\/931\/523\/trumptariffs.png?ve=1&amp;tl=1, https:\/\/a57.foxnews.com\/static.foxnews.com\/foxnews.com\/content\/uploads\/2025\/04\/1862\/1046\/trumptariffs.png?ve=1&amp;tl=1 2x\" height=\"523\" width=\"931\"><source media=\"(min-width: 1280px)\" srcset=\"https:\/\/a57.foxnews.com\/static.foxnews.com\/foxnews.com\/content\/uploads\/2025\/04\/720\/405\/trumptariffs.png?ve=1&amp;tl=1, https:\/\/a57.foxnews.com\/static.foxnews.com\/foxnews.com\/content\/uploads\/2025\/04\/1440\/810\/trumptariffs.png?ve=1&amp;tl=1 2x\" height=\"405\" width=\"720\"><img loading=\"lazy\" decoding=\"async\" src=\"https:\/\/a57.foxnews.com\/static.foxnews.com\/foxnews.com\/content\/uploads\/2025\/04\/1200\/675\/trumptariffs.png?ve=1&amp;tl=1\" alt=\"Tarifas de Trump\" width=\"1200\" height=\"675\"\/><\/source><\/source><\/source><\/source><\/picture><\/div>\n<div class=\"info\">\n<div class=\"caption\">\n<p><span>El presidente Donald Trump celebra una tabla mientras ofrece comentarios sobre aranceles rec\u00edprocos durante un evento en la Casa Blanca el 2 de abril de 2025.<\/span> <span>(Brendan Smialowski\/AFP a trav\u00e9s de Getty Images)<\/span><\/p>\n<\/div>\n<\/div>\n<\/div>\n<p>En el anuncio del \u00abD\u00eda de Liberaci\u00f3n\u00bb del mi\u00e9rcoles, un arancel del 17% sobre los bienes importados de Israel, una l\u00ednea de base del 10% en todos los pa\u00edses que entr\u00f3 en vigencia el 5 de abril y un 7% adicional, estaba programada para el 9 de abril.<\/p>\n<p>\u00abEl temor es que estas tarifas da\u00f1ar\u00e1n las exportaciones de diamantes, as\u00ed como sistemas de alta tecnolog\u00eda o de defensa como los drones. Si nuestros ingresos se redujeran como resultado, esto ser\u00eda un problema\u00bb, dijo Alex Coman, un experto en creaci\u00f3n de valor en el Instituto de Tecnolog\u00eda Holon en Israel, a Fox News Digital. <\/p>\n<p>\u00abEstos aranceles fueron una sorpresa. Antes de esta decisi\u00f3n, hubo muy pocos impuestos, muchos productos no los ten\u00edan y el ministro de Finanzas Israel\u00ed, Bezalel Smotrich, elimin\u00f3 a los que exist\u00edan,\u00bb y agreg\u00f3: \u00abComo tal, soy muy optimista de que estas tarifas se reducir\u00e1n\u00bb.<\/p>\n<p><strong>Aqu\u00ed hay una mirada m\u00e1s cercana al plan de tarifa de Trump: qu\u00e9 saber sobre las nuevas tareas<\/strong><\/p>\n<div class=\"image-ct inline\">\n<div class=\"m\"><picture><source media=\"(max-width: 767px)\" srcset=\"https:\/\/a57.foxnews.com\/static.foxnews.com\/foxnews.com\/content\/uploads\/2025\/04\/343\/192\/netanyahu.jpg?ve=1&amp;tl=1, https:\/\/a57.foxnews.com\/static.foxnews.com\/foxnews.com\/content\/uploads\/2025\/04\/686\/384\/netanyahu.jpg?ve=1&amp;tl=1 2x\" height=\"192\" width=\"343\"><source media=\"(min-width: 768px) and (max-width: 1023px)\" srcset=\"https:\/\/a57.foxnews.com\/static.foxnews.com\/foxnews.com\/content\/uploads\/2025\/04\/672\/378\/netanyahu.jpg?ve=1&amp;tl=1, https:\/\/a57.foxnews.com\/static.foxnews.com\/foxnews.com\/content\/uploads\/2025\/04\/1344\/756\/netanyahu.jpg?ve=1&amp;tl=1 2x\" height=\"378\" width=\"672\"><source media=\"(min-width: 1024px) and (max-width: 1279px)\" srcset=\"https:\/\/a57.foxnews.com\/static.foxnews.com\/foxnews.com\/content\/uploads\/2025\/04\/931\/523\/netanyahu.jpg?ve=1&amp;tl=1, https:\/\/a57.foxnews.com\/static.foxnews.com\/foxnews.com\/content\/uploads\/2025\/04\/1862\/1046\/netanyahu.jpg?ve=1&amp;tl=1 2x\" height=\"523\" width=\"931\"><source media=\"(min-width: 1280px)\" srcset=\"https:\/\/a57.foxnews.com\/static.foxnews.com\/foxnews.com\/content\/uploads\/2025\/04\/720\/405\/netanyahu.jpg?ve=1&amp;tl=1, https:\/\/a57.foxnews.com\/static.foxnews.com\/foxnews.com\/content\/uploads\/2025\/04\/1440\/810\/netanyahu.jpg?ve=1&amp;tl=1 2x\" height=\"405\" width=\"720\"><img loading=\"lazy\" decoding=\"async\" src=\"https:\/\/a57.foxnews.com\/static.foxnews.com\/foxnews.com\/content\/uploads\/2025\/04\/1200\/675\/netanyahu.jpg?ve=1&amp;tl=1\" alt=\"Benjamin Netanyahu con avi\u00f3n israel\u00ed y militar en segundo plano\" width=\"1200\" height=\"675\"\/><\/source><\/source><\/source><\/source><\/picture><\/div>\n<div class=\"info\">\n<div class=\"caption\">\n<p><span>El primer ministro israel\u00ed Benjamin Netanyahu se va a los Estados Unidos despu\u00e9s de su visita a Hungr\u00eda.<\/span> <span>(GPO)<\/span><\/p>\n<\/div>\n<\/div>\n<\/div>\n<p>El comercio total de bienes de EE. UU. Con Israel fue un estimado de $ 37.0 mil millones en 2024, incluidos $ 14.8 mil millones en exportaciones, un 5.8% m\u00e1s ($ 813.7 millones) desde 2023, seg\u00fan la oficina del representante comercial de los Estados Unidos. Las importaciones de bienes de EE. UU. De Israel totalizaron $ 22.2 mil millones en 2024, un 6,7% m\u00e1s ($ 1.4 mil millones) del a\u00f1o anterior.<\/p>\n<p>El d\u00e9ficit comercial de los Estados Unidos con Israel fue de $ 7.4 mil millones en 2024, un aumento del 8.6% ($ 587.0 millones) sobre 2023.<\/p>\n<p>Seg\u00fan los informes, la administraci\u00f3n Trump calcul\u00f3 la tarifa dividiendo el d\u00e9ficit comercial ($ 7.4 mil millones) por el valor de las importaciones a Estados Unidos ($ 22.2 mil millones) y luego esencialmente a la mitad de la cifra para alcanzar el 17%.<\/p>\n<p>El sujeto se plante\u00f3 durante una llamada telef\u00f3nica entre Trump y Netanyahu el jueves, y el primer ministro h\u00fangaro, Viktor Orb\u00e1n, tambi\u00e9n participa. Al d\u00eda siguiente, el Secretario de Estado Marco Rubio habl\u00f3 con el primer ministro israel\u00ed para \u00absubrayar el apoyo de los Estados Unidos a Israel\u00bb, seg\u00fan una lectura estadounidense de la llamada.<\/p>\n<p><strong>Israel mata al terrorista vinculado a los asesinatos de bibas, secuestros de ciudadanos estadounidenses<\/strong><\/p>\n<div class=\"image-ct inline\">\n<div class=\"m\"><picture><source media=\"(max-width: 767px)\" srcset=\"https:\/\/a57.foxnews.com\/static.foxnews.com\/foxnews.com\/content\/uploads\/2025\/04\/343\/192\/haifa-port-israel-scaled.jpg?ve=1&amp;tl=1, https:\/\/a57.foxnews.com\/static.foxnews.com\/foxnews.com\/content\/uploads\/2025\/04\/686\/384\/haifa-port-israel-scaled.jpg?ve=1&amp;tl=1 2x\" height=\"192\" width=\"343\"><source media=\"(min-width: 768px) and (max-width: 1023px)\" srcset=\"https:\/\/a57.foxnews.com\/static.foxnews.com\/foxnews.com\/content\/uploads\/2025\/04\/672\/378\/haifa-port-israel-scaled.jpg?ve=1&amp;tl=1, https:\/\/a57.foxnews.com\/static.foxnews.com\/foxnews.com\/content\/uploads\/2025\/04\/1344\/756\/haifa-port-israel-scaled.jpg?ve=1&amp;tl=1 2x\" height=\"378\" width=\"672\"><source media=\"(min-width: 1024px) and (max-width: 1279px)\" srcset=\"https:\/\/a57.foxnews.com\/static.foxnews.com\/foxnews.com\/content\/uploads\/2025\/04\/931\/523\/haifa-port-israel-scaled.jpg?ve=1&amp;tl=1, https:\/\/a57.foxnews.com\/static.foxnews.com\/foxnews.com\/content\/uploads\/2025\/04\/1862\/1046\/haifa-port-israel-scaled.jpg?ve=1&amp;tl=1 2x\" height=\"523\" width=\"931\"><source media=\"(min-width: 1280px)\" srcset=\"https:\/\/a57.foxnews.com\/static.foxnews.com\/foxnews.com\/content\/uploads\/2025\/04\/720\/405\/haifa-port-israel-scaled.jpg?ve=1&amp;tl=1, https:\/\/a57.foxnews.com\/static.foxnews.com\/foxnews.com\/content\/uploads\/2025\/04\/1440\/810\/haifa-port-israel-scaled.jpg?ve=1&amp;tl=1 2x\" height=\"405\" width=\"720\"><img loading=\"lazy\" decoding=\"async\" src=\"https:\/\/a57.foxnews.com\/static.foxnews.com\/foxnews.com\/content\/uploads\/2025\/04\/1200\/675\/haifa-port-israel-scaled.jpg?ve=1&amp;tl=1\" alt=\"Puerto de Haifa, Israel\" width=\"1200\" height=\"675\"\/><\/source><\/source><\/source><\/source><\/picture><\/div>\n<div class=\"info\">\n<div class=\"caption\">\n<p><span>Gantry Grules en el muelle en el puerto de contenedores de Haifa, Israel. <\/span> <span>(Grupo de im\u00e1genes Planet One Images\/UCG\/Universal a trav\u00e9s de Getty Images)<\/span><\/p>\n<\/div>\n<\/div>\n<\/div>\n<p>El movimiento de Trump sorprendi\u00f3 a Netanyahu, lo que lo llev\u00f3 a comenzar los esfuerzos para negociar una reducci\u00f3n de la tarifa al 10%. Smotrich tambi\u00e9n firm\u00f3 una orden para eliminar los \u00faltimos aranceles israel\u00edes restantes sobre la importaci\u00f3n de bienes agr\u00edcolas principalmente de los Estados Unidos. <\/p>\n<p>Jerusal\u00e9n y Washington firmaron un acuerdo de libre comercio en 1985, el primer acuerdo de los Estados Unidos, y desde entonces, alrededor del 98% de los bienes han sido negociados libres de impuestos.<\/p>\n<p>Netanyahu y Trump tambi\u00e9n discutir\u00e1n la guerra contra Hamas en la Franja de Gaza junto con los esfuerzos para liberar a los 59 rehenes restantes tomados durante el ataque terrorista de Hamas el 7 de octubre de 2023; La intervenci\u00f3n militar de Turqu\u00eda en nombre del nuevo liderazgo vinculado a Al Qaeda en Siria; la amenaza nuclear iran\u00ed; y la batalla en curso para frustrar las \u00f3rdenes de arresto de la Corte Penal Internacional para los l\u00edderes israel\u00edes, seg\u00fan la oficina del primer ministro en Jerusal\u00e9n.<\/p>\n<div class=\"image-ct inline\">\n<div class=\"m\"><picture><source media=\"(max-width: 767px)\" srcset=\"https:\/\/a57.foxnews.com\/static.foxnews.com\/foxnews.com\/content\/uploads\/2023\/10\/343\/192\/9e58f94c-GettyImages-1734236099-e1697748151603.jpg?ve=1&amp;tl=1, https:\/\/a57.foxnews.com\/static.foxnews.com\/foxnews.com\/content\/uploads\/2023\/10\/686\/384\/9e58f94c-GettyImages-1734236099-e1697748151603.jpg?ve=1&amp;tl=1 2x\" height=\"192\" width=\"343\"><source media=\"(min-width: 768px) and (max-width: 1023px)\" srcset=\"https:\/\/a57.foxnews.com\/static.foxnews.com\/foxnews.com\/content\/uploads\/2023\/10\/672\/378\/9e58f94c-GettyImages-1734236099-e1697748151603.jpg?ve=1&amp;tl=1, https:\/\/a57.foxnews.com\/static.foxnews.com\/foxnews.com\/content\/uploads\/2023\/10\/1344\/756\/9e58f94c-GettyImages-1734236099-e1697748151603.jpg?ve=1&amp;tl=1 2x\" height=\"378\" width=\"672\"><source media=\"(min-width: 1024px) and (max-width: 1279px)\" srcset=\"https:\/\/a57.foxnews.com\/static.foxnews.com\/foxnews.com\/content\/uploads\/2023\/10\/931\/523\/9e58f94c-GettyImages-1734236099-e1697748151603.jpg?ve=1&amp;tl=1, https:\/\/a57.foxnews.com\/static.foxnews.com\/foxnews.com\/content\/uploads\/2023\/10\/1862\/1046\/9e58f94c-GettyImages-1734236099-e1697748151603.jpg?ve=1&amp;tl=1 2x\" height=\"523\" width=\"931\"><source media=\"(min-width: 1280px)\" srcset=\"https:\/\/a57.foxnews.com\/static.foxnews.com\/foxnews.com\/content\/uploads\/2023\/10\/720\/405\/9e58f94c-GettyImages-1734236099-e1697748151603.jpg?ve=1&amp;tl=1, https:\/\/a57.foxnews.com\/static.foxnews.com\/foxnews.com\/content\/uploads\/2023\/10\/1440\/810\/9e58f94c-GettyImages-1734236099-e1697748151603.jpg?ve=1&amp;tl=1 2x\" height=\"405\" width=\"720\"><img loading=\"lazy\" decoding=\"async\" src=\"https:\/\/a57.foxnews.com\/static.foxnews.com\/foxnews.com\/content\/uploads\/2023\/10\/1200\/675\/9e58f94c-GettyImages-1734236099-e1697748151603.jpg?ve=1&amp;tl=1\" alt=\"Mujer con signo de retenci\u00f3n\" width=\"1200\" height=\"675\"\/><\/source><\/source><\/source><\/source><\/picture><\/div>\n<div class=\"info\">\n<div class=\"caption\">\n<p><span>Una mujer tiene un letrero durante una protesta que llama para traer de vuelta a los rehenes.<\/span> <span>(Amir Levy\/Getty Images)<\/span><\/p>\n<\/div>\n<\/div>\n<\/div>\n<p>\u00abEl principal tema a discutir ser\u00e1 Ir\u00e1n porque parece [nuclear] Las negociaciones pueden comenzar. Creo que Netanyahu querr\u00e1 advertir a Trump con anticipaci\u00f3n \u00ab, dijo a Fox News Digital a Fox Digital. <\/p>\n<p>\u00abVimos el informe sobre Estados Unidos que envi\u00f3 una segunda bater\u00eda antimisiles THAAD a Israel en la cima del equipo que America ya est\u00e1 enviando, y querr\u00e1n coordinar todo eso juntos\u00bb, continu\u00f3. <\/p>\n<p>\u00abTambi\u00e9n hablar\u00e1n sobre la guerra en Gaza, los rehenes y los aranceles, que Netanyahu intentar\u00e1 al menos bajar. Con respecto a Turqu\u00eda, supongo que Netanyahu le pedir\u00e1 a Trump que ponga algunos l\u00edmites [President Recep Tayyip] Erdogan. Parece que tanto Israel como Turqu\u00eda est\u00e1n tratando de expandir su presencia o actividades en Siria, y podr\u00eda alcanzar un punto que podr\u00eda conducir a un conflicto militar directo \u00ab, dijo Kahana.<\/p>\n<p><strong>Haga clic aqu\u00ed para obtener la aplicaci\u00f3n Fox News<\/strong><\/p>\n<p>Al salir de Hungr\u00eda el domingo, Netanyahu dijo a los periodistas sobre la importancia de su visita para reunirse con el presidente Trump en la Casa Blanca el lunes.<\/p>\n<p>\u00abPuedo decirle que soy el primer l\u00edder internacional, el primer l\u00edder extranjero, que se reunir\u00e1 con el presidente Trump sobre este tema, lo cual es tan importante para la econom\u00eda de Israel. Hay una larga l\u00ednea de l\u00edderes que quieren hacer lo mismo con respecto a sus propias econom\u00edas. Creo que esto refleja la relaci\u00f3n personal especial y el v\u00ednculo especial entre Estados Unidos e Israel, que es tan vital en este momento\u00bb, dijo Netanyahu.<\/p>\n<p> <!----> <\/p>\n<div class=\"article-meta\">\n<div class=\"author-bio\">\n<p>Amelie Botbol es una periodista independiente con sede en Tel Aviv. Sus art\u00edculos han aparecido en el New York Post, el National Post de Canad\u00e1 y el Washington Times. Amelie se puede seguir en x @datrePorter <\/p>\n<\/div>\n<\/div>\n<\/div>\n\n","protected":false},"excerpt":{"rendered":"<p>Se espera que el primer ministro israel\u00ed, Benjamin Netanyahu, se re\u00fana el presidente Donald Trump en la Casa Blanca el lunes, con los aranceles globales recientemente impuestos de Washington para formar parte de sus conversaciones. \u00abEsta reuni\u00f3n llega en un momento cr\u00edtico en muchos temas clave: los esfuerzos para devolver a nuestros rehenes que Hamas, &hellip;<\/p>\n","protected":false},"author":1,"featured_media":21912,"comment_status":"open","ping_status":"open","sticky":false,"template":"","format":"standard","meta":{"fifu_image_url":"https:\/\/static.foxnews.com\/foxnews.com\/content\/uploads\/2025\/02\/netanyahu-trump.jpg","fifu_image_alt":"","footnotes":""},"categories":[13],"tags":[],"class_list":["post-21910","post","type-post","status-publish","format-standard","has-post-thumbnail","","category-mundo"],"_links":{"self":[{"href":"https:\/\/noticiasveraces.com\/index.php?rest_route=\/wp\/v2\/posts\/21910","targetHints":{"allow":["GET"]}}],"collection":[{"href":"https:\/\/noticiasveraces.com\/index.php?rest_route=\/wp\/v2\/posts"}],"about":[{"href":"https:\/\/noticiasveraces.com\/index.php?rest_route=\/wp\/v2\/types\/post"}],"author":[{"embeddable":true,"href":"https:\/\/noticiasveraces.com\/index.php?rest_route=\/wp\/v2\/users\/1"}],"replies":[{"embeddable":true,"href":"https:\/\/noticiasveraces.com\/index.php?rest_route=%2Fwp%2Fv2%2Fcomments&post=21910"}],"version-history":[{"count":0,"href":"https:\/\/noticiasveraces.com\/index.php?rest_route=\/wp\/v2\/posts\/21910\/revisions"}],"wp:featuredmedia":[{"embeddable":true,"href":"https:\/\/noticiasveraces.com\/index.php?rest_route=\/wp\/v2\/media\/21912"}],"wp:attachment":[{"href":"https:\/\/noticiasveraces.com\/index.php?rest_route=%2Fwp%2Fv2%2Fmedia&parent=21910"}],"wp:term":[{"taxonomy":"category","embeddable":true,"href":"https:\/\/noticiasveraces.com\/index.php?rest_route=%2Fwp%2Fv2%2Fcategories&post=21910"},{"taxonomy":"post_tag","embeddable":true,"href":"https:\/\/noticiasveraces.com\/index.php?rest_route=%2Fwp%2Fv2%2Ftags&post=21910"}],"curies":[{"name":"wp","href":"https:\/\/api.w.org\/{rel}","templated":true}]}}