{"id":21891,"date":"2025-04-07T04:05:30","date_gmt":"2025-04-07T08:05:30","guid":{"rendered":"https:\/\/noticiasveraces.com\/?p=21891"},"modified":"2025-04-07T04:05:30","modified_gmt":"2025-04-07T08:05:30","slug":"sanchez-viaja-a-china-y-vietnam-para-diversificar-mercados-dw-07-04-2025","status":"publish","type":"post","link":"https:\/\/noticiasveraces.com\/?p=21891","title":{"rendered":"S\u00e1nchez viaja a China y Vietnam para diversificar mercados \u2013 DW \u2013 07\/04\/2025"},"content":{"rendered":"<p> \n<\/p>\n<div>\n<p>El presidente del Gobierno de Espa\u00f1a,Pedro S\u00e1nchez, viaja este lunes (7.054.2025) a China\u00a0y Vietnam, en una gira en la que explorar\u00e1 diversificar mercados, pero no sustituir la relaci\u00f3n comercial de Espa\u00f1a con Estados Unidos, en medio de la guerra comercial desatada por el presidente estadounidense, Donald Trump.<\/p>\n<p>La gira no es una respuesta a esa guerra comercial porque el viaje ya estaba previsto de antemano, ni es un viaje contra nadie, aseguran fuentes del Ejecutivo espa\u00f1ol, que s\u00ed reconocen que adquiere una relevancia especial por las consecuencias de esos aranceles, que en el caso de estos dos pa\u00edses asi\u00e1ticos son de los m\u00e1s altos.<\/p>\n<p>El nuevo escenario comercial protagonizar\u00e1, no obstante, las conversaciones de S\u00e1nchez con los dirigentes con los que se entrevistar\u00e1, entre ellos el presidente chino, Xi Jinping.<\/p>\n<p>Ser\u00e1 la tercera vez que Xi lo reciba en el Gran Palacio del Pueblo de Pek\u00edn, donde ambos ya se reunieron en marzo de 2023 y el pasado mes de septiembre, cita esta \u00faltima en la que abordaron asuntos comerciales en medio de la tensi\u00f3n arancelaria de China con la Uni\u00f3n Europea.<\/p>\n<p>En Vietnam, el jefe del Ejecutivo espa\u00f1ol se ver\u00e1 con las cuatro principales autoridades del pa\u00eds: el secretario general del Partido Comunista y m\u00e1ximo l\u00edder vietnamita, To Lam; el primer ministro, Pham Minh Chinh; el presidente, Luong Cuong; y el presidente de la Asamblea Nacional, Tran Thanh Man.<\/p>\n<p>El Gobierno espa\u00f1ol subraya que no se trata de un intento de sustituir la relaci\u00f3n existente con Estados Unidos por la que pueda incrementarse con estos pa\u00edses, sino que el objetivo es diversificar mercados en una pr\u00e1ctica que, recuerda, viene defendiendo S\u00e1nchez en la UE desde hace tiempo.<\/p>\n<p>Otro de los objetivos ser\u00e1 reducir el enorme desequilibrio comercial existente entre Espa\u00f1a y los dos pa\u00edses asi\u00e1ticos.<\/p>\n<p>Seg\u00fan los datos del Gobierno, en 2024 Espa\u00f1a import\u00f3 de Vietnam por valor de 5.200 millones de euros mientras que export\u00f3 s\u00f3lo por importe de 530 millones.<\/p>\n<p>En el caso de China, las importaciones desde este pa\u00eds ascendieron a 45.000 millones de euros y las exportaciones espa\u00f1olas fueron de 7.400.<\/p>\n<p>(Efe, DPA)<\/p>\n<\/div>\n\n","protected":false},"excerpt":{"rendered":"<p>El presidente del Gobierno de Espa\u00f1a,Pedro S\u00e1nchez, viaja este lunes (7.054.2025) a China\u00a0y Vietnam, en una gira en la que explorar\u00e1 diversificar mercados, pero no sustituir la relaci\u00f3n comercial de Espa\u00f1a con Estados Unidos, en medio de la guerra comercial desatada por el presidente estadounidense, Donald Trump. La gira no es una respuesta a esa &hellip;<\/p>\n","protected":false},"author":1,"featured_media":21892,"comment_status":"open","ping_status":"open","sticky":false,"template":"","format":"standard","meta":{"fifu_image_url":"https:\/\/static.dw.com\/image\/72127625_6.jpg","fifu_image_alt":"","footnotes":""},"categories":[13],"tags":[],"class_list":["post-21891","post","type-post","status-publish","format-standard","has-post-thumbnail","","category-mundo"],"_links":{"self":[{"href":"https:\/\/noticiasveraces.com\/index.php?rest_route=\/wp\/v2\/posts\/21891","targetHints":{"allow":["GET"]}}],"collection":[{"href":"https:\/\/noticiasveraces.com\/index.php?rest_route=\/wp\/v2\/posts"}],"about":[{"href":"https:\/\/noticiasveraces.com\/index.php?rest_route=\/wp\/v2\/types\/post"}],"author":[{"embeddable":true,"href":"https:\/\/noticiasveraces.com\/index.php?rest_route=\/wp\/v2\/users\/1"}],"replies":[{"embeddable":true,"href":"https:\/\/noticiasveraces.com\/index.php?rest_route=%2Fwp%2Fv2%2Fcomments&post=21891"}],"version-history":[{"count":0,"href":"https:\/\/noticiasveraces.com\/index.php?rest_route=\/wp\/v2\/posts\/21891\/revisions"}],"wp:featuredmedia":[{"embeddable":true,"href":"https:\/\/noticiasveraces.com\/index.php?rest_route=\/wp\/v2\/media\/21892"}],"wp:attachment":[{"href":"https:\/\/noticiasveraces.com\/index.php?rest_route=%2Fwp%2Fv2%2Fmedia&parent=21891"}],"wp:term":[{"taxonomy":"category","embeddable":true,"href":"https:\/\/noticiasveraces.com\/index.php?rest_route=%2Fwp%2Fv2%2Fcategories&post=21891"},{"taxonomy":"post_tag","embeddable":true,"href":"https:\/\/noticiasveraces.com\/index.php?rest_route=%2Fwp%2Fv2%2Ftags&post=21891"}],"curies":[{"name":"wp","href":"https:\/\/api.w.org\/{rel}","templated":true}]}}